{"id":6275,"date":"2024-07-23T14:34:16","date_gmt":"2024-07-23T14:34:16","guid":{"rendered":"https:\/\/tvbrazilusa.com\/2024\/07\/23\/oposicao-aperta-o-cerco-sobre-possiveis-negocios-de-lulinha-em-cuba-paulo-figueiredo\/"},"modified":"2024-07-23T14:52:06","modified_gmt":"2024-07-23T14:52:06","slug":"oposicao-aperta-o-cerco-sobre-possiveis-negocios-de-lulinha-em-cuba-paulo-figueiredo","status":"publish","type":"post","link":"https:\/\/tvbrazilusa.com\/pt\/2024\/07\/23\/oposicao-aperta-o-cerco-sobre-possiveis-negocios-de-lulinha-em-cuba-paulo-figueiredo\/","title":{"rendered":"Oposi\u00e7\u00e3o aperta o cerco sobre poss\u00edveis neg\u00f3cios de Lulinha em Cuba &#8211; Paulo Figueiredo"},"content":{"rendered":"<p> <script async src=\"https:\/\/pagead2.googlesyndication.com\/pagead\/js\/adsbygoogle.js?client=ca-pub-8864793242727901\"\r\n     crossorigin=\"anonymous\"><\/script><br \/>\n<\/p>\n<div id=\"wtr-content\" data-bg=\"#FFFFFF\" data-fg=\"#006d91\" data-width=\"25\" data-mute=\"1\" data-fgopacity=\"1.00\" data-mutedopacity=\"0.5\" data-placement=\"bottom\" data-placement-offset=\"0\" data-content-offset=\"262\" data-placement-touch=\"bottom\" data-placement-offset-touch=\"0\" data-transparent=\"\" data-shadow=\"0\" data-touch=\"1\" data-non-touch=\"1\" data-comments=\"0\" data-commentsbg=\"transparent\" data-location=\"page\" data-mutedfg=\"#006d91\" data-endfg=\"#006d91\" data-rtl=\"\">\n<h3 class=\"wp-block-heading\">Filho do presidente da Rep\u00fablica, o lulinha, estava em Havana no mesmo dia de uma viagem do petista a Cuba<\/h3>\n<p>Integrantes da\u00a0oposi\u00e7\u00e3o ao governo Lula\u00a0apresentaram requerimentos de\u00a0<strong>informa\u00e7\u00e3o ao Minist\u00e9rio de Rela\u00e7\u00f5es Exteriores (MRE), Casa Civil e Gabinete de Seguran\u00e7a Institucional (GSI)\u00a0<\/strong>cobrando detalhes sobre eventuais acordos\u00a0<strong>entre o empres\u00e1rio Lu\u00eds Cl\u00e1udio Lula da Silva \u2013 filho do presidente da Rep\u00fablica \u2013 e o governo de Cuba.<\/strong><\/p>\n<p>Na semana passada, o site Metr\u00f3poles divulgou mensagens\u00a0entre Lu\u00eds Cl\u00e1udio e sua ent\u00e3o esposa, a m\u00e9dica Nat\u00e1lia Schincariol, em 15 de setembro do ano passado. Em uma das mensagens, Lulinha\u00a0<strong>sugeriu que estava em Cuba para assinar um suposto termo de compromisso<\/strong>. A informa\u00e7\u00e3o levantou suspeita entre senadores e deputados da oposi\u00e7\u00e3o.<\/p>\n<p>O deputado Alfredo Gaspar (Uni\u00e3o-AL), por exemplo, acredita que o filho do presidente da Rep\u00fablica tenha viajado em um voo da FAB. Isso porque,\u00a0<strong>tanto Lu\u00eds Cl\u00e1udio quanto Lula (foto) estavam em Cuba em 15 de setembro<\/strong>. Lu\u00eds Cl\u00e1udio para acertos comerciais; o presidente da Rep\u00fablica para uma reuni\u00e3o do G77\u00a0 \u2013 principal grupo de pa\u00edses em desenvolvimento da Organiza\u00e7\u00e3o das Na\u00e7\u00f5es Unidas (ONU).<\/p>\n<p><em>\u201cO termo de compromisso que Lulinha afirma ter assinado em Cuba merece investiga\u00e7\u00e3o, pois pode revelar informa\u00e7\u00f5es relevantes sobre os interesses comerciais brasileiros na regi\u00e3o e a atua\u00e7\u00e3o de membros da fam\u00edlia presidencial em assuntos internacionais. O Minist\u00e9rio das Rela\u00e7\u00f5es Exteriores, como \u00f3rg\u00e3o respons\u00e1vel pela condu\u00e7\u00e3o da diplomacia brasileira, deve fornecer detalhes sobre esse documento e sua conformidade com a pol\u00edtica externa do pa\u00eds\u201d<\/em>, justifica o deputado em seu pedido de informa\u00e7\u00e3o, apresentado nesta segunda-feira, 22.<\/p>\n<p>O senador Eduardo Gir\u00e3o (Novo-CE) tamb\u00e9m considerou estranha a viagem e as coincid\u00eancias de datas.<\/p>\n<p><em>\u201cEm Cuba, o enfoque de Lula foi estreitar la\u00e7os diplom\u00e1ticos com a China. Dessa forma, necess\u00e1rios serem prestados os devidos esclarecimentos sobre a viagem de Lula, se seu filho fez parte da comitiva oficial e quais foram os termos de compromisso assinados com empresas ou pa\u00edses que envolvam o Brasil\u201d,<\/em>\u00a0disse Gir\u00e3o em outro pedido de informa\u00e7\u00f5es enviado ao governo federal. O requerimento foi apresentado na semana passada.<\/p>\n<p><strong><a href=\"https:\/\/oantagonista.com.br\/brasil\/oposicao-aperta-o-cerco-sobre-possiveis-negocios-de-lulinha-em-cuba\/#google_vignette\">Source link<\/a><\/strong><\/p>\n<\/div>\n<p><br \/>\n<br \/><a href=\"https:\/\/paulofigueiredoshow.com\/oposicao-aperta-o-cerco-sobre-possiveis-negocios-de-lulinha-em-cuba\/\">Source link <\/a><\/p>","protected":false},"excerpt":{"rendered":"<p>Filho do presidente da Rep\u00fablica, o lulinha, estava em Havana no mesmo dia de uma viagem do petista a Cuba Integrantes da\u00a0oposi\u00e7\u00e3o ao governo Lula\u00a0apresentaram requerimentos de\u00a0informa\u00e7\u00e3o ao Minist\u00e9rio de&hellip;<\/p>","protected":false},"author":1,"featured_media":6276,"comment_status":"closed","ping_status":"open","sticky":false,"template":"","format":"standard","meta":{"content-type":"","footnotes":""},"categories":[16],"tags":[],"class_list":["post-6275","post","type-post","status-publish","format-standard","has-post-thumbnail","hentry","category-noticias"],"_links":{"self":[{"href":"https:\/\/tvbrazilusa.com\/pt\/wp-json\/wp\/v2\/posts\/6275","targetHints":{"allow":["GET"]}}],"collection":[{"href":"https:\/\/tvbrazilusa.com\/pt\/wp-json\/wp\/v2\/posts"}],"about":[{"href":"https:\/\/tvbrazilusa.com\/pt\/wp-json\/wp\/v2\/types\/post"}],"author":[{"embeddable":true,"href":"https:\/\/tvbrazilusa.com\/pt\/wp-json\/wp\/v2\/users\/1"}],"replies":[{"embeddable":true,"href":"https:\/\/tvbrazilusa.com\/pt\/wp-json\/wp\/v2\/comments?post=6275"}],"version-history":[{"count":1,"href":"https:\/\/tvbrazilusa.com\/pt\/wp-json\/wp\/v2\/posts\/6275\/revisions"}],"predecessor-version":[{"id":6277,"href":"https:\/\/tvbrazilusa.com\/pt\/wp-json\/wp\/v2\/posts\/6275\/revisions\/6277"}],"wp:featuredmedia":[{"embeddable":true,"href":"https:\/\/tvbrazilusa.com\/pt\/wp-json\/wp\/v2\/media\/6276"}],"wp:attachment":[{"href":"https:\/\/tvbrazilusa.com\/pt\/wp-json\/wp\/v2\/media?parent=6275"}],"wp:term":[{"taxonomy":"category","embeddable":true,"href":"https:\/\/tvbrazilusa.com\/pt\/wp-json\/wp\/v2\/categories?post=6275"},{"taxonomy":"post_tag","embeddable":true,"href":"https:\/\/tvbrazilusa.com\/pt\/wp-json\/wp\/v2\/tags?post=6275"}],"curies":[{"name":"wp","href":"https:\/\/api.w.org\/{rel}","templated":true}]}}