{"id":62751,"date":"2024-11-20T17:55:47","date_gmt":"2024-11-20T17:55:47","guid":{"rendered":"https:\/\/tvbrazilusa.com\/2024\/11\/20\/cross-country-masculino-estrelas-da-shore-conference-e-ocean-monmouth-county-2024\/"},"modified":"2024-11-20T18:04:26","modified_gmt":"2024-11-20T18:04:26","slug":"cross-country-masculino-estrelas-da-shore-conference-e-ocean-monmouth-county-2024","status":"publish","type":"post","link":"https:\/\/tvbrazilusa.com\/pt\/2024\/11\/20\/cross-country-masculino-estrelas-da-shore-conference-e-ocean-monmouth-county-2024\/","title":{"rendered":"Cross country masculino: estrelas da Shore Conference e Ocean \/ Monmouth County, 2024"},"content":{"rendered":"<p> <script async src=\"https:\/\/pagead2.googlesyndication.com\/pagead\/js\/adsbygoogle.js?client=ca-pub-8864793242727901\"\r\n     crossorigin=\"anonymous\"><\/script><br \/>\n<\/p>\n<div>\n<p class=\"article__paragraph article__paragraph--left\" id=\"ZY6DB6QWQBD6ZASR5EKDVJPQ5I\"><b>Observa\u00e7\u00e3o: <\/b><a href=\"http:\/\/nj.com\/\"><i>NJ.com<\/i><\/a><i>  n\u00e3o votou nas equipes da All-Shore Conference.<\/i><\/p>\n<p class=\"article__paragraph article__paragraph--left\" id=\"ZSHC5A27A5AJDAMMKA3XTHADNI\">D\u00ea uma olhada nas sele\u00e7\u00f5es All-Star para a temporada de 2024, conforme votadas pelos treinadores.<\/p>\n<h2 class=\"article-heading\">CONFER\u00caNCIA EM TERRA<\/h2>\n<p class=\"article__paragraph article__paragraph--left\" id=\"5QDQHZOPRJCNVGXGNZKL3AJCYM\"><b>Observa\u00e7\u00e3o: <\/b><i>A First-Team All-Shore Conference tamb\u00e9m \u00e9 a equipe All-Monmouth County<\/i><\/p>\n<h4 class=\"article-heading\">Primeira equipe<\/h4>\n<ul class=\"article__unordered-list\">\n<li><span>Joe Barrett, Irm\u00e3os Crist\u00e3os, Sr.<\/span><\/li>\n<li><span>Clay Stevens, Manalapan, Jr.<\/span><\/li>\n<li><span>  Luke Hnatt, irm\u00e3os crist\u00e3os, Jr.<\/span><\/li>\n<li><span>Ryan Schmitt, Irm\u00e3os Crist\u00e3os, Sr.<\/span><\/li>\n<li><span>Alex Mastroly, Irm\u00e3os Crist\u00e3os, Sr.<\/span><\/li>\n<li><span>Jay Adimala, Colts Neck, Jr.<\/span><\/li>\n<li><span>Gavin Schmitt, Irm\u00e3os Crist\u00e3os, Ent\u00e3o.<\/span><\/li>\n<\/ul>\n<figure class=\"article__image\">\n<div class=\"article__image-wrapper\"><picture><source media=\"(max-width: 500px)\" srcset=\"https:\/\/www.nj.com\/resizer\/v2\/D7K3O4LLY5E23AACL256XSY2FI.jpg?auth=28c7e3beccc6a40229b1213b26802dff21bcc338af7aa93fe2f0e4210ce71b88&#038;width=500&#038;quality=90 500w\"\/><source media=\"(max-width: 800px)\" srcset=\"https:\/\/www.nj.com\/resizer\/v2\/D7K3O4LLY5E23AACL256XSY2FI.jpg?auth=28c7e3beccc6a40229b1213b26802dff21bcc338af7aa93fe2f0e4210ce71b88&#038;width=800&#038;quality=90 800w\"\/><source srcset=\"https:\/\/www.nj.com\/resizer\/v2\/D7K3O4LLY5E23AACL256XSY2FI.jpg?auth=28c7e3beccc6a40229b1213b26802dff21bcc338af7aa93fe2f0e4210ce71b88&#038;width=1280&#038;quality=90 1280w\"\/><\/picture><figcaption class=\"article__image-caption\">\n<p class=\"article__mm-image-caption-text\">Michael Card de Howell compete durante o Shore Conference Championships no Ocean County Park em Lakewood, NJ, em 24 de outubro de 2024.<span class=\"article__mm-image-credit\">Richard O&#8217;Donnell | Para NJ Advan<\/span><\/p>\n<\/figcaption><\/div>\n<\/figure>\n<h4 class=\"article-heading\">Segunda equipe<\/h4>\n<ul class=\"article__unordered-list\">\n<li><span>Ryan Collins, irm\u00e3os crist\u00e3os, Jr.<\/span><\/li>\n<li><span>Wyatt Falkowski, irm\u00e3os crist\u00e3os, Jr.<\/span><\/li>\n<li><span>Hunter Celkupa, Colts Neck, Sr.<\/span><\/li>\n<li><span>John Shapiro, Colts Neck, Sr.<\/span><\/li>\n<li><span>Michael Card, Howell, Sr.<\/span><\/li>\n<li><span>Cleatus Oakes, Point Boro, Sr.<\/span><\/li>\n<li><span>Kyle Skiendzielewski, Sulista, Sr.<\/span><\/li>\n<\/ul>\n<figure class=\"article__image\">\n<div class=\"article__image-wrapper\"><picture><source media=\"(max-width: 500px)\" srcset=\"https:\/\/www.nj.com\/resizer\/v2\/YDPTVIBL55HHHP2TKQ6R5QZ364.JPG?auth=9942c4dd238f457c2cb432416077e557d988754c697b86ff7e2d5a97fae0d2ca&#038;width=500&#038;quality=90 500w\"\/><source media=\"(max-width: 800px)\" srcset=\"https:\/\/www.nj.com\/resizer\/v2\/YDPTVIBL55HHHP2TKQ6R5QZ364.JPG?auth=9942c4dd238f457c2cb432416077e557d988754c697b86ff7e2d5a97fae0d2ca&#038;width=800&#038;quality=90 800w\"\/><source srcset=\"https:\/\/www.nj.com\/resizer\/v2\/YDPTVIBL55HHHP2TKQ6R5QZ364.JPG?auth=9942c4dd238f457c2cb432416077e557d988754c697b86ff7e2d5a97fae0d2ca&#038;width=1280&#038;quality=90 1280w\"\/><img loading=\"lazy\" src=\"https:\/\/www.nj.com\/resizer\/v2\/YDPTVIBL55HHHP2TKQ6R5QZ364.JPG?auth=9942c4dd238f457c2cb432416077e557d988754c697b86ff7e2d5a97fae0d2ca&#038;width=500&#038;quality=90\" sizes=\"auto, 50vw\" fetchpriority=\"low\" alt=\"Cross Country: Thompson 2 Miler\" decoding=\"async\" class=\"article__image-content\" height=\"600\" width=\"300\"\/><\/picture><figcaption class=\"article__image-caption\">\n<p class=\"article__mm-image-caption-text\">Caden Gueci de Point Pleasant Boro compete no Thompson 2 milhas em Thompson Park em Monroe, NJ no s\u00e1bado, 14 de setembro de 2024.<span class=\"article__mm-image-credit\">Jeff Granito | Para NJ Advance Media<\/span><\/p>\n<\/figcaption><\/div>\n<\/figure>\n<h2 class=\"article-heading\">CONDADO TODO OCEANO<\/h2>\n<ul class=\"article__unordered-list\">\n<li><span>Cleatus Oakes, Point Pleasant Boro, Sr.<\/span><\/li>\n<li><span>Caden Gueci, Point Pleasant Boro, Jr.<\/span><\/li>\n<li><span>Kyle Skiendzielewski, Sulista, Sr.<\/span><\/li>\n<li><span>Taysaun Wilson, Toms River North, Sr.<\/span><\/li>\n<li><span>Ryan Macom, Toms River East, Sr.<\/span><\/li>\n<li><span>Gavin Oliver, cat\u00f3lico Donovan, ent\u00e3o.<\/span><\/li>\n<li><span>Will Ashton, Manchester Township, Sr.<\/span><\/li>\n<\/ul>\n<p class=\"article__paragraph article__paragraph--left\" id=\"RGK47PRHMNDJPNVL7V2TAUMNCA\"><i>Corey Annan pode ser contatado em <\/i><a href=\"https:\/\/www.nj.com\/highschoolsports\/2024\/11\/mailto:cannan@njadvancemedia.com\"><i>cannan@njadvancemedia.com<\/i><\/a><i>. Siga-o ou envie-lhe uma mensagem no Twitter\/X <\/i><a href=\"https:\/\/twitter.com\/coreyannan360\"><i>@coreyannan360<\/i><\/a><i>.<\/i><\/p>\n<p class=\"article__paragraph article__paragraph--left\" id=\"IT4X4W4FNZBVFO5IABSZ772PXM\"><i>O boletim informativo NJ High School Sports agora aparece nas caixas de correio 5 dias por semana.<\/i><\/p>\n<p class=\"article__paragraph article__paragraph--left\" id=\"V3ZCRQR7OFHRPENMGXPJD2EMGU\"><i>Siga-nos nas redes sociais: <\/i><a href=\"https:\/\/www.facebook.com\/njhighschoolsports\"><i>Facebook<\/i><\/a><i>  | <\/i><a href=\"https:\/\/www.instagram.com\/hssportsnj\/\"><i>Instagram<\/i><\/a><i>  | <\/i><a href=\"https:\/\/twitter.com\/HSSportsNJ\"><i>X (anteriormente Twitter)<\/i><\/a><i> <\/i><a href=\"https:\/\/cb.sailthru.com\/s\/6fj\/Newsletter_hs_sports\"><i>Cadastre-se agora!<\/i><\/a><\/p>\n<\/div>\n<p><script async src=\"\/\/platform.twitter.com\/widgets.js\" charset=\"utf-8\"><\/script><script async src=\"\/\/www.instagram.com\/embed.js\"><\/script><br \/>\n<br \/><br \/>\n<br \/><a href=\"https:\/\/www.nj.com\/highschoolsports\/2024\/11\/boys-cross-country-shore-conference-oceanmonmouth-county-all-stars-2024.html\">Source link <\/a><\/p>","protected":false},"excerpt":{"rendered":"<p>Observa\u00e7\u00e3o: NJ.com n\u00e3o votou nas equipes da All-Shore Conference. D\u00ea uma olhada nas sele\u00e7\u00f5es All-Star para a temporada de 2024, conforme votadas pelos treinadores. CONFER\u00caNCIA EM TERRA Observa\u00e7\u00e3o: A First-Team&hellip;<\/p>","protected":false},"author":1,"featured_media":62752,"comment_status":"closed","ping_status":"open","sticky":false,"template":"","format":"standard","meta":{"content-type":"","footnotes":""},"categories":[1],"tags":[],"class_list":["post-62751","post","type-post","status-publish","format-standard","has-post-thumbnail","hentry","category-uncategorized"],"_links":{"self":[{"href":"https:\/\/tvbrazilusa.com\/pt\/wp-json\/wp\/v2\/posts\/62751","targetHints":{"allow":["GET"]}}],"collection":[{"href":"https:\/\/tvbrazilusa.com\/pt\/wp-json\/wp\/v2\/posts"}],"about":[{"href":"https:\/\/tvbrazilusa.com\/pt\/wp-json\/wp\/v2\/types\/post"}],"author":[{"embeddable":true,"href":"https:\/\/tvbrazilusa.com\/pt\/wp-json\/wp\/v2\/users\/1"}],"replies":[{"embeddable":true,"href":"https:\/\/tvbrazilusa.com\/pt\/wp-json\/wp\/v2\/comments?post=62751"}],"version-history":[{"count":1,"href":"https:\/\/tvbrazilusa.com\/pt\/wp-json\/wp\/v2\/posts\/62751\/revisions"}],"predecessor-version":[{"id":62753,"href":"https:\/\/tvbrazilusa.com\/pt\/wp-json\/wp\/v2\/posts\/62751\/revisions\/62753"}],"wp:featuredmedia":[{"embeddable":true,"href":"https:\/\/tvbrazilusa.com\/pt\/wp-json\/wp\/v2\/media\/62752"}],"wp:attachment":[{"href":"https:\/\/tvbrazilusa.com\/pt\/wp-json\/wp\/v2\/media?parent=62751"}],"wp:term":[{"taxonomy":"category","embeddable":true,"href":"https:\/\/tvbrazilusa.com\/pt\/wp-json\/wp\/v2\/categories?post=62751"},{"taxonomy":"post_tag","embeddable":true,"href":"https:\/\/tvbrazilusa.com\/pt\/wp-json\/wp\/v2\/tags?post=62751"}],"curies":[{"name":"wp","href":"https:\/\/api.w.org\/{rel}","templated":true}]}}