{"id":62763,"date":"2024-11-20T18:23:40","date_gmt":"2024-11-20T18:23:40","guid":{"rendered":"https:\/\/tvbrazilusa.com\/2024\/11\/20\/homem-morre-menos-de-um-mes-apos-filha-ser-atropelada-por-porsche\/"},"modified":"2024-11-20T18:23:41","modified_gmt":"2024-11-20T18:23:41","slug":"homem-morre-menos-de-um-mes-apos-filha-ser-atropelada-por-porsche","status":"publish","type":"post","link":"https:\/\/tvbrazilusa.com\/pt\/2024\/11\/20\/homem-morre-menos-de-um-mes-apos-filha-ser-atropelada-por-porsche\/","title":{"rendered":"Homem morre menos de um m\u00eas ap\u00f3s filha ser atropelada por Porsche"},"content":{"rendered":"<p> <script async src=\"https:\/\/pagead2.googlesyndication.com\/pagead\/js\/adsbygoogle.js?client=ca-pub-8864793242727901\"\r\n     crossorigin=\"anonymous\"><\/script><br \/>\n<\/p>\n<div id=\"taboola-read-more\" style=\"display:block; width:100%\">\n<p>O pai da jovem Isabely Cristina dos Santos Felix, de 19 anos, que foi a \u00f3bito ap\u00f3s ser atropelada por um Porsche em outubro deste ano, morreu no \u00faltimo domingo (17) em Maring\u00e1 (PR). A informa\u00e7\u00e3o foi confirmada pela defesa da fam\u00edlia da jovem.\n<\/p>\n<p>O pai da jovem Isabely Cristina dos Santos Felix, de 19 anos, que foi a \u00f3bito ap\u00f3s ser atropelada por um Porsche em outubro deste ano, morreu no \u00faltimo domingo (17) em Maring\u00e1 (PR). A informa\u00e7\u00e3o foi confirmada pela defesa da fam\u00edlia da jovem.<\/p>\n<p>De acordo com o MP, a Promotoria solicitou a condena\u00e7\u00e3o de Alves por homic\u00eddio culposo e les\u00e3o corporal culposa.\n<\/p>\n<p>As investiga\u00e7\u00f5es apontam que ap\u00f3s o acidente, o motorista teria estacionado o carro, quando foi at\u00e9 as v\u00edtimas e, em seguida, ido em dire\u00e7\u00e3o a um estabelecimento comercial nas proximidades. No entanto, posteriormente, ele n\u00e3o foi mais visto pelas c\u00e2meras de seguran\u00e7as do local.\n<\/p>\n<p>A den\u00fancia diz que o motorista agiu com \u201cmanifesta imprud\u00eancia ao desrespeitar a preferencial das v\u00edtimas\u201d e \u201cdeixou de prestar socorro \u00e0s v\u00edtimas, quando poss\u00edvel faz\u00ea-lo sem risco pessoal, e ainda, afastou-se do local do acidente, para fugir \u00e0 responsabilidade penal que lhe pudesse ser atribu\u00edda\u201d.\n<\/p>\n<p><strong>Relembre o caso<\/strong><br \/>Isabely Cristina dos Santos Felix estava na garupa de uma motocicleta quando foi atropelada na avenida Gast\u00e3o Vidigal, em Maring\u00e1.\n<\/p>\n<p>\u00c0 \u00e9poca do caso, o pai de Isabely chegou a afirmar \u00e0 CNN que o motorista avan\u00e7ou o sinal vermelho no momento do acidente que vitimou a jovem. Ela completaria 20 anos em dezembro.\n<\/p>\n<p>Al\u00e9m da condena\u00e7\u00e3o, o MP tamb\u00e9m pediu o pagamento de uma indeniza\u00e7\u00e3o de, no m\u00ednimo, R$ 100 mil \u00e0 fam\u00edlia de Isabely, e de R$ 30 mil ao motorista da motocicleta em raz\u00e3o das les\u00f5es sofridas pelo acidente de tr\u00e2nsito.\n<\/p>\n<p>Conforme apurado pela CNN, o suspeito j\u00e1 teve a CNH suspensa 12 vezes e cassada outras duas antes do acidente. As informa\u00e7\u00f5es constam nos registros do Departamento Estadual de Tr\u00e2nsito do Paran\u00e1 (Detran-PR).\n<\/p>\n<p>A Secretaria Municipal de Mobilidade Urbana de Maring\u00e1 afirmou que o ve\u00edculo de luxo tinha licenciamento vencido desde setembro deste ano, fato que impedia o ve\u00edculo de circular.\n<\/p>\n<p>No entanto, o motorista tinha CNH validada, cumpriu as 12 suspens\u00f5es e refez duas vezes novas habilita\u00e7\u00f5es, portanto, estava apto a conduzir o carro.\n<\/p>\n<p>A CNN busca contato com a defesa do motorista e o espa\u00e7o segue aberto para manifesta\u00e7\u00f5es.<\/p>\n<p>Fonte: CNN Brasil              <\/p>\n<\/div>\n<p><br \/>\n<br \/><a href=\"https:\/\/diariodobrasilnoticias.com.br\/noticia\/homem-morre-menos-de-um-mes-apos-filha-ser-atropelada-por-porsche-673e0c1cd1947\">Source link <\/a><\/p>","protected":false},"excerpt":{"rendered":"<p>O pai da jovem Isabely Cristina dos Santos Felix, de 19 anos, que foi a \u00f3bito ap\u00f3s ser atropelada por um Porsche em outubro deste ano, morreu no \u00faltimo domingo&hellip;<\/p>","protected":false},"author":1,"featured_media":62764,"comment_status":"closed","ping_status":"open","sticky":false,"template":"","format":"standard","meta":{"content-type":"","footnotes":""},"categories":[16],"tags":[123,2448,5313,1267],"class_list":["post-62763","post","type-post","status-publish","format-standard","has-post-thumbnail","hentry","category-noticias","tag-brasil","tag-diario","tag-noticia","tag-noticias"],"_links":{"self":[{"href":"https:\/\/tvbrazilusa.com\/pt\/wp-json\/wp\/v2\/posts\/62763","targetHints":{"allow":["GET"]}}],"collection":[{"href":"https:\/\/tvbrazilusa.com\/pt\/wp-json\/wp\/v2\/posts"}],"about":[{"href":"https:\/\/tvbrazilusa.com\/pt\/wp-json\/wp\/v2\/types\/post"}],"author":[{"embeddable":true,"href":"https:\/\/tvbrazilusa.com\/pt\/wp-json\/wp\/v2\/users\/1"}],"replies":[{"embeddable":true,"href":"https:\/\/tvbrazilusa.com\/pt\/wp-json\/wp\/v2\/comments?post=62763"}],"version-history":[{"count":1,"href":"https:\/\/tvbrazilusa.com\/pt\/wp-json\/wp\/v2\/posts\/62763\/revisions"}],"predecessor-version":[{"id":62765,"href":"https:\/\/tvbrazilusa.com\/pt\/wp-json\/wp\/v2\/posts\/62763\/revisions\/62765"}],"wp:featuredmedia":[{"embeddable":true,"href":"https:\/\/tvbrazilusa.com\/pt\/wp-json\/wp\/v2\/media\/62764"}],"wp:attachment":[{"href":"https:\/\/tvbrazilusa.com\/pt\/wp-json\/wp\/v2\/media?parent=62763"}],"wp:term":[{"taxonomy":"category","embeddable":true,"href":"https:\/\/tvbrazilusa.com\/pt\/wp-json\/wp\/v2\/categories?post=62763"},{"taxonomy":"post_tag","embeddable":true,"href":"https:\/\/tvbrazilusa.com\/pt\/wp-json\/wp\/v2\/tags?post=62763"}],"curies":[{"name":"wp","href":"https:\/\/api.w.org\/{rel}","templated":true}]}}