{"id":62800,"date":"2024-11-20T19:19:48","date_gmt":"2024-11-20T19:19:48","guid":{"rendered":"https:\/\/tvbrazilusa.com\/2024\/11\/20\/em-apenas-um-mes-o-stm-recebeu-mais-de-30-solicitacoes-de-prisao-contra-o-ministro-alexandre-de-moraes\/"},"modified":"2024-11-20T19:19:50","modified_gmt":"2024-11-20T19:19:50","slug":"em-apenas-um-mes-o-stm-recebeu-mais-de-30-solicitacoes-de-prisao-contra-o-ministro-alexandre-de-moraes","status":"publish","type":"post","link":"https:\/\/tvbrazilusa.com\/pt\/2024\/11\/20\/em-apenas-um-mes-o-stm-recebeu-mais-de-30-solicitacoes-de-prisao-contra-o-ministro-alexandre-de-moraes\/","title":{"rendered":"Em apenas um m\u00eas, o STM recebeu mais de 30 solicita\u00e7\u00f5es de pris\u00e3o contra o ministro Alexandre de Moraes"},"content":{"rendered":"<p> <script async src=\"https:\/\/pagead2.googlesyndication.com\/pagead\/js\/adsbygoogle.js?client=ca-pub-8864793242727901\"\r\n     crossorigin=\"anonymous\"><\/script><br \/>\n<\/p>\n<div id=\"taboola-read-more\" style=\"display:block; width:100%\">\n<p>No \u00faltimo m\u00eas de governo do ex-presidente Jair Bolsonaro, o STM (Superior Tribunal Militar) recebeu ao menos 30 a\u00e7\u00f5es, de civis e militares, pedindo interven\u00e7\u00e3o militar no governo e a pris\u00e3o do ministro do STF (Supremo Tribunal Federal) Alexandre de Moraes. Todos foram negados pela Corte, que s\u00f3 tem atribui\u00e7\u00e3o jur\u00eddica para julgar crimes militares.\n<\/p>\n<p>V\u00e1rias a\u00e7\u00f5es foram impetradas por um promotor aposentado do MPDFT (Minist\u00e9rio P\u00fablico do Distrito Federal e Territ\u00f3rios) Wilson Issao Koressawa. Em uma delas, ele pede o afastamento do TSE e pris\u00e3o em flagrante ou preventiva do ministro Alexandre de Moraes, a cassa\u00e7\u00e3o e pris\u00e3o do presidente do Senado Federal, senador Rodrigo Pacheco, e de David Alcolumbre e do ministro Luis Roberto Barroso, do STF, al\u00e9m de medidas cautelares diversas.<\/p>\n<p>No documento, ele sustenta que \u201cos crimes contra a seguran\u00e7a nacional praticados por Ministros do Supremo Tribunal Federal e por Senadores s\u00e3o de compet\u00eancia do Juiz Federal da Justi\u00e7a Militar (1\u00aa inst\u00e2ncia)\u201c.\n<\/p>\n<p>Outro exemplo de a\u00e7\u00e3o foi a movida pelo ind\u00edgena Jos\u00e9 Ac\u00e1cio Serere Xavante, preso pela Pol\u00edcia Federal no dia 12 de dezembro daquele ano, fato que culminou com a tentativa de invas\u00e3o da sede da institui\u00e7\u00e3o. Serere pede a interven\u00e7\u00e3o do Minist\u00e9rio P\u00fablico Militar e acusa Moraes de crimes contra o Estado Democr\u00e1tico de Direito, o que seria motivo para compet\u00eancia do STM.\n<\/p>\n<p>Nas mais de 30 a\u00e7\u00f5es que o tribunal recebeu, as decis\u00f5es sempre negaram seguimento e arquivaram os processos por falta de compet\u00eancia da Corte.\n<\/p>\n<p>O STM foi mencionado por militares presos na Opera\u00e7\u00e3o Contragolpe, deflagrada na \u00faltima ter\u00e7a-feira (19). O relat\u00f3rio policial trouxe informa\u00e7\u00f5es encontradas em buscas na casa de militares em fevereiro deste ano.\n<\/p>\n<p>Em documentos, militares faziam refer\u00eancia a suposto apoio jur\u00eddico que poderiam ter do STM. O tribunal se posicionou imediatamente por nota, negando o teor e informando que \u201cn\u00e3o h\u00e1 qualquer registro na Corte de visitas dos envolvidos a gabinetes de ministros do STM ou \u00e0 Presid\u00eancia do Tribunal\u201d.\n<\/p>\n<p>Leia a \u00edntegra da nota do STM:<br \/>\u201cEm rela\u00e7\u00e3o \u00e0s men\u00e7\u00f5es envolvendo militares investigados no Supremo Tribunal Federal por tentativa de golpe de Estado no final de 2022, que alegam a exist\u00eancia de um suposto \u201carcabou\u00e7o jur\u00eddico\u201d em elabora\u00e7\u00e3o pelo Superior Tribunal Militar, esta Corte refuta veementemente tais afirma\u00e7\u00f5es.\n<\/p>\n<p>O Superior Tribunal Militar reafirma que sua miss\u00e3o constitucional \u00e9 exclusivamente julgar os crimes militares previstos em lei, conduzidos por meio de a\u00e7\u00f5es penais militares e conforme os ritos estabelecidos pelas normas legais.\n<\/p>\n<p>Adicionalmente, n\u00e3o h\u00e1 qualquer registro nesta Corte de visitas dos envolvidos a gabinetes de ministros do STM ou \u00e0 Presid\u00eancia do Tribunal.\n<\/p>\n<p>Qualquer alega\u00e7\u00e3o ou iniciativa que desvie dos princ\u00edpios constitucionais ou atribua \u00e0 Corte fun\u00e7\u00f5es alheias \u00e0 sua compet\u00eancia legal incompat\u00edvel com o papel desta institui\u00e7\u00e3o e n\u00e3o \u00e9 do conhecimento desta Presid\u00eancia.&#8221;\n<\/p>\n<p>Fonte: R7              <\/p>\n<\/div>\n<p><br \/>\n<br \/><a href=\"https:\/\/diariodobrasilnoticias.com.br\/noticia\/em-apenas-um-mes-o-stm-recebeu-mais-de-30-solicitacoes-de-prisao-contra-o-ministro-alexandre-de-moraes-673e1e4a44fd2\">Source link <\/a><\/p>","protected":false},"excerpt":{"rendered":"<p>No \u00faltimo m\u00eas de governo do ex-presidente Jair Bolsonaro, o STM (Superior Tribunal Militar) recebeu ao menos 30 a\u00e7\u00f5es, de civis e militares, pedindo interven\u00e7\u00e3o militar no governo e a&hellip;<\/p>","protected":false},"author":1,"featured_media":62801,"comment_status":"closed","ping_status":"open","sticky":false,"template":"","format":"standard","meta":{"content-type":"","footnotes":""},"categories":[16],"tags":[123,2448,5313,1267],"class_list":["post-62800","post","type-post","status-publish","format-standard","has-post-thumbnail","hentry","category-noticias","tag-brasil","tag-diario","tag-noticia","tag-noticias"],"_links":{"self":[{"href":"https:\/\/tvbrazilusa.com\/pt\/wp-json\/wp\/v2\/posts\/62800","targetHints":{"allow":["GET"]}}],"collection":[{"href":"https:\/\/tvbrazilusa.com\/pt\/wp-json\/wp\/v2\/posts"}],"about":[{"href":"https:\/\/tvbrazilusa.com\/pt\/wp-json\/wp\/v2\/types\/post"}],"author":[{"embeddable":true,"href":"https:\/\/tvbrazilusa.com\/pt\/wp-json\/wp\/v2\/users\/1"}],"replies":[{"embeddable":true,"href":"https:\/\/tvbrazilusa.com\/pt\/wp-json\/wp\/v2\/comments?post=62800"}],"version-history":[{"count":1,"href":"https:\/\/tvbrazilusa.com\/pt\/wp-json\/wp\/v2\/posts\/62800\/revisions"}],"predecessor-version":[{"id":62802,"href":"https:\/\/tvbrazilusa.com\/pt\/wp-json\/wp\/v2\/posts\/62800\/revisions\/62802"}],"wp:featuredmedia":[{"embeddable":true,"href":"https:\/\/tvbrazilusa.com\/pt\/wp-json\/wp\/v2\/media\/62801"}],"wp:attachment":[{"href":"https:\/\/tvbrazilusa.com\/pt\/wp-json\/wp\/v2\/media?parent=62800"}],"wp:term":[{"taxonomy":"category","embeddable":true,"href":"https:\/\/tvbrazilusa.com\/pt\/wp-json\/wp\/v2\/categories?post=62800"},{"taxonomy":"post_tag","embeddable":true,"href":"https:\/\/tvbrazilusa.com\/pt\/wp-json\/wp\/v2\/tags?post=62800"}],"curies":[{"name":"wp","href":"https:\/\/api.w.org\/{rel}","templated":true}]}}