{"id":62814,"date":"2024-11-20T19:29:25","date_gmt":"2024-11-20T19:29:25","guid":{"rendered":"https:\/\/tvbrazilusa.com\/2024\/11\/20\/as-estrelas-do-futebol-kristie-mewis-e-sam-kerr-estao-esperando-um-bebe\/"},"modified":"2024-11-20T19:37:57","modified_gmt":"2024-11-20T19:37:57","slug":"as-estrelas-do-futebol-kristie-mewis-e-sam-kerr-estao-esperando-um-bebe","status":"publish","type":"post","link":"https:\/\/tvbrazilusa.com\/pt\/2024\/11\/20\/as-estrelas-do-futebol-kristie-mewis-e-sam-kerr-estao-esperando-um-bebe\/","title":{"rendered":"As estrelas do futebol Kristie Mewis e Sam Kerr est\u00e3o esperando um beb\u00ea"},"content":{"rendered":"<p> <script async src=\"https:\/\/pagead2.googlesyndication.com\/pagead\/js\/adsbygoogle.js?client=ca-pub-8864793242727901\"\r\n     crossorigin=\"anonymous\"><\/script><br \/>\n<\/p>\n<div id=\"\">\n<header class=\"m-article-header m-article-header--standard\">\n\t\t\t\t\t\t\t\t\t\t\t\t<span id=\"article-header-primary-term\"><br \/>\n\t\t\t\t\t\t\t\t<a class=\"a-term a-term--primary\" href=\"https:\/\/www.boston.com\/tag\/sports\/\"><\/p>\n<p>\t\t\t\t\t\t\t\tEsportes\t\t\t\t\t\t\t\t<\/a><br \/>\n\t\t\t\t\t\t\t<\/span><\/p>\n<h2 class=\"m-article-header__sub-headline\">Mewis, ex-aluna do Boston College e nativa de Hanson, compartilhou suas not\u00edcias sobre gravidez no Instagram.<\/h2>\n<figure class=\"a-photo m-article-header__photo\"><figcaption class=\"a-photo__caption\">\n\t<em> <\/em>\t<\/figcaption><\/figure>\n<\/header>\n<div class=\"wp-block-image\">\n<figure class=\"alignleft size-full is-resized\"><figcaption class=\"wp-element-caption\">Kristie Mewis e Sam Kerr participam da gala Reimagining the Future para a funda\u00e7\u00e3o de caridade de Lewis Hamilton, Mission 44, no The Design Museum em 6 de novembro de 2024, em Londres.<i> \u2013 Shane Anthony Sinclair \/ Getty Images para a Miss\u00e3o 44<\/i><\/figcaption><\/figure>\n<\/div>\n<p>As jogadoras de futebol Kristie Mewis e Sam Kerr acessaram as redes sociais na segunda-feira para anunciar que est\u00e3o esperando um beb\u00ea.<\/p>\n<p>O an\u00fancio vem depois que Mewis e Kerr revelaram seu envolvimento em <a href=\"https:\/\/people.com\/kristie-mewis-and-sam-kerr-are-engaged-7972669\">um exclusivo com <em>Pessoas<\/em> revista<\/a> ano passado.<\/p>\n<p>Mewis, ex-aluna do Boston College e nativa de Hanson, compartilhou sua gravidez em uma postagem no Instagram com a legenda: \u201cBeb\u00ea Mewis-Kerr chegando em 2025!\u201d Atualmente ela joga pelo <a href=\"https:\/\/www.whufc.com\/player\/285\">West Ham United<\/a> na Superliga Feminina e fez mais de 50 partidas pela sele\u00e7\u00e3o dos Estados Unidos.<\/p>\n<p>Kerr, atacante australiana do Chelsea, tamb\u00e9m compartilhou a postagem com seus seguidores.<\/p>\n<blockquote class=\"instagram-media\" data-instgrm-captioned=\"\" data-instgrm-permalink=\"https:\/\/www.instagram.com\/p\/DCgei0SshxO\/?utm_source=ig_embed&#038;utm_campaign=loading\" data-instgrm-version=\"14\" style=\" background:#FFF; border:0; border-radius:3px; box-shadow:0 0 1px 0 rgba(0,0,0,0.5),0 1px 10px 0 rgba(0,0,0,0.15); margin: 1px; max-width:540px; min-width:326px; padding:0; width:99.375%; width:-webkit-calc(100% - 2px); width:calc(100% - 2px);\"\/>\n<p>Os dois receberam rea\u00e7\u00e3o homof\u00f3bica na se\u00e7\u00e3o de coment\u00e1rios da postagem. <\/p>\n<p>Em entrevista coletiva, a gerente da sele\u00e7\u00e3o feminina do Chelsea, Sonia Bompastor, classificou os coment\u00e1rios como \u201cinaceit\u00e1veis\u201d.<\/p>\n<p>\u201c\u00c9 uma loucura para mim entender como as pessoas podem reagir assim\u201d, disse Bompastor, <a href=\"https:\/\/apnews.com\/article\/kerr-mewis-baby-pregnant-homophobic-690addd04c756a55198b4bee4a841ec7\">de acordo com a AP<\/a>.<\/p>\n<p>A capit\u00e3 do Chelsea, Millie Bright, disse que est\u00e1 \u201cmuito feliz pelos dois\u201d.<\/p>\n<p>\u201c\u00c9 para isso que todos n\u00f3s fomos colocados na Terra: para trazer alegria uns aos outros\u201d, <a href=\"https:\/\/apnews.com\/article\/kerr-mewis-baby-pregnant-homophobic-690addd04c756a55198b4bee4a841ec7\">Bright disse \u00e0 AP<\/a>. \u201cN\u00e3o temos hor\u00e1rio para certos coment\u00e1rios.\u201d<\/p>\n<div class=\"o-author-single has-avatar\">\n<header class=\"m-author-card\">\n<div class=\"a-image a-image--square m-author-card__image\">\n\t\t<img decoding=\"async\" class=\"\" src=\"https:\/\/www.boston.com\/wp-content\/uploads\/2024\/09\/cropped-1708366528224-66f6a3bb1db19-66f6a3c33f251.jpg\" alt=\"Imagem do perfil de Lindsay Shachnow\"\/>\t<\/div>\n<\/header>\n<section class=\"author-info\">\n<hr class=\"m-author__section--hr\"\/>\n<div class=\"m-author__section\">\n<p>Lindsay Shachnow cobre not\u00edcias de atribui\u00e7\u00f5es gerais para <a href=\"http:\/\/boston.com\/\">Boston.com<\/a>reportando as \u00faltimas not\u00edcias, crimes e pol\u00edtica em toda a Nova Inglaterra.<\/p>\n<\/div>\n<hr class=\"m-author__section--hr\"\/>\t<\/section>\n<\/div>\n<div class=\"m-block m-generic-cta\t m-generic-cta--post-content\t m-generic-cta--dark\t m-generic-cta--homepage\t m-generic-cta--email-signup\t\t m-generic-cta-block-style--default \tt-amp__generic-cta\"><\/p>\n<div class=\"m-generic-cta__wrap\">\n<div class=\"m-generic-cta__content\">\n<h3 class=\"m-generic-cta__title\">Boston.com hoje<\/h3>\n<p class=\"m-generic-cta__subtitle\">Inscreva-se para receber as \u00faltimas manchetes em sua caixa de entrada todas as manh\u00e3s.<\/p>\n<\/p><\/div>\n<\/p><\/div>\n<\/div><\/div>\n<p><script>\n\t\tvar consent=\"grant\";\n\t\t\/* The above code is parsing the JSON data from the local storage and storing it in a variable. *\/\n\t\t\t\t\tconst onetrustStorageConsent = JSON.parse(localStorage.getItem( 'consent_one_trust_bdc' ) );\n\t\t\tif ( ( onetrustStorageConsent !== null ) ) {\n\t\t\t\t\/* Checking to see if the user has consented to the use of cookies.\n\t\t\t\t* If they have not, it is deleting the cookie.\n\t\t\t\t* This will comment for now, until further notice.\n\t\t\t\t*\/\n\t\t\t\t\/\/if ( onetrustStorageConsent.C0002 === false ) {\n\t\t\t\t\/\/\tdocument.cookie=\"_fbp=;expires=Thu, 01 Jan 2010 00:00:00 UTC; path=\/; domain=.boston.com\";\n\t\t\t\t\/\/}\n\t\t\t\t\/* Checking if the user has given consent for the cookie C0002.\n\t\t\t\t* If the user has given consent, the variable consent will be set to 'grant'.\n\t\t\t\t* If the user has not given consent,the variable consent will be set to 'revoke'.\n\t\t\t\t* Documentation https:\/\/developers.facebook.com\/docs\/meta-pixel\/implementation\/gdpr\n\t\t\t\t*\/\n\t\t\t\tif ( onetrustStorageConsent.C0002 !== true ) {\n\t\t\t\t\tconsent=\"revoke\";\n\t\t\t\t}\n\t\t\t}\n\t\t\t\t!function(f,b,e,v,n,t,s)\n\t\t{if(f.fbq)return;n=f.fbq=function(){n.callMethod?\n\t\tn.callMethod.apply(n,arguments):n.queue.push(arguments)};\n\t\tif(!f._fbq)f._fbq=n;n.push=n;n.loaded=!0;n.version='2.0';\n\t\tn.queue=[];t=b.createElement(e);t.async=!0;\n\t\tt.src=v;s=b.getElementsByTagName(e)[0];\n\t\ts.parentNode.insertBefore(t,s)}(window, document,'script',\n\t\t'https:\/\/connect.facebook.net\/en_US\/fbevents.js');\n\t\tfbq('consent', consent);\n\t\tfbq('init', '989222871864976');\n\t\tfbq('track', 'PageView');\n\t<\/script><script type=\"module\">\n\t\tvar consent=\"grant\";\n\t\t\/* The above code is parsing the JSON data from the local storage and storing it in a variable. *\/\n\t\t\tconst onetrustStorageConsent = JSON.parse(localStorage.getItem( 'consent_one_trust_bdc' ) );\n\t\t\t\/* Checking to see if the user has consented to the use of cookies.\n\t\t\t* If they have not, it is deleting the cookie.\n\t\t\t* This will comment for now, until further notice.\n\t\t\t*\/\n\t\t\t\/\/if ( onetrustStorageConsent.C0002 === false ) {\n\t\t\t\/\/\tdocument.cookie=\"_fbp=;expires=Thu, 01 Jan 2010 00:00:00 UTC; path=\/; domain=.boston.com\";\n\t\t\t\/\/}\n\t\t\t\/* Checking if the user has given consent for the cookie C0002.\n\t\t\t* If the user has given consent, the variable consent will be set to 'grant'.\n\t\t\t* If the user has not given consent,the variable consent will be set to 'revoke'.\n\t\t\t* Documentation https:\/\/developers.facebook.com\/docs\/meta-pixel\/implementation\/gdpr\n\t\t\t*\/\n\t\t\tif ( ( onetrustStorageConsent !== null ) && (onetrustStorageConsent.C0002 !== true ) ) {\n\t\t\t\tconsent=\"revoke\";\n\t\t\t}\n\t\t\t\t!function(f,b,e,v,n,t,s){if(f.fbq)return;n=f.fbq=function()\n\t\t{n.callMethod? n.callMethod.apply(n,arguments):n.queue.push(arguments)}\n\t\t;if(!f._fbq)f._fbq=n;\n\t\tn.push=n;n.loaded=!0;n.version='2.0';n.queue=[];t=b.createElement(e);t.async=!0;\n\t\tt.src=v;s=b.getElementsByTagName(e)[0];s.parentNode.insertBefore(t,s)}(window,\n\t\tdocument,'script','https:\/\/connect.facebook.net\/en_US\/fbevents.js');\n\t\tfbq('consent', consent);\n\t\tfbq('init', '813236348753005');\n\t\tfbq('track', \"PageView\");\n\t<\/script><script async src=\"\/\/www.instagram.com\/embed.js\"><\/script><br \/>\n<br \/><br \/>\n<br \/><a href=\"https:\/\/www.boston.com\/sports\/sports\/2024\/11\/20\/soccer-kristie-mewis-sam-kerr-baby\/\">Source link <\/a><\/p>","protected":false},"excerpt":{"rendered":"<p>Esportes Mewis, ex-aluna do Boston College e nativa de Hanson, compartilhou suas not\u00edcias sobre gravidez no Instagram. Kristie Mewis e Sam Kerr participam da gala Reimagining the Future para a&hellip;<\/p>","protected":false},"author":1,"featured_media":62815,"comment_status":"closed","ping_status":"open","sticky":false,"template":"","format":"standard","meta":{"content-type":"","footnotes":""},"categories":[1],"tags":[],"class_list":["post-62814","post","type-post","status-publish","format-standard","has-post-thumbnail","hentry","category-uncategorized"],"_links":{"self":[{"href":"https:\/\/tvbrazilusa.com\/pt\/wp-json\/wp\/v2\/posts\/62814","targetHints":{"allow":["GET"]}}],"collection":[{"href":"https:\/\/tvbrazilusa.com\/pt\/wp-json\/wp\/v2\/posts"}],"about":[{"href":"https:\/\/tvbrazilusa.com\/pt\/wp-json\/wp\/v2\/types\/post"}],"author":[{"embeddable":true,"href":"https:\/\/tvbrazilusa.com\/pt\/wp-json\/wp\/v2\/users\/1"}],"replies":[{"embeddable":true,"href":"https:\/\/tvbrazilusa.com\/pt\/wp-json\/wp\/v2\/comments?post=62814"}],"version-history":[{"count":1,"href":"https:\/\/tvbrazilusa.com\/pt\/wp-json\/wp\/v2\/posts\/62814\/revisions"}],"predecessor-version":[{"id":62816,"href":"https:\/\/tvbrazilusa.com\/pt\/wp-json\/wp\/v2\/posts\/62814\/revisions\/62816"}],"wp:featuredmedia":[{"embeddable":true,"href":"https:\/\/tvbrazilusa.com\/pt\/wp-json\/wp\/v2\/media\/62815"}],"wp:attachment":[{"href":"https:\/\/tvbrazilusa.com\/pt\/wp-json\/wp\/v2\/media?parent=62814"}],"wp:term":[{"taxonomy":"category","embeddable":true,"href":"https:\/\/tvbrazilusa.com\/pt\/wp-json\/wp\/v2\/categories?post=62814"},{"taxonomy":"post_tag","embeddable":true,"href":"https:\/\/tvbrazilusa.com\/pt\/wp-json\/wp\/v2\/tags?post=62814"}],"curies":[{"name":"wp","href":"https:\/\/api.w.org\/{rel}","templated":true}]}}