{"id":62819,"date":"2024-11-20T19:44:33","date_gmt":"2024-11-20T19:44:33","guid":{"rendered":"https:\/\/tvbrazilusa.com\/2024\/11\/20\/unico-que-sofreu-tentativa-real-de-assassinato-foi-jair-bolsonaro-diz-carlos\/"},"modified":"2024-11-20T19:44:34","modified_gmt":"2024-11-20T19:44:34","slug":"unico-que-sofreu-tentativa-real-de-assassinato-foi-jair-bolsonaro-diz-carlos","status":"publish","type":"post","link":"https:\/\/tvbrazilusa.com\/pt\/2024\/11\/20\/unico-que-sofreu-tentativa-real-de-assassinato-foi-jair-bolsonaro-diz-carlos\/","title":{"rendered":"&#8216;\u00danico que sofreu tentativa real de assassinato foi Jair Bolsonaro&#8217;, diz Carlos"},"content":{"rendered":"<p> <script async src=\"https:\/\/pagead2.googlesyndication.com\/pagead\/js\/adsbygoogle.js?client=ca-pub-8864793242727901\"\r\n     crossorigin=\"anonymous\"><\/script><br \/>\n<\/p>\n<div id=\"taboola-read-more\" style=\"display:block; width:100%\">\n<p>O vereador Carlos Bolsonaro (PL-RJ) se pronunciou nesta ter\u00e7a-feira (19) ap\u00f3s a opera\u00e7\u00e3o da Pol\u00edcia Federal (PF) que realizou pris\u00f5es ligadas a um suposto plano de assassinato do presidente Luiz In\u00e1cio Lula da Silva (PT), do vice-presidente Geraldo Alckmin (PSB) e do ministro Alexandre de Moraes, do Supremo Tribunal Federal (STF).\n<\/p>\n<p>Em uma postagem na rede social X, Carlos disse que \u201co \u00fanico que sofreu uma tentativa real de assassinato nos \u00faltimos anos\u201d foi o ex-presidente Jair Bolsonaro (PL), em refer\u00eancia ao atentado praticado por Ad\u00e9lio Bispo contra o ent\u00e3o presidenci\u00e1vel em setembro de 2018, na cidade de Juiz de Fora, em Minas Gerais.<\/p>\n<p>O \u00fanico que sofreu uma tentativa real de assassinato nos \u00faltimos anos foi Jair Bolsonaro, cometido por antigo integrante do PSOL, bra\u00e7o pol\u00edtico sangu\u00edneo do PT. Esse fato a PF aos olhos de muitos nunca teve o interesse mais ass\u00edduo em resolver. O delegado encarregado do inqu\u00e9rito, que parece ter ignorado mais de uma dezena de ind\u00edcios, ocupa hoje a diretoria de intelig\u00eancia da PF do PT. Coincid\u00eancias \u2013 disse.\n<\/p>\n<p>SOBRE A OPERA\u00c7\u00c3O DA PF<br \/>De acordo com a Pol\u00edcia Federal, foi identificada a exist\u00eancia de um detalhado planejamento operacional, denominado \u201cPunhal Verde e Amarelo\u201d, que seria executado no dia 15 de dezembro de 2022, voltado ao homic\u00eddio do ent\u00e3o presidente eleito Luiz In\u00e1cio Lula da Silva (PT) e do vice-presidente eleito Geraldo Alckmin (PSB). O ministro Alexandre de Moraes tamb\u00e9m estaria entre os alvos.\n<\/p>\n<p>\u2013 As investiga\u00e7\u00f5es apontam que a organiza\u00e7\u00e3o criminosa se utilizou de elevado n\u00edvel de conhecimento t\u00e9cnico-militar para planejar, coordenar e executar a\u00e7\u00f5es il\u00edcitas nos meses de novembro e dezembro de 2022. Os investigados s\u00e3o, em sua maioria, militares com forma\u00e7\u00e3o em For\u00e7as Especiais (FE) \u2013 disse a PF.\n<\/p>\n<p>Na a\u00e7\u00e3o, foram presos quatro militares do Ex\u00e9rcito e um agente da PF, al\u00e9m de serem cumpridos tr\u00eas mandados de busca e apreens\u00e3o e 15 medidas cautelares diversas da pris\u00e3o. O Ex\u00e9rcito Brasileiro acompanhou o cumprimento dos mandados, que foram efetivados no Rio de Janeiro, Goi\u00e1s, Amazonas e Distrito Federal.\n<\/p>\n<p>Fonte: Pleno News              <\/p>\n<\/div>\n<p><br \/>\n<br \/><a href=\"https:\/\/diariodobrasilnoticias.com.br\/noticia\/-unico-que-sofreu-tentativa-real-de-assassinato-foi-jair-bolsonaro-diz-carlos-673e2004e2288\">Source link <\/a><\/p>","protected":false},"excerpt":{"rendered":"<p>O vereador Carlos Bolsonaro (PL-RJ) se pronunciou nesta ter\u00e7a-feira (19) ap\u00f3s a opera\u00e7\u00e3o da Pol\u00edcia Federal (PF) que realizou pris\u00f5es ligadas a um suposto plano de assassinato do presidente Luiz&hellip;<\/p>","protected":false},"author":1,"featured_media":62820,"comment_status":"closed","ping_status":"open","sticky":false,"template":"","format":"standard","meta":{"content-type":"","footnotes":""},"categories":[16],"tags":[123,2448,5313,1267],"class_list":["post-62819","post","type-post","status-publish","format-standard","has-post-thumbnail","hentry","category-noticias","tag-brasil","tag-diario","tag-noticia","tag-noticias"],"_links":{"self":[{"href":"https:\/\/tvbrazilusa.com\/pt\/wp-json\/wp\/v2\/posts\/62819","targetHints":{"allow":["GET"]}}],"collection":[{"href":"https:\/\/tvbrazilusa.com\/pt\/wp-json\/wp\/v2\/posts"}],"about":[{"href":"https:\/\/tvbrazilusa.com\/pt\/wp-json\/wp\/v2\/types\/post"}],"author":[{"embeddable":true,"href":"https:\/\/tvbrazilusa.com\/pt\/wp-json\/wp\/v2\/users\/1"}],"replies":[{"embeddable":true,"href":"https:\/\/tvbrazilusa.com\/pt\/wp-json\/wp\/v2\/comments?post=62819"}],"version-history":[{"count":1,"href":"https:\/\/tvbrazilusa.com\/pt\/wp-json\/wp\/v2\/posts\/62819\/revisions"}],"predecessor-version":[{"id":62821,"href":"https:\/\/tvbrazilusa.com\/pt\/wp-json\/wp\/v2\/posts\/62819\/revisions\/62821"}],"wp:featuredmedia":[{"embeddable":true,"href":"https:\/\/tvbrazilusa.com\/pt\/wp-json\/wp\/v2\/media\/62820"}],"wp:attachment":[{"href":"https:\/\/tvbrazilusa.com\/pt\/wp-json\/wp\/v2\/media?parent=62819"}],"wp:term":[{"taxonomy":"category","embeddable":true,"href":"https:\/\/tvbrazilusa.com\/pt\/wp-json\/wp\/v2\/categories?post=62819"},{"taxonomy":"post_tag","embeddable":true,"href":"https:\/\/tvbrazilusa.com\/pt\/wp-json\/wp\/v2\/tags?post=62819"}],"curies":[{"name":"wp","href":"https:\/\/api.w.org\/{rel}","templated":true}]}}