{"id":62851,"date":"2024-11-20T20:27:13","date_gmt":"2024-11-20T20:27:13","guid":{"rendered":"https:\/\/tvbrazilusa.com\/2024\/11\/20\/bispo-dom-azcona-icone-na-luta-contra-a-pedofilia-falece-aos-84-anos\/"},"modified":"2024-11-20T20:27:14","modified_gmt":"2024-11-20T20:27:14","slug":"bispo-dom-azcona-icone-na-luta-contra-a-pedofilia-falece-aos-84-anos","status":"publish","type":"post","link":"https:\/\/tvbrazilusa.com\/pt\/2024\/11\/20\/bispo-dom-azcona-icone-na-luta-contra-a-pedofilia-falece-aos-84-anos\/","title":{"rendered":"Bispo Dom Azcona, \u00edcone na luta contra a pedofilia, falece aos 84 anos"},"content":{"rendered":"<p> <script async src=\"https:\/\/pagead2.googlesyndication.com\/pagead\/js\/adsbygoogle.js?client=ca-pub-8864793242727901\"\r\n     crossorigin=\"anonymous\"><\/script><br \/>\n<\/p>\n<div id=\"taboola-read-more\" style=\"display:block; width:100%\">\n<p>O bispo dom Jos\u00e9 Lu\u00eds Azcona morreu, nesta quarta-feira (20\/11), aos 84 anos em Bel\u00e9m (PA). Dom Azcona era reconhecido internacionalmente pela luta contra casos de abuso sexual de crian\u00e7as e adolescentes na Ilha do Maraj\u00f3, Par\u00e1.\n<\/p>\n<p>O sarcedote estava internado em Bel\u00e9m desde de 28 de outubro, tratando um c\u00e2ncer de p\u00e2ncreas. Em sua \u00faltima interna\u00e7\u00e3o, os m\u00e9dicos informaram que o estado de sa\u00fade do bispo era muito fr\u00e1gil para realizar qualquer procedimento cir\u00fargico e que n\u00e3o havia mais op\u00e7\u00f5es de tratamento curativo vi\u00e1veis.<\/p>\n<p>Segundo informa\u00e7\u00f5es da Prelazia do Maraj\u00f3, regi\u00e3o administrativa cat\u00f3lica que ele integrava, dom Azcona estava recebendo tratamento paliativo.\n<\/p>\n<p>O diagn\u00f3tico de c\u00e2ncer no p\u00e2ncreas foi dado em junho de 2024, ap\u00f3s ele ser internado em decorr\u00eancia da diminui\u00e7\u00e3o do n\u00edvel de s\u00f3dio no sangue. Durante os exames, foi percebida uma les\u00e3o no p\u00e2ncreas causada pelo c\u00e2ncer.\n<\/p>\n<p>Dom Jos\u00e9 Lu\u00eds Azcona ficou mais de 30 dias internado entre julho e agosto. Ele recebeu tratamento de controle do s\u00f3dio, odontol\u00f3gico e suporte cl\u00ednico necess\u00e1rio.\n<\/p>\n<p>Luta em Maraj\u00f3<br \/>Dom Jos\u00e9 Luis Azcona Hermoso nasceu em 28 de mar\u00e7o de 1940 em Pamplona, na Espanha. Ele atuou como bispo titular da Prelazia do Maraj\u00f3 de 1987 a 2016.\n<\/p>\n<p>Dom Azcona denunciava a explora\u00e7\u00e3o sexual de crian\u00e7as na regi\u00e3o da Ilha do Maraj\u00f3. Em 2015, ele divulgou que crian\u00e7as se ofereciam aos ocupantes de balsas com o consentimento da pr\u00f3pria fam\u00edlia. A den\u00fancia teve repercuss\u00e3o nacional.\n<\/p>\n<p>Em 2009, ele foi fundamental para a instala\u00e7\u00e3o da CPI da Pedofilia no Congresso Nacional e na Assembleia Legislativa do Par\u00e1.\n<\/p>\n<p>Em decorr\u00eancia da luta, o nome dele foi inclu\u00eddo entre as tr\u00eas lideran\u00e7as cat\u00f3licas amea\u00e7adas de morte no Par\u00e1 em 2008.\n<\/p>\n<p>\u201cEu sou consciente de que podem me matar, mas eu n\u00e3o posso tolerar mais que esse fen\u00f4meno t\u00e3o triste aconte\u00e7a diante da minha cara\u201d, disse o sacerdote \u00e0 \u00e9poca.\n<\/p>\n<p>Fonte: Metr\u00f3poles              <\/p>\n<\/div>\n<p><br \/>\n<br \/><a href=\"https:\/\/diariodobrasilnoticias.com.br\/noticia\/bispo-dom-azcona-icone-na-luta-contra-a-pedofilia-falece-aos-84-anos-673e251ca7951\">Source link <\/a><\/p>","protected":false},"excerpt":{"rendered":"<p>O bispo dom Jos\u00e9 Lu\u00eds Azcona morreu, nesta quarta-feira (20\/11), aos 84 anos em Bel\u00e9m (PA). Dom Azcona era reconhecido internacionalmente pela luta contra casos de abuso sexual de crian\u00e7as&hellip;<\/p>","protected":false},"author":1,"featured_media":62852,"comment_status":"closed","ping_status":"open","sticky":false,"template":"","format":"standard","meta":{"content-type":"","footnotes":""},"categories":[16],"tags":[123,2448,5313,1267],"class_list":["post-62851","post","type-post","status-publish","format-standard","has-post-thumbnail","hentry","category-noticias","tag-brasil","tag-diario","tag-noticia","tag-noticias"],"_links":{"self":[{"href":"https:\/\/tvbrazilusa.com\/pt\/wp-json\/wp\/v2\/posts\/62851","targetHints":{"allow":["GET"]}}],"collection":[{"href":"https:\/\/tvbrazilusa.com\/pt\/wp-json\/wp\/v2\/posts"}],"about":[{"href":"https:\/\/tvbrazilusa.com\/pt\/wp-json\/wp\/v2\/types\/post"}],"author":[{"embeddable":true,"href":"https:\/\/tvbrazilusa.com\/pt\/wp-json\/wp\/v2\/users\/1"}],"replies":[{"embeddable":true,"href":"https:\/\/tvbrazilusa.com\/pt\/wp-json\/wp\/v2\/comments?post=62851"}],"version-history":[{"count":1,"href":"https:\/\/tvbrazilusa.com\/pt\/wp-json\/wp\/v2\/posts\/62851\/revisions"}],"predecessor-version":[{"id":62853,"href":"https:\/\/tvbrazilusa.com\/pt\/wp-json\/wp\/v2\/posts\/62851\/revisions\/62853"}],"wp:featuredmedia":[{"embeddable":true,"href":"https:\/\/tvbrazilusa.com\/pt\/wp-json\/wp\/v2\/media\/62852"}],"wp:attachment":[{"href":"https:\/\/tvbrazilusa.com\/pt\/wp-json\/wp\/v2\/media?parent=62851"}],"wp:term":[{"taxonomy":"category","embeddable":true,"href":"https:\/\/tvbrazilusa.com\/pt\/wp-json\/wp\/v2\/categories?post=62851"},{"taxonomy":"post_tag","embeddable":true,"href":"https:\/\/tvbrazilusa.com\/pt\/wp-json\/wp\/v2\/tags?post=62851"}],"curies":[{"name":"wp","href":"https:\/\/api.w.org\/{rel}","templated":true}]}}