{"id":62854,"date":"2024-11-20T20:30:21","date_gmt":"2024-11-20T20:30:21","guid":{"rendered":"https:\/\/tvbrazilusa.com\/2024\/11\/20\/homem-e-preso-apos-esfaquear-em-frente-a-restaurante-cubano-west-miami-dade-wsvn-7news-noticias-de-miami-clima-esportes-fort-lauderdale\/"},"modified":"2024-11-20T20:31:40","modified_gmt":"2024-11-20T20:31:40","slug":"homem-e-preso-apos-esfaquear-em-frente-a-restaurante-cubano-west-miami-dade-wsvn-7news-noticias-de-miami-clima-esportes-fort-lauderdale","status":"publish","type":"post","link":"https:\/\/tvbrazilusa.com\/pt\/2024\/11\/20\/homem-e-preso-apos-esfaquear-em-frente-a-restaurante-cubano-west-miami-dade-wsvn-7news-noticias-de-miami-clima-esportes-fort-lauderdale\/","title":{"rendered":"Homem \u00e9 preso ap\u00f3s esfaquear em frente a restaurante cubano West Miami-Dade &#8211; WSVN 7News | Not\u00edcias de Miami, clima, esportes | Fort Lauderdale"},"content":{"rendered":"<p> <script async src=\"https:\/\/pagead2.googlesyndication.com\/pagead\/js\/adsbygoogle.js?client=ca-pub-8864793242727901\"\r\n     crossorigin=\"anonymous\"><\/script><br \/>\n<\/p>\n<div itemprop=\"articleBody\">\n<p>WEST MIAMI-DADE, FLA. (WSVN) &#8211; Um homem foi preso na tarde de quarta-feira, menos de 24 horas depois de supostamente <a href=\"https:\/\/wsvn.com\/news\/local\/miami-dade\/man-in-critical-condition-after-stabbing-at-cuban-cafeteria-in-west-miami-dade\/\" data-type=\"link\" data-id=\"https:\/\/wsvn.com\/news\/local\/miami-dade\/man-in-critical-condition-after-stabbing-at-cuban-cafeteria-in-west-miami-dade\/\" target=\"_blank\" rel=\"noreferrer noopener\">esfaqueando outro homem<\/a> do lado de fora de um restaurante cubano em West Miami-Dade.<\/p>\n<p>De acordo com a Pol\u00edcia de Miami-Dade, o incidente come\u00e7ou na noite de ter\u00e7a-feira, quando o suspeito, que teria cabelo azul brilhante, entrou na Cafeteria Sabor Cubano e supostamente assediou um funcion\u00e1rio. <\/p>\n<p>Outro cliente interveio e saiu para o estacionamento com o suspeito, onde a alterca\u00e7\u00e3o rapidamente se tornou violenta. <\/p>\n<p>Segundo a pol\u00edcia, o suspeito esfaqueou a v\u00edtima diversas vezes.<\/p>\n<p>O homem ferido foi levado \u00e0s pressas para o HCA Florida Kendall Hospital, onde permanece em estado cr\u00edtico.<\/p>\n<p>As autoridades conseguiram localizar e prender o suspeito na tarde de quarta-feira. O v\u00eddeo da pris\u00e3o mostra o homem sendo algemado enquanto os policiais respondem ao local. <\/p>\n<p><em>Copyright 2024 Sunbeam Television Corp. Todos os direitos reservados. Este material n\u00e3o pode ser publicado, transmitido, reescrito ou redistribu\u00eddo.<\/em><\/p>\n<div class=\"wp-block-newsletter\">\n\t<strong class=\"wp-block-newsletter__title\">Cadastre-se em nosso boletim informativo para receber as \u00faltimas not\u00edcias diretamente em sua caixa de entrada<\/strong><\/p>\n<\/div><\/div>\n<p><br \/>\n<br \/><a href=\"https:\/\/wsvn.com\/news\/local\/miami-dade\/man-arrested-after-stabbing-outside-west-miami-dade-cuban-restaurant\/\">Source link <\/a><\/p>","protected":false},"excerpt":{"rendered":"<p>WEST MIAMI-DADE, FLA. (WSVN) &#8211; Um homem foi preso na tarde de quarta-feira, menos de 24 horas depois de supostamente esfaqueando outro homem do lado de fora de um restaurante&hellip;<\/p>","protected":false},"author":1,"featured_media":62855,"comment_status":"closed","ping_status":"open","sticky":false,"template":"","format":"standard","meta":{"content-type":"","footnotes":""},"categories":[1],"tags":[],"class_list":["post-62854","post","type-post","status-publish","format-standard","has-post-thumbnail","hentry","category-uncategorized"],"_links":{"self":[{"href":"https:\/\/tvbrazilusa.com\/pt\/wp-json\/wp\/v2\/posts\/62854","targetHints":{"allow":["GET"]}}],"collection":[{"href":"https:\/\/tvbrazilusa.com\/pt\/wp-json\/wp\/v2\/posts"}],"about":[{"href":"https:\/\/tvbrazilusa.com\/pt\/wp-json\/wp\/v2\/types\/post"}],"author":[{"embeddable":true,"href":"https:\/\/tvbrazilusa.com\/pt\/wp-json\/wp\/v2\/users\/1"}],"replies":[{"embeddable":true,"href":"https:\/\/tvbrazilusa.com\/pt\/wp-json\/wp\/v2\/comments?post=62854"}],"version-history":[{"count":1,"href":"https:\/\/tvbrazilusa.com\/pt\/wp-json\/wp\/v2\/posts\/62854\/revisions"}],"predecessor-version":[{"id":62856,"href":"https:\/\/tvbrazilusa.com\/pt\/wp-json\/wp\/v2\/posts\/62854\/revisions\/62856"}],"wp:featuredmedia":[{"embeddable":true,"href":"https:\/\/tvbrazilusa.com\/pt\/wp-json\/wp\/v2\/media\/62855"}],"wp:attachment":[{"href":"https:\/\/tvbrazilusa.com\/pt\/wp-json\/wp\/v2\/media?parent=62854"}],"wp:term":[{"taxonomy":"category","embeddable":true,"href":"https:\/\/tvbrazilusa.com\/pt\/wp-json\/wp\/v2\/categories?post=62854"},{"taxonomy":"post_tag","embeddable":true,"href":"https:\/\/tvbrazilusa.com\/pt\/wp-json\/wp\/v2\/tags?post=62854"}],"curies":[{"name":"wp","href":"https:\/\/api.w.org\/{rel}","templated":true}]}}