{"id":62862,"date":"2024-11-20T20:39:05","date_gmt":"2024-11-20T20:39:05","guid":{"rendered":"https:\/\/tvbrazilusa.com\/2024\/11\/20\/junto-a-xi-jinping-lula-menciona-as-guerras-e-afirma-que-brasil-e-china-priorizam-a-paz-e-o-dialogo\/"},"modified":"2024-11-20T20:39:06","modified_gmt":"2024-11-20T20:39:06","slug":"junto-a-xi-jinping-lula-menciona-as-guerras-e-afirma-que-brasil-e-china-priorizam-a-paz-e-o-dialogo","status":"publish","type":"post","link":"https:\/\/tvbrazilusa.com\/pt\/2024\/11\/20\/junto-a-xi-jinping-lula-menciona-as-guerras-e-afirma-que-brasil-e-china-priorizam-a-paz-e-o-dialogo\/","title":{"rendered":"Junto a Xi Jinping, Lula menciona as guerras e afirma que Brasil e China priorizam a paz e o di\u00e1logo"},"content":{"rendered":"<p> <script async src=\"https:\/\/pagead2.googlesyndication.com\/pagead\/js\/adsbygoogle.js?client=ca-pub-8864793242727901\"\r\n     crossorigin=\"anonymous\"><\/script><br \/>\n<\/p>\n<div id=\"taboola-read-more\" style=\"display:block; width:100%\">\n<p>O presidente Luiz In\u00e1cio Lula da Silva (PT) disse nesta quarta-feira (20) em Bras\u00edlia, ao receber o presidente Xi Jinping, que o Brasil e a China colocam a &#8220;paz e o di\u00e1logo&#8221; em primeiro lugar nas suas rela\u00e7\u00f5es internacionais, ao falar sobre os conflitos armados que &#8220;assolam o mundo&#8221;\n<\/p>\n<p>O petista deu as declara\u00e7\u00f5es ao lado do presidente chin\u00eas, com quem se reuniu no Pal\u00e1cio da Alvorada. Lula voltou a defender uma reforma de organismos internacionais, caso do Conselho de Seguran\u00e7a da ONU, com maior participa\u00e7\u00e3o dos pa\u00edses em desenvolvimento.<\/p>\n<p>&#8220;Defendemos a reforma da governan\u00e7a global e um sistema internacional mais democr\u00e1tico, justo, equitativo e ambientalmente sustent\u00e1vel. Em um mundo assolado por conflitos armados e tens\u00f5es geopol\u00edticas, China e Brasil colocam a paz, a diplomacia e o di\u00e1logo em primeiro lugar&#8221;, afirmou Lula em declara\u00e7\u00e3o \u00e0 imprensa.\n<\/p>\n<p>O Brasil e a China fazem parte de um grupo de pa\u00edses que tenta negociar uma sa\u00edda pela paz no leste europeu. Lula n\u00e3o citou no discurso o ditador russo, Vladimir Putin , que invadiu a Ucr\u00e2nia em fevereiro de 2022.\n<\/p>\n<p>Ap\u00f3s o encontro com a comitiva chinesa, que participou no Rio de Janeiro da C\u00fapula do G20, Lula destacou ainda o lan\u00e7amento da Alian\u00e7a Global contraa Fome e a Pobreza, e acrescentou que &#8220;jamais venceremos o flagelo da fome em meio \u00e0 insensatez das guerras&#8221;.\n<\/p>\n<p>Sobre a guerra na Faixa de Gaza, invadida por Israel, o presidente chin\u00eas afirmou que a situa\u00e7\u00e3o humanit\u00e1ria segue se deteriorando e cobrou maior empenho da comunidade internacional em uma a\u00e7\u00e3o imediata de cessar-fogo e assist\u00eancia humanit\u00e1ria, bem como uma solu\u00e7\u00e3o duradoura que, segundo ele, precisa assegura a exist\u00eancia de dois Estados.\n<\/p>\n<p>Lula e Xi Jinping devem voltar a se encontrar no ano que vem, quando o Brasil sediar\u00e1 uma nova c\u00fapula dos Brics, em julho. A presen\u00e7a do chin\u00eas tamb\u00e9m \u00e9 aguardada na Confer\u00eancia das Na\u00e7\u00f5es Unidas sobre Mudan\u00e7as Clim\u00e1ticas (COP30), que ser\u00e1 realizada no final do ano que vem em Bel\u00e9m.\n<\/p>\n<p>Fonte: Gazeta do Povo              <\/p>\n<\/div>\n<p><br \/>\n<br \/><a href=\"https:\/\/diariodobrasilnoticias.com.br\/noticia\/junto-a-xi-jinping-lula-menciona-as-guerras-e-afirma-que-brasil-e-china-priorizam-a-paz-e-o-dialogo-673e33f4aef7a\">Source link <\/a><\/p>","protected":false},"excerpt":{"rendered":"<p>O presidente Luiz In\u00e1cio Lula da Silva (PT) disse nesta quarta-feira (20) em Bras\u00edlia, ao receber o presidente Xi Jinping, que o Brasil e a China colocam a &#8220;paz e&hellip;<\/p>","protected":false},"author":1,"featured_media":62863,"comment_status":"closed","ping_status":"open","sticky":false,"template":"","format":"standard","meta":{"content-type":"","footnotes":""},"categories":[16],"tags":[123,2448,5313,1267],"class_list":["post-62862","post","type-post","status-publish","format-standard","has-post-thumbnail","hentry","category-noticias","tag-brasil","tag-diario","tag-noticia","tag-noticias"],"_links":{"self":[{"href":"https:\/\/tvbrazilusa.com\/pt\/wp-json\/wp\/v2\/posts\/62862","targetHints":{"allow":["GET"]}}],"collection":[{"href":"https:\/\/tvbrazilusa.com\/pt\/wp-json\/wp\/v2\/posts"}],"about":[{"href":"https:\/\/tvbrazilusa.com\/pt\/wp-json\/wp\/v2\/types\/post"}],"author":[{"embeddable":true,"href":"https:\/\/tvbrazilusa.com\/pt\/wp-json\/wp\/v2\/users\/1"}],"replies":[{"embeddable":true,"href":"https:\/\/tvbrazilusa.com\/pt\/wp-json\/wp\/v2\/comments?post=62862"}],"version-history":[{"count":1,"href":"https:\/\/tvbrazilusa.com\/pt\/wp-json\/wp\/v2\/posts\/62862\/revisions"}],"predecessor-version":[{"id":62864,"href":"https:\/\/tvbrazilusa.com\/pt\/wp-json\/wp\/v2\/posts\/62862\/revisions\/62864"}],"wp:featuredmedia":[{"embeddable":true,"href":"https:\/\/tvbrazilusa.com\/pt\/wp-json\/wp\/v2\/media\/62863"}],"wp:attachment":[{"href":"https:\/\/tvbrazilusa.com\/pt\/wp-json\/wp\/v2\/media?parent=62862"}],"wp:term":[{"taxonomy":"category","embeddable":true,"href":"https:\/\/tvbrazilusa.com\/pt\/wp-json\/wp\/v2\/categories?post=62862"},{"taxonomy":"post_tag","embeddable":true,"href":"https:\/\/tvbrazilusa.com\/pt\/wp-json\/wp\/v2\/tags?post=62862"}],"curies":[{"name":"wp","href":"https:\/\/api.w.org\/{rel}","templated":true}]}}