{"id":62887,"date":"2024-11-20T21:15:09","date_gmt":"2024-11-20T21:15:09","guid":{"rendered":"https:\/\/tvbrazilusa.com\/2024\/11\/20\/moraes-menciona-seu-proprio-nome-44-vezes-em-documento-que-autorizou-operacao-da-pf\/"},"modified":"2024-11-20T21:15:10","modified_gmt":"2024-11-20T21:15:10","slug":"moraes-menciona-seu-proprio-nome-44-vezes-em-documento-que-autorizou-operacao-da-pf","status":"publish","type":"post","link":"https:\/\/tvbrazilusa.com\/pt\/2024\/11\/20\/moraes-menciona-seu-proprio-nome-44-vezes-em-documento-que-autorizou-operacao-da-pf\/","title":{"rendered":"Moraes menciona seu pr\u00f3prio nome 44 vezes em documento que autorizou opera\u00e7\u00e3o da PF"},"content":{"rendered":"<p> <script async src=\"https:\/\/pagead2.googlesyndication.com\/pagead\/js\/adsbygoogle.js?client=ca-pub-8864793242727901\"\r\n     crossorigin=\"anonymous\"><\/script><br \/>\n<\/p>\n<div id=\"taboola-read-more\" style=\"display:block; width:100%\">\n<p>Ao autorizar a Opera\u00e7\u00e3o Contragolpe, deflagrada na ter\u00e7a-feira (19) pela Pol\u00edcia Federal para prender policiais militares e um agente federal acusados de planejar a morte do presidente Lula, do vice Geraldo Alckmin e do ministro do Supremo Tribunal Federal (STF), Alexandre de Moraes, o magistrado, que tamb\u00e9m \u00e9 relator do caso, citou a si mesmo 44 vezes, reproduzindo men\u00e7\u00f5es feitas a ele na investiga\u00e7\u00e3o.\n<\/p>\n<p>Com isso, Moraes volta a ser o centro de uma decis\u00e3o na qual atua como juiz e, ao mesmo tempo, figura como suposta v\u00edtima. Um caso semelhante foi revelado h\u00e1 meses pela Folha de S.Paulo, que trouxe \u00e0 tona mensagens de ex-assessores do ministro no Tribunal Superior Eleitoral (TSE). Segundo a reportagem, essas conversas indicavam que Moraes teria agido fora do rito no chamado &#8220;inqu\u00e9rito das Fake News&#8221;, adotando a\u00e7\u00f5es que, em um processo regular, caberiam \u00e0 Pol\u00edcia Federal e \u00e0 Procuradoria-Geral da Rep\u00fablica (PGR).<\/p>\n<p>A mesma publica\u00e7\u00e3o revelou que Moraes usou a estrutura do TSE para levantar informa\u00e7\u00f5es e produzir relat\u00f3rios contra manifestantes que criticavam sua atua\u00e7\u00e3o, al\u00e9m de endurecer medidas contra o X (antigo Twitter) ap\u00f3s Elon Musk se recusar a moderar conte\u00fados que o atingiam.\n<\/p>\n<p>Na Opera\u00e7\u00e3o Contragolpe, Moraes citou seu pr\u00f3prio nome para justificar a autoriza\u00e7\u00e3o de mandados de pris\u00e3o contra suspeitos de planejar a morte de autoridades e tentar um golpe de Estado em 2022, supostamente para impedir a posse de Lula.\n<\/p>\n<p>Em um trecho da peti\u00e7\u00e3o que autorizou a a\u00e7\u00e3o, Moraes destacou que a investiga\u00e7\u00e3o identificou &#8220;a\u00e7\u00f5es operacionais il\u00edcitas executadas por militares com forma\u00e7\u00e3o em For\u00e7as Especiais (FE)&#8221;. O magistrado afirmou que tais a\u00e7\u00f5es tinham como objetivo &#8220;viabilizar o golpe de Estado&#8221; e impedir a posse de um governo legitimamente eleito, al\u00e9m de restringir o livre exerc\u00edcio do Judici\u00e1rio. Ele ainda mencionou que as condutas do grupo inclu\u00edram o &#8220;monitoramento do ministro Alexandre de Moraes&#8221;.\n<\/p>\n<p>Outro trecho relata intera\u00e7\u00f5es entre o ex-ajudante de ordens de Jair Bolsonaro, Mauro Cid, e um dos presos na opera\u00e7\u00e3o. Moraes reproduziu novamente men\u00e7\u00f5es ao seu nome: &#8220;A representa\u00e7\u00e3o policial aponta que, com o aprofundamento das investiga\u00e7\u00f5es, a partir da opera\u00e7\u00e3o Tempus Veritatis, foi poss\u00edvel identificar novos elementos de prova que evidenciaram o planejamento, organiza\u00e7\u00e3o e execu\u00e7\u00e3o de a\u00e7\u00f5es de monitoramento do ministro Alexandre de Moraes&#8221;.\n<\/p>\n<p>Ao autorizar a Opera\u00e7\u00e3o Contragolpe, deflagrada na ter\u00e7a-feira (19) pela Pol\u00edcia Federal para prender policiais militares e um agente federal acusados de planejar a morte do presidente Lula, do vice Geraldo Alckmin e do ministro do Supremo Tribunal Federal (STF), Alexandre de Moraes, o magistrado, que tamb\u00e9m \u00e9 relator do caso, citou a si mesmo mais de 40 vezes, reproduzindo men\u00e7\u00f5es feitas a ele na investiga\u00e7\u00e3o.\n<\/p>\n<p>Com isso, Moraes volta a ser o centro de uma decis\u00e3o na qual atua como juiz e, ao mesmo tempo, figura como suposta v\u00edtima. Um caso semelhante foi revelado h\u00e1 meses pela Folha de S.Paulo, que trouxe \u00e0 tona mensagens de ex-assessores do ministro no Tribunal Superior Eleitoral (TSE). Segundo a reportagem, essas conversas indicavam que Moraes teria agido fora do rito no chamado &#8220;inqu\u00e9rito das Fake News&#8221;, adotando a\u00e7\u00f5es que, em um processo regular, caberiam \u00e0 Pol\u00edcia Federal e \u00e0 Procuradoria-Geral da Rep\u00fablica (PGR).\n<\/p>\n<p>A mesma publica\u00e7\u00e3o revelou que Moraes usou a estrutura do TSE para levantar informa\u00e7\u00f5es e produzir relat\u00f3rios contra manifestantes que criticavam sua atua\u00e7\u00e3o, al\u00e9m de endurecer medidas contra o X (antigo Twitter) ap\u00f3s Elon Musk se recusar a moderar conte\u00fados que o atingiam.\n<\/p>\n<p>Na Opera\u00e7\u00e3o Contragolpe, Moraes citou seu pr\u00f3prio nome para justificar a autoriza\u00e7\u00e3o de mandados de pris\u00e3o contra suspeitos de planejar a morte de autoridades e tentar um golpe de Estado em 2022, supostamente para impedir a posse de Lula.\n<\/p>\n<p>Em um trecho da peti\u00e7\u00e3o que autorizou a a\u00e7\u00e3o, Moraes destacou que a investiga\u00e7\u00e3o identificou &#8220;a\u00e7\u00f5es operacionais il\u00edcitas executadas por militares com forma\u00e7\u00e3o em For\u00e7as Especiais (FE)&#8221;. O magistrado afirmou que tais a\u00e7\u00f5es tinham como objetivo &#8220;viabilizar o golpe de Estado&#8221; e impedir a posse de um governo legitimamente eleito, al\u00e9m de restringir o livre exerc\u00edcio do Judici\u00e1rio. Ele ainda mencionou que as condutas do grupo inclu\u00edram o &#8220;monitoramento do ministro Alexandre de Moraes&#8221;.\n<\/p>\n<p>Outro trecho relata intera\u00e7\u00f5es entre o ex-ajudante de ordens de Jair Bolsonaro, Mauro Cid, e um dos presos na opera\u00e7\u00e3o. Moraes reproduziu novamente men\u00e7\u00f5es ao seu nome: &#8220;A representa\u00e7\u00e3o policial aponta que, com o aprofundamento das investiga\u00e7\u00f5es, a partir da opera\u00e7\u00e3o Tempus Veritatis, foi poss\u00edvel identificar novos elementos de prova que evidenciaram o planejamento, organiza\u00e7\u00e3o e execu\u00e7\u00e3o de a\u00e7\u00f5es de monitoramento do ministro Alexandre de Moraes&#8221;.\n<\/p>\n<p>Jurista critica atua\u00e7\u00e3o de Moraes\n<\/p>\n<p>O jurista Fabr\u00edcio Rebelo reagiu ao caso no X (antigo Twitter), afirmando que \u201cse a hip\u00f3tese de suspeita de crime envolve homic\u00eddio, a pretensa v\u00edtima jamais pode figurar como juiz do caso\u201d. Ele tamb\u00e9m ironizou a complexidade da opera\u00e7\u00e3o: \u201cO mirabolante suposto planejamento faria inveja aos personagens Pink e C\u00e9rebro\u201d, em refer\u00eancia ao desenho animado dos anos 1990. Os ratos, conhecidos por planos absurdos para dominar o mundo, enfrentam constantemente situa\u00e7\u00f5es c\u00f4micas e frustrantes.\n<\/p>\n<p>Rebelo ainda afirmou que opera\u00e7\u00f5es como a Contragolpe refor\u00e7am a sensa\u00e7\u00e3o de que \u201co Direito Penal morreu\u201d. Segundo ele, do chamado &#8220;Estado Democr\u00e1tico de Direito&#8221;, restaria apenas o &#8220;Estado&#8221;.\n<\/p>\n<p>Aliados de Bolsonaro criticam opera\u00e7\u00e3o<br \/>Parlamentares ligados ao ex-presidente Jair Bolsonaro criticaram a opera\u00e7\u00e3o, classificando-a como uma tentativa de associ\u00e1-lo a um suposto golpe.\n<\/p>\n<p>O senador Fl\u00e1vio Bolsonaro (PL-RJ) declarou que, embora planejar um assassinato seja \u201crepugnante\u201d, isso ainda n\u00e3o configura crime no Brasil. Ele defendeu seu projeto de lei para criminalizar atos preparat\u00f3rios e classificou as pris\u00f5es como \u201cantidemocr\u00e1ticas\u201d e sem respaldo legal.\n<\/p>\n<p>Carla Zambelli (PL-SP) chamou a opera\u00e7\u00e3o de \u201ccortina de fuma\u00e7a\u201d e afirmou que se tratava de uma tentativa de desviar o foco de problemas do governo Lula. Sem citar nomes, ela disse que \u201cn\u00e3o seguem a lei faz tempo\u201d e considerou repugnante qualquer tentativa de vincular Bolsonaro ao caso.\n<\/p>\n<p>O advogado do ex-presidente, F\u00e1bio Wajngarten, acusou o governo de usar a opera\u00e7\u00e3o para abafar crises internas. Ele classificou como \u201cabsolutamente inconsequente\u201d a fala do ministro Paulo Pimenta, que sugeriu liga\u00e7\u00e3o entre o grupo preso e o n\u00facleo bolsonarista.\n<\/p>\n<p>J\u00e1 o deputado federal Nikolas Ferreira (PL-MG) ironizou: \u201cA Janja fez tanta besteira que tiveram que voltar com o tal golpe de Estado\u201d.\n<\/p>\n<p>Fonte: Gazeta do Povo              <\/p>\n<\/div>\n<p><br \/>\n<br \/><a href=\"https:\/\/diariodobrasilnoticias.com.br\/noticia\/moraes-menciona-seu-proprio-nome-44-vezes-em-documento-que-autorizou-operacao-da-pf-673e3482b506e\">Source link <\/a><\/p>","protected":false},"excerpt":{"rendered":"<p>Ao autorizar a Opera\u00e7\u00e3o Contragolpe, deflagrada na ter\u00e7a-feira (19) pela Pol\u00edcia Federal para prender policiais militares e um agente federal acusados de planejar a morte do presidente Lula, do vice&hellip;<\/p>","protected":false},"author":1,"featured_media":62888,"comment_status":"closed","ping_status":"open","sticky":false,"template":"","format":"standard","meta":{"content-type":"","footnotes":""},"categories":[16],"tags":[123,2448,5313,1267],"class_list":["post-62887","post","type-post","status-publish","format-standard","has-post-thumbnail","hentry","category-noticias","tag-brasil","tag-diario","tag-noticia","tag-noticias"],"_links":{"self":[{"href":"https:\/\/tvbrazilusa.com\/pt\/wp-json\/wp\/v2\/posts\/62887","targetHints":{"allow":["GET"]}}],"collection":[{"href":"https:\/\/tvbrazilusa.com\/pt\/wp-json\/wp\/v2\/posts"}],"about":[{"href":"https:\/\/tvbrazilusa.com\/pt\/wp-json\/wp\/v2\/types\/post"}],"author":[{"embeddable":true,"href":"https:\/\/tvbrazilusa.com\/pt\/wp-json\/wp\/v2\/users\/1"}],"replies":[{"embeddable":true,"href":"https:\/\/tvbrazilusa.com\/pt\/wp-json\/wp\/v2\/comments?post=62887"}],"version-history":[{"count":1,"href":"https:\/\/tvbrazilusa.com\/pt\/wp-json\/wp\/v2\/posts\/62887\/revisions"}],"predecessor-version":[{"id":62889,"href":"https:\/\/tvbrazilusa.com\/pt\/wp-json\/wp\/v2\/posts\/62887\/revisions\/62889"}],"wp:featuredmedia":[{"embeddable":true,"href":"https:\/\/tvbrazilusa.com\/pt\/wp-json\/wp\/v2\/media\/62888"}],"wp:attachment":[{"href":"https:\/\/tvbrazilusa.com\/pt\/wp-json\/wp\/v2\/media?parent=62887"}],"wp:term":[{"taxonomy":"category","embeddable":true,"href":"https:\/\/tvbrazilusa.com\/pt\/wp-json\/wp\/v2\/categories?post=62887"},{"taxonomy":"post_tag","embeddable":true,"href":"https:\/\/tvbrazilusa.com\/pt\/wp-json\/wp\/v2\/tags?post=62887"}],"curies":[{"name":"wp","href":"https:\/\/api.w.org\/{rel}","templated":true}]}}