{"id":62895,"date":"2024-11-20T21:17:53","date_gmt":"2024-11-20T21:17:53","guid":{"rendered":"https:\/\/tvbrazilusa.com\/2024\/11\/20\/justbook-ish-um-espaco-de-encontro-literario-esta-abrindo-em-dorchester\/"},"modified":"2024-11-20T21:20:37","modified_gmt":"2024-11-20T21:20:37","slug":"justbook-ish-um-espaco-de-encontro-literario-esta-abrindo-em-dorchester","status":"publish","type":"post","link":"https:\/\/tvbrazilusa.com\/pt\/2024\/11\/20\/justbook-ish-um-espaco-de-encontro-literario-esta-abrindo-em-dorchester\/","title":{"rendered":"JustBook-ish, um \u2018espa\u00e7o de encontro liter\u00e1rio\u2019, est\u00e1 abrindo em Dorchester"},"content":{"rendered":"<p> <script async src=\"https:\/\/pagead2.googlesyndication.com\/pagead\/js\/adsbygoogle.js?client=ca-pub-8864793242727901\"\r\n     crossorigin=\"anonymous\"><\/script><br \/>\n<\/p>\n<div id=\"\">\n<header class=\"m-article-header m-article-header--standard\">\n\t\t\t\t\t\t\t\t\t\t\t\t<span id=\"article-header-primary-term\"><br \/>\n\t\t\t\t\t\t\t\t<a class=\"a-term a-term--primary\" href=\"https:\/\/www.boston.com\/tag\/books\/\"><\/p>\n<p>\t\t\t\t\t\t\t\tLivros\t\t\t\t\t\t\t\t<\/a><br \/>\n\t\t\t\t\t\t\t<\/span><\/p>\n<h2 class=\"m-article-header__sub-headline\">A livraria Fields Corner \u00e9 cofundada pelo poeta laureado de Boston Porsha Olayiwola e Bing Broderick, ex-diretor executivo da Haley House.<\/h2>\n<figure class=\"a-photo m-article-header__photo\"><figcaption class=\"a-photo__caption\">\n<p>\tJustBook-ish, localizado na 1463 Dorchester Ave., \u00e9 um local de encontro liter\u00e1rio altamente selecionado na \u00e1rea de Fields Corner, em Dorchester, co-fundado pelo poeta laureado de Boston, Porsha Olayiwola. <em> (Annie Jonas\/equipe do Boston.com)<\/em>\t<\/figcaption><\/figure>\n<\/header>\n<p>Um \u201cespa\u00e7o de encontro liter\u00e1rio\u201d h\u00e1 muito aguardado e ansiosamente aguardado est\u00e1 sendo inaugurado em <a href=\"https:\/\/www.boston.com\/tag\/dorchester\">Dorchester<\/a>bairro Field Corner.<\/p>\n<p><a href=\"https:\/\/justbook-ish.com\/\">Apenas livro<\/a>uma livraria fundada pelo poeta laureado de Boston Porsha Olayiwola e Bing Broderick, ex-diretor executivo da Haley House, \u00e9 um espa\u00e7o comunit\u00e1rio com \u00eanfase em escritores \u201ccujo trabalho frequentemente desafia paradigmas pol\u00edticos\u201d, de acordo com seu site. <\/p>\n<figure class=\"wp-block-image size-full\"><img loading=\"lazy\" decoding=\"async\" width=\"2560\" height=\"1707\" src=\"https:\/\/bdc2020.o0bc.com\/wp-content\/uploads\/2024\/11\/s3___bgmp-arc_arc-feeds_generic-photos_to-arc_kreiter03012021poet2-673e3df3f0344-scaled.jpg\" alt=\"\" class=\"wp-image-32380221\" srcset=\"https:\/\/bdc2020.o0bc.com\/wp-content\/uploads\/2024\/11\/s3___bgmp-arc_arc-feeds_generic-photos_to-arc_kreiter03012021poet2-673e3df3f0344-scaled.jpg?width=200 200w, https:\/\/bdc2020.o0bc.com\/wp-content\/uploads\/2024\/11\/s3___bgmp-arc_arc-feeds_generic-photos_to-arc_kreiter03012021poet2-673e3df3f0344-scaled.jpg?width=300 300w, https:\/\/bdc2020.o0bc.com\/wp-content\/uploads\/2024\/11\/s3___bgmp-arc_arc-feeds_generic-photos_to-arc_kreiter03012021poet2-673e3df3f0344-scaled.jpg?width=400 400w, https:\/\/bdc2020.o0bc.com\/wp-content\/uploads\/2024\/11\/s3___bgmp-arc_arc-feeds_generic-photos_to-arc_kreiter03012021poet2-673e3df3f0344-scaled.jpg?width=500 500w, https:\/\/bdc2020.o0bc.com\/wp-content\/uploads\/2024\/11\/s3___bgmp-arc_arc-feeds_generic-photos_to-arc_kreiter03012021poet2-673e3df3f0344-scaled.jpg?width=600 600w, https:\/\/bdc2020.o0bc.com\/wp-content\/uploads\/2024\/11\/s3___bgmp-arc_arc-feeds_generic-photos_to-arc_kreiter03012021poet2-673e3df3f0344-scaled.jpg?width=700 700w, https:\/\/bdc2020.o0bc.com\/wp-content\/uploads\/2024\/11\/s3___bgmp-arc_arc-feeds_generic-photos_to-arc_kreiter03012021poet2-673e3df3f0344-scaled.jpg?width=800 800w, https:\/\/bdc2020.o0bc.com\/wp-content\/uploads\/2024\/11\/s3___bgmp-arc_arc-feeds_generic-photos_to-arc_kreiter03012021poet2-673e3df3f0344-scaled.jpg?width=900 900w\" sizes=\"auto, (max-width: 2560px) 100vw, 2560px\"\/><figcaption class=\"wp-element-caption\">Porsha Olayiwola \u00e9 poetisa laureada de Boston e cofundadora da justBook-ish. <em>(Suzanne Kreiter\/Equipe da Globo)<\/em><\/figcaption><\/figure>\n<p>A loja abriu ao p\u00fablico no final de outubro, com uma grande inaugura\u00e7\u00e3o e cerim\u00f4nia de corte da fita marcada para 23 de novembro \u00e0s 11h. <\/p>\n<p>Localizada na 1463 Dorchester Ave., a livraria ocupa cerca de 1.250 p\u00e9s quadrados no primeiro andar do edif\u00edcio Dot Crossing. A estrutura de cinco andares, de propriedade da TLee Development, abriga 29 unidades habitacionais a pre\u00e7os acess\u00edveis. A livraria foi votada como espa\u00e7o comercial do primeiro andar pelos residentes de Fields Corner e investidores de crowdfunding por meio de um processo de envolvimento da comunidade, disse Olayiwola. <\/p>\n<figure class=\"wp-block-image size-full\"><img loading=\"lazy\" decoding=\"async\" width=\"2560\" height=\"1920\" src=\"https:\/\/bdc2020.o0bc.com\/wp-content\/uploads\/2024\/11\/IMG_4959_2-673e3db83a196-scaled.jpg\" alt=\"\" class=\"wp-image-32380219\" srcset=\"https:\/\/bdc2020.o0bc.com\/wp-content\/uploads\/2024\/11\/IMG_4959_2-673e3db83a196-scaled.jpg?width=200 200w, https:\/\/bdc2020.o0bc.com\/wp-content\/uploads\/2024\/11\/IMG_4959_2-673e3db83a196-scaled.jpg?width=300 300w, https:\/\/bdc2020.o0bc.com\/wp-content\/uploads\/2024\/11\/IMG_4959_2-673e3db83a196-scaled.jpg?width=400 400w, https:\/\/bdc2020.o0bc.com\/wp-content\/uploads\/2024\/11\/IMG_4959_2-673e3db83a196-scaled.jpg?width=500 500w, https:\/\/bdc2020.o0bc.com\/wp-content\/uploads\/2024\/11\/IMG_4959_2-673e3db83a196-scaled.jpg?width=600 600w, https:\/\/bdc2020.o0bc.com\/wp-content\/uploads\/2024\/11\/IMG_4959_2-673e3db83a196-scaled.jpg?width=700 700w, https:\/\/bdc2020.o0bc.com\/wp-content\/uploads\/2024\/11\/IMG_4959_2-673e3db83a196-scaled.jpg?width=800 800w, https:\/\/bdc2020.o0bc.com\/wp-content\/uploads\/2024\/11\/IMG_4959_2-673e3db83a196-scaled.jpg?width=900 900w\" sizes=\"auto, (max-width: 2560px) 100vw, 2560px\"\/><figcaption class=\"wp-element-caption\">Localizada na 1463 Dorchester Ave., a livraria ocupa cerca de 1.250 p\u00e9s quadrados no primeiro andar do edif\u00edcio Dot Crossing. <em>(Annie Jonas\/equipe do Boston.com)<\/em><\/figcaption><\/figure>\n<p>A livraria oferece uma ampla variedade de t\u00edtulos de v\u00e1rios g\u00eaneros, incluindo muitos com foco na justi\u00e7a social. A loja \u00e9 \u201caltamente selecionada\u201d para que os membros da comunidade possam encontrar livros que falem com eles e com suas experi\u00eancias.<\/p>\n<p>\u201cEscolhemos a dedo cada livro que est\u00e1 nas prateleiras, para que ele atenda \u00e0s pessoas da nossa comunidade e \u00e0s pessoas que nos visitam\u201d, disse Olayiwola. <\/p>\n<p>A loja apresenta uma se\u00e7\u00e3o dedicada de fic\u00e7\u00e3o especulativa, uma nova exposi\u00e7\u00e3o de livros proibidos, se\u00e7\u00f5es separadas de mang\u00e1 e hist\u00f3rias em quadrinhos, ofertas de n\u00e3o-fic\u00e7\u00e3o, uma se\u00e7\u00e3o infantil \u201celaborada\u201d e uma extensa se\u00e7\u00e3o de poesia (nenhuma surpresa nisso): \u201cQuero que as pessoas saibam que voc\u00ea pode vir aqui e \u00e9 muito prov\u00e1vel que encontre um livro de poesia espec\u00edfico para voc\u00ea\u201d, disse Olayiwola.<\/p>\n<figure class=\"wp-block-image size-full\"><img loading=\"lazy\" decoding=\"async\" width=\"2560\" height=\"1920\" src=\"https:\/\/bdc2020.o0bc.com\/wp-content\/uploads\/2024\/11\/IMG_4943_1-673e3eade7c36-scaled.jpg\" alt=\"\" class=\"wp-image-32380286\" srcset=\"https:\/\/bdc2020.o0bc.com\/wp-content\/uploads\/2024\/11\/IMG_4943_1-673e3eade7c36-scaled.jpg?width=200 200w, https:\/\/bdc2020.o0bc.com\/wp-content\/uploads\/2024\/11\/IMG_4943_1-673e3eade7c36-scaled.jpg?width=300 300w, https:\/\/bdc2020.o0bc.com\/wp-content\/uploads\/2024\/11\/IMG_4943_1-673e3eade7c36-scaled.jpg?width=400 400w, https:\/\/bdc2020.o0bc.com\/wp-content\/uploads\/2024\/11\/IMG_4943_1-673e3eade7c36-scaled.jpg?width=500 500w, https:\/\/bdc2020.o0bc.com\/wp-content\/uploads\/2024\/11\/IMG_4943_1-673e3eade7c36-scaled.jpg?width=600 600w, https:\/\/bdc2020.o0bc.com\/wp-content\/uploads\/2024\/11\/IMG_4943_1-673e3eade7c36-scaled.jpg?width=700 700w, https:\/\/bdc2020.o0bc.com\/wp-content\/uploads\/2024\/11\/IMG_4943_1-673e3eade7c36-scaled.jpg?width=800 800w, https:\/\/bdc2020.o0bc.com\/wp-content\/uploads\/2024\/11\/IMG_4943_1-673e3eade7c36-scaled.jpg?width=900 900w\" sizes=\"auto, (max-width: 2560px) 100vw, 2560px\"\/><figcaption class=\"wp-element-caption\">A nova exibi\u00e7\u00e3o de livros proibidos do JustBook-ish. <em>(Annie Jonas\/equipe do Boston.com)<\/em><\/figcaption><\/figure>\n<p>As janelas que d\u00e3o para a movimentada Dorchester Avenue est\u00e3o forradas com almofadas e almofadas macias, oferecendo muitos recantos aconchegantes para se aconchegar com um bom livro. A livraria tamb\u00e9m disp\u00f5e de um caf\u00e9 que serve uma variedade de lanches leves e bebidas. <\/p>\n<p>Al\u00e9m de suas ofertas de livros e caf\u00e9s, o JustBook-ish se concentrar\u00e1 fortemente em eventos e envolvimento da comunidade, com planos de realizar eventos quase todas as noites do ano. Olayiwola disse que espera que os visitantes usem a livraria como um centro de discuss\u00e3o e constru\u00e7\u00e3o de comunidade.<\/p>\n<p>\u201cAl\u00e9m de termos hist\u00f3rias em nossas estantes, estamos muito interessados \u200b\u200bem que os membros da comunidade tamb\u00e9m possam trocar hist\u00f3rias. Essas hist\u00f3rias s\u00e3o t\u00e3o importantes para n\u00f3s quanto as dos livros\u201d, disse ela.<\/p>\n<figure class=\"wp-block-image size-full\"><img loading=\"lazy\" decoding=\"async\" width=\"2560\" height=\"1920\" src=\"https:\/\/bdc2020.o0bc.com\/wp-content\/uploads\/2024\/11\/IMG_4937_2-673e3eee4b5c1-scaled.jpg\" alt=\"\" class=\"wp-image-32380309\" srcset=\"https:\/\/bdc2020.o0bc.com\/wp-content\/uploads\/2024\/11\/IMG_4937_2-673e3eee4b5c1-scaled.jpg?width=200 200w, https:\/\/bdc2020.o0bc.com\/wp-content\/uploads\/2024\/11\/IMG_4937_2-673e3eee4b5c1-scaled.jpg?width=300 300w, https:\/\/bdc2020.o0bc.com\/wp-content\/uploads\/2024\/11\/IMG_4937_2-673e3eee4b5c1-scaled.jpg?width=400 400w, https:\/\/bdc2020.o0bc.com\/wp-content\/uploads\/2024\/11\/IMG_4937_2-673e3eee4b5c1-scaled.jpg?width=500 500w, https:\/\/bdc2020.o0bc.com\/wp-content\/uploads\/2024\/11\/IMG_4937_2-673e3eee4b5c1-scaled.jpg?width=600 600w, https:\/\/bdc2020.o0bc.com\/wp-content\/uploads\/2024\/11\/IMG_4937_2-673e3eee4b5c1-scaled.jpg?width=700 700w, https:\/\/bdc2020.o0bc.com\/wp-content\/uploads\/2024\/11\/IMG_4937_2-673e3eee4b5c1-scaled.jpg?width=800 800w, https:\/\/bdc2020.o0bc.com\/wp-content\/uploads\/2024\/11\/IMG_4937_2-673e3eee4b5c1-scaled.jpg?width=900 900w\" sizes=\"auto, (max-width: 2560px) 100vw, 2560px\"\/><figcaption class=\"wp-element-caption\">A livraria tamb\u00e9m possui um caf\u00e9 (\u00e0 direita) que serve uma variedade de lanches leves e bebidas. <em>(Annie Jonas\/equipe do Boston.com)<\/em><\/figcaption><\/figure>\n<p>At\u00e9 a cerim\u00f4nia de inaugura\u00e7\u00e3o, no dia 23 de novembro, a loja funcionar\u00e1 de ter\u00e7a a sexta, das 14h \u00e0s 19h, e aos s\u00e1bados e domingos, das 10h \u00e0s 16h. Ap\u00f3s a inaugura\u00e7\u00e3o, o hor\u00e1rio da livraria ser\u00e1 das 14h \u00e0s 21h. de ter\u00e7a a sexta e das 10h \u00e0s 18h nos finais de semana.<\/p>\n<div class=\"o-author-single has-avatar\">\n<header class=\"m-author-card\">\n<div class=\"a-image a-image--square m-author-card__image\">\n\t\t<img decoding=\"async\" class=\"\" src=\"https:\/\/www.boston.com\/wp-content\/uploads\/2024\/10\/cropped-IMG_2875-671fb6f808237-671fb70325313.jpg\" alt=\"Imagem do perfil de Annie Jonas\"\/>\t<\/div>\n<\/header>\n<section class=\"author-info\">\n<hr class=\"m-author__section--hr\"\/>\n<div class=\"m-author__section\">\n<p>Annie Jonas \u00e9 redatora comunit\u00e1ria do Boston.com. Anteriormente, ela foi editora local na Patch e freelancer no Financial Times.<\/p>\n<\/div>\n<hr class=\"m-author__section--hr\"\/>\t<\/section>\n<\/div>\n<div class=\"m-block m-generic-cta\t m-generic-cta--post-content\t m-generic-cta--dark\t m-generic-cta--homepage\t m-generic-cta--email-signup\t\t m-generic-cta-block-style--default \tt-amp__generic-cta\"><\/p>\n<div class=\"m-generic-cta__wrap\">\n<div class=\"m-generic-cta__content\">\n<h3 class=\"m-generic-cta__title\">\ud83d\udcda Mantenha-se atualizado sobre o Clube do Livro<\/h3>\n<p class=\"m-generic-cta__subtitle\">Fique por dentro das \u00faltimas escolhas do Clube do Livro do Boston.com e participe das discuss\u00f5es virtuais dos autores.<\/p>\n<\/p><\/div>\n<\/p><\/div>\n<\/div><\/div>\n<p><script>\n\t\tvar consent=\"grant\";\n\t\t\/* The above code is parsing the JSON data from the local storage and storing it in a variable. *\/\n\t\t\t\t\tconst onetrustStorageConsent = JSON.parse(localStorage.getItem( 'consent_one_trust_bdc' ) );\n\t\t\tif ( ( onetrustStorageConsent !== null ) ) {\n\t\t\t\t\/* Checking to see if the user has consented to the use of cookies.\n\t\t\t\t* If they have not, it is deleting the cookie.\n\t\t\t\t* This will comment for now, until further notice.\n\t\t\t\t*\/\n\t\t\t\t\/\/if ( onetrustStorageConsent.C0002 === false ) {\n\t\t\t\t\/\/\tdocument.cookie=\"_fbp=;expires=Thu, 01 Jan 2010 00:00:00 UTC; path=\/; domain=.boston.com\";\n\t\t\t\t\/\/}\n\t\t\t\t\/* Checking if the user has given consent for the cookie C0002.\n\t\t\t\t* If the user has given consent, the variable consent will be set to 'grant'.\n\t\t\t\t* If the user has not given consent,the variable consent will be set to 'revoke'.\n\t\t\t\t* Documentation https:\/\/developers.facebook.com\/docs\/meta-pixel\/implementation\/gdpr\n\t\t\t\t*\/\n\t\t\t\tif ( onetrustStorageConsent.C0002 !== true ) {\n\t\t\t\t\tconsent=\"revoke\";\n\t\t\t\t}\n\t\t\t}\n\t\t\t\t!function(f,b,e,v,n,t,s)\n\t\t{if(f.fbq)return;n=f.fbq=function(){n.callMethod?\n\t\tn.callMethod.apply(n,arguments):n.queue.push(arguments)};\n\t\tif(!f._fbq)f._fbq=n;n.push=n;n.loaded=!0;n.version='2.0';\n\t\tn.queue=[];t=b.createElement(e);t.async=!0;\n\t\tt.src=v;s=b.getElementsByTagName(e)[0];\n\t\ts.parentNode.insertBefore(t,s)}(window, document,'script',\n\t\t'https:\/\/connect.facebook.net\/en_US\/fbevents.js');\n\t\tfbq('consent', consent);\n\t\tfbq('init', '989222871864976');\n\t\tfbq('track', 'PageView');\n\t<\/script><script type=\"module\">\n\t\tvar consent=\"grant\";\n\t\t\/* The above code is parsing the JSON data from the local storage and storing it in a variable. *\/\n\t\t\tconst onetrustStorageConsent = JSON.parse(localStorage.getItem( 'consent_one_trust_bdc' ) );\n\t\t\t\/* Checking to see if the user has consented to the use of cookies.\n\t\t\t* If they have not, it is deleting the cookie.\n\t\t\t* This will comment for now, until further notice.\n\t\t\t*\/\n\t\t\t\/\/if ( onetrustStorageConsent.C0002 === false ) {\n\t\t\t\/\/\tdocument.cookie=\"_fbp=;expires=Thu, 01 Jan 2010 00:00:00 UTC; path=\/; domain=.boston.com\";\n\t\t\t\/\/}\n\t\t\t\/* Checking if the user has given consent for the cookie C0002.\n\t\t\t* If the user has given consent, the variable consent will be set to 'grant'.\n\t\t\t* If the user has not given consent,the variable consent will be set to 'revoke'.\n\t\t\t* Documentation https:\/\/developers.facebook.com\/docs\/meta-pixel\/implementation\/gdpr\n\t\t\t*\/\n\t\t\tif ( ( onetrustStorageConsent !== null ) && (onetrustStorageConsent.C0002 !== true ) ) {\n\t\t\t\tconsent=\"revoke\";\n\t\t\t}\n\t\t\t\t!function(f,b,e,v,n,t,s){if(f.fbq)return;n=f.fbq=function()\n\t\t{n.callMethod? n.callMethod.apply(n,arguments):n.queue.push(arguments)}\n\t\t;if(!f._fbq)f._fbq=n;\n\t\tn.push=n;n.loaded=!0;n.version='2.0';n.queue=[];t=b.createElement(e);t.async=!0;\n\t\tt.src=v;s=b.getElementsByTagName(e)[0];s.parentNode.insertBefore(t,s)}(window,\n\t\tdocument,'script','https:\/\/connect.facebook.net\/en_US\/fbevents.js');\n\t\tfbq('consent', consent);\n\t\tfbq('init', '813236348753005');\n\t\tfbq('track', \"PageView\");\n\t<\/script><br \/>\n<br \/><br \/>\n<br \/><a href=\"https:\/\/www.boston.com\/community\/books\/2024\/11\/20\/justbook-ish-bookstore-opens-in-dorchester\/\">Source link <\/a><\/p>","protected":false},"excerpt":{"rendered":"<p>Livros A livraria Fields Corner \u00e9 cofundada pelo poeta laureado de Boston Porsha Olayiwola e Bing Broderick, ex-diretor executivo da Haley House. JustBook-ish, localizado na 1463 Dorchester Ave., \u00e9 um&hellip;<\/p>","protected":false},"author":1,"featured_media":62896,"comment_status":"closed","ping_status":"open","sticky":false,"template":"","format":"standard","meta":{"content-type":"","footnotes":""},"categories":[1],"tags":[],"class_list":["post-62895","post","type-post","status-publish","format-standard","has-post-thumbnail","hentry","category-uncategorized"],"_links":{"self":[{"href":"https:\/\/tvbrazilusa.com\/pt\/wp-json\/wp\/v2\/posts\/62895","targetHints":{"allow":["GET"]}}],"collection":[{"href":"https:\/\/tvbrazilusa.com\/pt\/wp-json\/wp\/v2\/posts"}],"about":[{"href":"https:\/\/tvbrazilusa.com\/pt\/wp-json\/wp\/v2\/types\/post"}],"author":[{"embeddable":true,"href":"https:\/\/tvbrazilusa.com\/pt\/wp-json\/wp\/v2\/users\/1"}],"replies":[{"embeddable":true,"href":"https:\/\/tvbrazilusa.com\/pt\/wp-json\/wp\/v2\/comments?post=62895"}],"version-history":[{"count":1,"href":"https:\/\/tvbrazilusa.com\/pt\/wp-json\/wp\/v2\/posts\/62895\/revisions"}],"predecessor-version":[{"id":62897,"href":"https:\/\/tvbrazilusa.com\/pt\/wp-json\/wp\/v2\/posts\/62895\/revisions\/62897"}],"wp:featuredmedia":[{"embeddable":true,"href":"https:\/\/tvbrazilusa.com\/pt\/wp-json\/wp\/v2\/media\/62896"}],"wp:attachment":[{"href":"https:\/\/tvbrazilusa.com\/pt\/wp-json\/wp\/v2\/media?parent=62895"}],"wp:term":[{"taxonomy":"category","embeddable":true,"href":"https:\/\/tvbrazilusa.com\/pt\/wp-json\/wp\/v2\/categories?post=62895"},{"taxonomy":"post_tag","embeddable":true,"href":"https:\/\/tvbrazilusa.com\/pt\/wp-json\/wp\/v2\/tags?post=62895"}],"curies":[{"name":"wp","href":"https:\/\/api.w.org\/{rel}","templated":true}]}}