{"id":62898,"date":"2024-11-20T21:17:03","date_gmt":"2024-11-20T21:17:03","guid":{"rendered":"https:\/\/tvbrazilusa.com\/2024\/11\/20\/escolas-de-jersey-city-alugarao-espaco-de-sala-de-aula-da-njcu-em-nova-parceria\/"},"modified":"2024-11-20T21:26:07","modified_gmt":"2024-11-20T21:26:07","slug":"escolas-de-jersey-city-alugarao-espaco-de-sala-de-aula-da-njcu-em-nova-parceria","status":"publish","type":"post","link":"https:\/\/tvbrazilusa.com\/pt\/2024\/11\/20\/escolas-de-jersey-city-alugarao-espaco-de-sala-de-aula-da-njcu-em-nova-parceria\/","title":{"rendered":"Escolas de Jersey City alugar\u00e3o espa\u00e7o de sala de aula da NJCU em nova parceria"},"content":{"rendered":"<script async src=\"https:\/\/pagead2.googlesyndication.com\/pagead\/js\/adsbygoogle.js?client=ca-pub-8864793242727901\"\r\n     crossorigin=\"anonymous\"><\/script>\n<div>\n<p class=\"article__paragraph article__paragraph--left\" id=\"5WUHJR6TVJDTDAWECRBIGHFMN4\">Artistas talentosos nas escolas de Jersey City podem ter um novo espa\u00e7o para seus cursos de arte a partir do pr\u00f3ximo ano: um campus universit\u00e1rio.<\/p>\n<p class=\"article__paragraph article__paragraph--left\" id=\"WDLED2LWIFDXJE4FNNHB3POTYQ\">Um novo acordo entre a New Jersey City University (NJCU) e as escolas p\u00fablicas da cidade permitiria ao programa Jersey City Arts High School alugar andares inteiros de um campus e acessar um menu de outras vantagens, incluindo espa\u00e7o de teatro e equipamentos adicionais.<\/p>\n<p class=\"article__paragraph article__paragraph--left\" id=\"WK5ZAY7LVFHQNBA5A2SYFUG2QI\">O distrito escolar teria acesso exclusivo ao quarto andar do Grossnickle Hall no pr\u00f3ximo ano e acesso completo tamb\u00e9m ao terceiro andar, a partir de setembro de 2026. O Conselho de Educa\u00e7\u00e3o da cidade de Jersey estava programado para votar o memorando de acordo na quarta-feira.<\/p>\n<p class=\"article__paragraph article__paragraph--left\" id=\"CSYJF5DQT5DCFMFT3WE23XIWHE\">\u201cAcho que ser\u00e1 uma oportunidade maravilhosa para avan\u00e7armos em nossa miss\u00e3o de fornecer educa\u00e7\u00e3o de alta qualidade e preparar nossos alunos para uma carreira futura\u201d, disse a superintendente das escolas de Jersey City, Norma Fernandez.<\/p>\n<p class=\"article__paragraph article__paragraph--left\" id=\"7LHY2JD42VEFRFSAIPD2WIZNQE\">O espa\u00e7o custaria ao distrito escolar US$ 543.406 para o quarto andar de aproximadamente 17.000 p\u00e9s quadrados no pr\u00f3ximo ano e a taxa excederia US$ 1 milh\u00e3o no ano seguinte, j\u00e1 que o andar adicional est\u00e1 inclu\u00eddo no acordo.<\/p>\n<p class=\"article__paragraph article__paragraph--left\" id=\"NCNLI7JZXFE3LIRTNGCWIZFCCA\">A taxa de aluguel aumentar\u00e1 2% ao ano sob o acordo.<\/p>\n<p class=\"article__paragraph article__paragraph--left\" id=\"F4WYVBX5ZJGK5POA24DQUMU4DQ\">Para a NJCU, trata-se de dinheiro extra que ajudar\u00e1 a continuar a remediar a sua crise or\u00e7amental, da qual tem trabalhado para sair durante anos, depois de atingir um d\u00e9fice operacional de quase 23 milh\u00f5es de d\u00f3lares durante o ano letivo de 2021-22.<\/p>\n<p class=\"article__paragraph article__paragraph--left\" id=\"3BFR6X65YZFFJL5KXFUTGWYC7U\">O acesso dos alunos do ensino m\u00e9dio ao campus da NJCU n\u00e3o se limitaria a um \u00fanico andar de um pr\u00e9dio; eles tamb\u00e9m teriam permiss\u00e3o para usar a biblioteca, assistir a aulas de arte na faculdade e se matricular em cursos universit\u00e1rios com cr\u00e9dito duplo por US$ 100 por hora de cr\u00e9dito.<\/p>\n<p class=\"article__paragraph article__paragraph--left\" id=\"XCHU4YLZDZCYNET2RWR6CPKJME\">Os professores de Jersey City poderiam usar o espa\u00e7o art\u00edstico do campus para exposi\u00e7\u00f5es estudantis e pelo menos duas produ\u00e7\u00f5es do ensino m\u00e9dio poderiam ser apresentadas anualmente no teatro Margaret Williams.<\/p>\n<p class=\"article__paragraph article__paragraph--left\" id=\"ZOBNEI27RFBP7KIGK4WU65JAOY\">Embora o distrito seja respons\u00e1vel por trazer os materiais para as aulas de arte, ele poder\u00e1 usar os equipamentos de artes e teatro da NJCU que as escolas n\u00e3o possuem de outra forma.<\/p>\n<p class=\"article__paragraph article__paragraph--left\" id=\"3LWEERAWTBHONKNT5GOEPD4WQU\">E o acordo iria al\u00e9m do programa de artes. No que o distrito e a faculdade est\u00e3o chamando de \u201cbenef\u00edcio de parceria\u201d, todos os funcion\u00e1rios das escolas de Jersey City e seus familiares imediatos receberiam 20% de desconto nas mensalidades da NJCU.<\/p>\n<p class=\"article__paragraph article__paragraph--left\" id=\"VPVBVRCPMVFTHJSO7O7Q2LJAF4\">Fernandez disse que procurou a NJCU em busca de espa\u00e7o porque o distrito est\u00e1 buscando aumentar as matr\u00edculas no programa de artes, uma oportunidade de estilo conservat\u00f3rio de 43 anos para estudantes qualificados em artes visuais e c\u00eanicas fazerem cursos espec\u00edficos. Os alunos devem se inscrever para serem aceitos, e o programa se orgulha das bolsas de m\u00e9rito que os alunos frequentemente ganham.<\/p>\n<p class=\"article__paragraph article__paragraph--left\" id=\"EAGZLR3MGBGU3NK3ICG4PYULPY\">Atualmente, os alunos de todo o distrito viajam para a Ferris ou para a Snyder High School para essas aulas, e no pr\u00f3ximo ano cerca de metade dos alunos do programa poder\u00e3o fazer seus cursos no campus da NJCU, disse Fernandez.<\/p>\n<p class=\"article__paragraph article__paragraph--left\" id=\"XXMF36YBKJAKZF5NTFQNUZ27TU\">O distrito planeja fazer algumas obras de reabilita\u00e7\u00e3o, que ser\u00e3o custeadas, no pr\u00e9dio da NJCU, disse ela.<\/p>\n<p class=\"article__paragraph article__paragraph--left\" id=\"GGVVVGTWW5BYROCQ2JOJCLE7PI\">Ela v\u00ea o acordo como uma parceria refor\u00e7ada com um campus local da qual todo o distrito se beneficiar\u00e1.<\/p>\n<p class=\"article__paragraph article__paragraph--left\" id=\"IDFIWEZTVZCFXMYEZ4IP4NRWTU\">Atualmente, apenas os alunos do Innovation High School podem matricular-se duplamente na NJCU, o que expandir\u00e1 essa oportunidade para uma nova popula\u00e7\u00e3o estudantil.<\/p>\n<p class=\"article__paragraph article__paragraph--left\" id=\"TRVUW7JOUNCKLCDQHUE7NULM7I\">\u201cS\u00e3o estudantes do ensino m\u00e9dio vivenciando a experi\u00eancia universit\u00e1ria enquanto ainda t\u00eam professores que os nutrim e protegem, para que se acostumem a um ambiente seguro\u201d, disse Fernandez. \u201cDepois que v\u00e3o para a faculdade, se forem embora, eles ter\u00e3o pelo menos uma sensa\u00e7\u00e3o dessa experi\u00eancia universit\u00e1ria.\u201d<\/p>\n<p class=\"article__paragraph article__paragraph--left\" id=\"JPRTMYUII5DOPNWGL5LWDNZLOI\">E embora muitos funcion\u00e1rios distritais j\u00e1 fa\u00e7am cursos na NJCU para avan\u00e7ar nas suas carreiras, isto tornar\u00e1 essa oportunidade mais acess\u00edvel a todos os funcion\u00e1rios e suas fam\u00edlias, ao mesmo tempo que ajudar\u00e1 a aumentar o n\u00famero de matr\u00edculas na NJCU, disse Fernandez.<\/p>\n<section class=\"Stories-By-Section-Tag-module_wrapper__69Ed7 Stories-By-Section-Tag-module_nj__RFbQx\"\/><\/div>\n<p><br \/>\n<br \/><a href=\"https:\/\/www.nj.com\/hudson\/2024\/11\/jersey-city-schools-to-lease-classroom-space-from-njcu-in-new-partnership.html\">Source link <\/a><\/p>","protected":false},"excerpt":{"rendered":"<p>Artistas talentosos nas escolas de Jersey City podem ter um novo espa\u00e7o para seus cursos de arte a partir do pr\u00f3ximo ano: um campus universit\u00e1rio. Um novo acordo entre a&hellip;<\/p>","protected":false},"author":1,"featured_media":62899,"comment_status":"closed","ping_status":"open","sticky":false,"template":"","format":"standard","meta":{"content-type":"","footnotes":""},"categories":[1],"tags":[],"class_list":["post-62898","post","type-post","status-publish","format-standard","has-post-thumbnail","hentry","category-uncategorized"],"_links":{"self":[{"href":"https:\/\/tvbrazilusa.com\/pt\/wp-json\/wp\/v2\/posts\/62898","targetHints":{"allow":["GET"]}}],"collection":[{"href":"https:\/\/tvbrazilusa.com\/pt\/wp-json\/wp\/v2\/posts"}],"about":[{"href":"https:\/\/tvbrazilusa.com\/pt\/wp-json\/wp\/v2\/types\/post"}],"author":[{"embeddable":true,"href":"https:\/\/tvbrazilusa.com\/pt\/wp-json\/wp\/v2\/users\/1"}],"replies":[{"embeddable":true,"href":"https:\/\/tvbrazilusa.com\/pt\/wp-json\/wp\/v2\/comments?post=62898"}],"version-history":[{"count":1,"href":"https:\/\/tvbrazilusa.com\/pt\/wp-json\/wp\/v2\/posts\/62898\/revisions"}],"predecessor-version":[{"id":62900,"href":"https:\/\/tvbrazilusa.com\/pt\/wp-json\/wp\/v2\/posts\/62898\/revisions\/62900"}],"wp:featuredmedia":[{"embeddable":true,"href":"https:\/\/tvbrazilusa.com\/pt\/wp-json\/wp\/v2\/media\/62899"}],"wp:attachment":[{"href":"https:\/\/tvbrazilusa.com\/pt\/wp-json\/wp\/v2\/media?parent=62898"}],"wp:term":[{"taxonomy":"category","embeddable":true,"href":"https:\/\/tvbrazilusa.com\/pt\/wp-json\/wp\/v2\/categories?post=62898"},{"taxonomy":"post_tag","embeddable":true,"href":"https:\/\/tvbrazilusa.com\/pt\/wp-json\/wp\/v2\/tags?post=62898"}],"curies":[{"name":"wp","href":"https:\/\/api.w.org\/{rel}","templated":true}]}}