{"id":62977,"date":"2024-11-20T19:05:41","date_gmt":"2024-11-20T19:05:41","guid":{"rendered":"https:\/\/tvbrazilusa.com\/2024\/11\/20\/video-migrante-considerado-culpado-de-matar-laken-riley\/"},"modified":"2024-11-20T23:36:57","modified_gmt":"2024-11-20T23:36:57","slug":"video-migrante-considerado-culpado-de-matar-laken-riley","status":"publish","type":"post","link":"https:\/\/tvbrazilusa.com\/pt\/2024\/11\/20\/video-migrante-considerado-culpado-de-matar-laken-riley\/","title":{"rendered":"V\u00eddeo: Migrante considerado culpado de matar Laken Riley"},"content":{"rendered":"<p> <script async src=\"https:\/\/pagead2.googlesyndication.com\/pagead\/js\/adsbygoogle.js?client=ca-pub-8864793242727901\"\r\n     crossorigin=\"anonymous\"><\/script><br \/>\n<\/p>\n<div id=\"site-content\">\n<div>\n<p aria-live=\"assertive\" class=\"css-1dv1kvn\">novo v\u00eddeo carregado: <!-- -->Migrante considerado culpado de matar Laken Riley<\/p>\n<div data-testid=\"video-header\">\n<div class=\"css-1g7y0i5 e1drnplw0\"><button tabindex=\"100\" class=\"css-1rtlxy\" type=\"button\" aria-label=\"close\"><svg width=\"60\" height=\"60\" viewbox=\"0 0 60 60\" fill=\"none\"><circle cx=\"30\" cy=\"30\" r=\"30\" fill=\"white\" fill-opacity=\"0.9\"\/><path fill-rule=\"evenodd\" clip-rule=\"evenodd\" d=\"M38.4844 20.1006L39.8986 21.5148L21.5138 39.8996L20.0996 38.4854L38.4844 20.1006Z\" fill=\"black\"\/><path fill-rule=\"evenodd\" clip-rule=\"evenodd\" d=\"M21.5156 20.1006L20.1014 21.5148L38.4862 39.8996L39.9004 38.4854L21.5156 20.1006Z\" fill=\"black\"\/><\/svg><\/button><\/p>\n<div class=\"css-18ow4sz e1drnplw2\">\n<div aria-labelledby=\"modal-title\" role=\"region\">\n<header class=\"css-1bzlfz\">\n<p>transcri\u00e7\u00e3o<\/p>\n<p><button type=\"button\" class=\"css-1igvuto\"><span>Voltar<\/span><\/button><\/header>\n<div class=\"css-uzyn7p\">\n<div class=\"css-1vxywau\">\n<p class=\"css-1nng8z9\">transcri\u00e7\u00e3o<\/p>\n<h2 class=\"css-8p0vwh\">Migrante considerado culpado de matar Laken Riley<\/h2>\n<h4 class=\"css-qsd3hm\">Jos\u00e9 Antonio Ibarra, um migrante venezuelano de 26 anos, foi condenado pelo assassinato de Laken Riley, um estudante de enfermagem.<\/h4>\n<\/div>\n<dl class=\"css-p98d0w\">\n<dt class=\"css-xx7kwh\"\/>\n<dd class=\"css-4gvq6l\">\n<p class=\"css-8hvvyd\">Anuncio agora o veredicto: No estado da Ge\u00f3rgia versus Jose Antonio Ibarra, Caso SU24CR0323; Acusa\u00e7\u00e3o 1: homic\u00eddio doloso. Considero o r\u00e9u culpado. Acusa\u00e7\u00e3o 2: homic\u00eddio qualificado. Considero o r\u00e9u culpado. Contagem 3: homic\u00eddio qualificado. Considero o r\u00e9u culpado. Contagem F: homic\u00eddio qualificado. Considero o r\u00e9u culpado.<\/p>\n<\/dd>\n<\/dl>\n<\/div>\n<\/div>\n<\/div>\n<\/div>\n<\/div>\n<div data-testid=\"playlist-block\">\n<p>Epis\u00f3dios recentes em<!-- --> <span class=\"css-1galvr2\">Crimes e Tribunais<\/span><\/p>\n<div class=\"css-1wapnqs\" aria-labelledby=\"Crimes-and-Courts\">\n<div class=\"css-1gce877\"><button class=\"css-pfkc15\" type=\"button\" id=\"load-more\" aria-pressed=\"false\">Mostrar mais v\u00eddeos de <!-- -->Crimes e Tribunais<\/button><\/div>\n<\/div>\n<\/div>\n<\/div>\n<\/div>\n<p><br \/>\n<br \/><a href=\"https:\/\/www.nytimes.com\/video\/us\/100000009836264\/laken-riley-trial-verdict.html\">Source link <\/a><\/p>","protected":false},"excerpt":{"rendered":"<p>novo v\u00eddeo carregado: Migrante considerado culpado de matar Laken Riley transcri\u00e7\u00e3o Voltar transcri\u00e7\u00e3o Migrante considerado culpado de matar Laken Riley Jos\u00e9 Antonio Ibarra, um migrante venezuelano de 26 anos, foi&hellip;<\/p>","protected":false},"author":1,"featured_media":62978,"comment_status":"closed","ping_status":"open","sticky":false,"template":"","format":"standard","meta":{"content-type":"","footnotes":""},"categories":[1],"tags":[31097,31094,31095,31096],"class_list":["post-62977","post","type-post","status-publish","format-standard","has-post-thumbnail","hentry","category-uncategorized","tag-atenas-ga","tag-decisoes-e-veredictos","tag-laken-riley","tag-universidade-da-georgia"],"_links":{"self":[{"href":"https:\/\/tvbrazilusa.com\/pt\/wp-json\/wp\/v2\/posts\/62977","targetHints":{"allow":["GET"]}}],"collection":[{"href":"https:\/\/tvbrazilusa.com\/pt\/wp-json\/wp\/v2\/posts"}],"about":[{"href":"https:\/\/tvbrazilusa.com\/pt\/wp-json\/wp\/v2\/types\/post"}],"author":[{"embeddable":true,"href":"https:\/\/tvbrazilusa.com\/pt\/wp-json\/wp\/v2\/users\/1"}],"replies":[{"embeddable":true,"href":"https:\/\/tvbrazilusa.com\/pt\/wp-json\/wp\/v2\/comments?post=62977"}],"version-history":[{"count":1,"href":"https:\/\/tvbrazilusa.com\/pt\/wp-json\/wp\/v2\/posts\/62977\/revisions"}],"predecessor-version":[{"id":62979,"href":"https:\/\/tvbrazilusa.com\/pt\/wp-json\/wp\/v2\/posts\/62977\/revisions\/62979"}],"wp:featuredmedia":[{"embeddable":true,"href":"https:\/\/tvbrazilusa.com\/pt\/wp-json\/wp\/v2\/media\/62978"}],"wp:attachment":[{"href":"https:\/\/tvbrazilusa.com\/pt\/wp-json\/wp\/v2\/media?parent=62977"}],"wp:term":[{"taxonomy":"category","embeddable":true,"href":"https:\/\/tvbrazilusa.com\/pt\/wp-json\/wp\/v2\/categories?post=62977"},{"taxonomy":"post_tag","embeddable":true,"href":"https:\/\/tvbrazilusa.com\/pt\/wp-json\/wp\/v2\/tags?post=62977"}],"curies":[{"name":"wp","href":"https:\/\/api.w.org\/{rel}","templated":true}]}}