{"id":62983,"date":"2024-11-20T23:44:43","date_gmt":"2024-11-20T23:44:43","guid":{"rendered":"https:\/\/tvbrazilusa.com\/2024\/11\/20\/filha-de-biden-se-descuida-e-revela-detalhe-sobre-o-pai\/"},"modified":"2024-11-20T23:44:44","modified_gmt":"2024-11-20T23:44:44","slug":"filha-de-biden-se-descuida-e-revela-detalhe-sobre-o-pai","status":"publish","type":"post","link":"https:\/\/tvbrazilusa.com\/pt\/2024\/11\/20\/filha-de-biden-se-descuida-e-revela-detalhe-sobre-o-pai\/","title":{"rendered":"Filha de Biden se descuida e revela detalhe sobre o pai"},"content":{"rendered":"<p> <script async src=\"https:\/\/pagead2.googlesyndication.com\/pagead\/js\/adsbygoogle.js?client=ca-pub-8864793242727901\"\r\n     crossorigin=\"anonymous\"><\/script><br \/>\n<\/p>\n<div>\n<figure class=\"post-image\">\n<\/figure>\n<p>            <span style=\"font-size: 12px\">Reprodu\u00e7\u00e3o\/Instagram<\/span><\/p>\n<p>            <!-- end metas --><br \/>\n            <!-- ADS --><\/p>\n<div id=\"taboola-read-more\" style=\"display:block; width:100%\">\n<p>No Brasil para reuni\u00e3o do G20 e completando 82 anos nesta quarta-feira, 20, Joe Biden, presidente dos Estados Unidos, est\u00e1 hospedado no Hotel Hilton, na Zona Sul do Rio, acompanhado da filha, Ashley Biden e da neta. Recentemente, ele foi fotografado pela herdeira num momento relax na su\u00edte presidencial. Na legenda da imagem, compartilhada na ter\u00e7a-feira, 19, Ashley brinca com a reuni\u00e3o de fam\u00edlia e escreve: \u201cThe G(20) Unit\u201d, (Unidade G20, em tradu\u00e7\u00e3o direta), por\u00e9m alguns detalhes chamam aten\u00e7\u00e3o.\n<\/p>\n<p>A su\u00edte de 157 metros quadrados, sala de estar e de jantar, com vista para a praia de Copacabana, est\u00e1 totalmente fechada, sem nenhum espa\u00e7o das janelas sem cobertura. Biden segura um tablet e na televis\u00e3o ao fundo \u00e9 poss\u00edvel ver que o sistema da Casa Branca est\u00e1 logado. Al\u00e9m disso, uma cortina preta cobre o acesso a outro c\u00f4modo, que tem mais janelas em vidro. O tecido mant\u00e9m a privacidade da fam\u00edlia e impede que qualquer tipo de reflexo possa ser visto pelas janelas. Ou seja, sem vista para o mar.<\/p>\n<p>Fonte: Veja\u00a0              <\/p>\n<\/div>\n<p>                        <!-- Scripts para conteudo --><\/p>\n<p>            <!-- .\/Scripts para conteudo --><br \/>\n            <!-- .\/Mat\u00e9ria --><\/p>\n<div class=\"row mt-3\">\n<div class=\"col-sm-6\">\n                <!-- Whatsapp channel 3--><br \/>\n                <a href=\"https:\/\/chat.whatsapp.com\/J6hwSKYns5B0XFowx2wZ0P\" target=\"_blank\"><br \/>\n                  <img decoding=\"async\" src=\"https:\/\/diariodobrasilnoticias.com.br\/assets-site\/images\/bot_whatsapp.png\"\/><\/a>\n              <\/div>\n<div class=\"col-sm-6\">\n                <a href=\"https:\/\/t.me\/+_4gTmi5LKo03OTM5\" target=\"_blank\"><br \/>\n                  <img decoding=\"async\" src=\"https:\/\/diariodobrasilnoticias.com.br\/assets-site\/images\/bot_telegram.png\"\/><\/a>\n              <\/div>\n<\/p><\/div>\n<p>            <!-- end post-navigation --><\/p>\n<p>              <!-- end row --><\/p>\n<p>              <!-- end col-12-->\n                      <\/div>\n<p><br \/>\n<br \/><a href=\"https:\/\/diariodobrasilnoticias.com.br\/noticia\/filha-de-biden-se-descuida-e-revela-detalhe-sobre-o-pai-673e544d9a1d1\">Source link <\/a><\/p>","protected":false},"excerpt":{"rendered":"<p>Reprodu\u00e7\u00e3o\/Instagram No Brasil para reuni\u00e3o do G20 e completando 82 anos nesta quarta-feira, 20, Joe Biden, presidente dos Estados Unidos, est\u00e1 hospedado no Hotel Hilton, na Zona Sul do Rio,&hellip;<\/p>","protected":false},"author":1,"featured_media":62984,"comment_status":"closed","ping_status":"open","sticky":false,"template":"","format":"standard","meta":{"content-type":"","footnotes":""},"categories":[16],"tags":[123,2448,5313,1267],"class_list":["post-62983","post","type-post","status-publish","format-standard","has-post-thumbnail","hentry","category-noticias","tag-brasil","tag-diario","tag-noticia","tag-noticias"],"_links":{"self":[{"href":"https:\/\/tvbrazilusa.com\/pt\/wp-json\/wp\/v2\/posts\/62983","targetHints":{"allow":["GET"]}}],"collection":[{"href":"https:\/\/tvbrazilusa.com\/pt\/wp-json\/wp\/v2\/posts"}],"about":[{"href":"https:\/\/tvbrazilusa.com\/pt\/wp-json\/wp\/v2\/types\/post"}],"author":[{"embeddable":true,"href":"https:\/\/tvbrazilusa.com\/pt\/wp-json\/wp\/v2\/users\/1"}],"replies":[{"embeddable":true,"href":"https:\/\/tvbrazilusa.com\/pt\/wp-json\/wp\/v2\/comments?post=62983"}],"version-history":[{"count":1,"href":"https:\/\/tvbrazilusa.com\/pt\/wp-json\/wp\/v2\/posts\/62983\/revisions"}],"predecessor-version":[{"id":62985,"href":"https:\/\/tvbrazilusa.com\/pt\/wp-json\/wp\/v2\/posts\/62983\/revisions\/62985"}],"wp:featuredmedia":[{"embeddable":true,"href":"https:\/\/tvbrazilusa.com\/pt\/wp-json\/wp\/v2\/media\/62984"}],"wp:attachment":[{"href":"https:\/\/tvbrazilusa.com\/pt\/wp-json\/wp\/v2\/media?parent=62983"}],"wp:term":[{"taxonomy":"category","embeddable":true,"href":"https:\/\/tvbrazilusa.com\/pt\/wp-json\/wp\/v2\/categories?post=62983"},{"taxonomy":"post_tag","embeddable":true,"href":"https:\/\/tvbrazilusa.com\/pt\/wp-json\/wp\/v2\/tags?post=62983"}],"curies":[{"name":"wp","href":"https:\/\/api.w.org\/{rel}","templated":true}]}}