{"id":62986,"date":"2024-11-20T23:57:03","date_gmt":"2024-11-20T23:57:03","guid":{"rendered":"https:\/\/tvbrazilusa.com\/2024\/11\/20\/sikera-jr-e-sentenciado-a-prisao-por-declaracoes-ofensivas-contra-a-comunidade-lgbtqia\/"},"modified":"2024-11-20T23:57:04","modified_gmt":"2024-11-20T23:57:04","slug":"sikera-jr-e-sentenciado-a-prisao-por-declaracoes-ofensivas-contra-a-comunidade-lgbtqia","status":"publish","type":"post","link":"https:\/\/tvbrazilusa.com\/pt\/2024\/11\/20\/sikera-jr-e-sentenciado-a-prisao-por-declaracoes-ofensivas-contra-a-comunidade-lgbtqia\/","title":{"rendered":"Sik\u00eara Jr. \u00e9 sentenciado \u00e0 pris\u00e3o por declara\u00e7\u00f5es ofensivas contra a comunidade LGBTQIA+"},"content":{"rendered":"<p> <script async src=\"https:\/\/pagead2.googlesyndication.com\/pagead\/js\/adsbygoogle.js?client=ca-pub-8864793242727901\"\r\n     crossorigin=\"anonymous\"><\/script><br \/>\n<\/p>\n<div id=\"taboola-read-more\" style=\"display:block; width:100%\">\n<p>O Tribunal de Justi\u00e7a do Amazonas condenou o apresentador Jos\u00e9 Siqueira Barros J\u00fanior, mais conhecido como Sik\u00eara Jr, a dois anos de pris\u00e3o por declara\u00e7\u00f5es feitas contra a comunidade LGBTQIAPN+.\n<\/p>\n<p>O crime aconteceu em julho de 2021 durante a exibi\u00e7\u00e3o de seu programa no canal da TV de Manaus, no Amazonas, mas s\u00f3 foi parar nos tribunais ap\u00f3s o Minist\u00e9rio P\u00fablico apresentar a den\u00fancia contra o apresentador em setembro de 2022, mais de 1 anos ap\u00f3s o ocorrido, e somente agora, em 2024, a a\u00e7\u00e3o foi julgada.<\/p>\n<p>De acordo com a decis\u00e3o, protocolada na 8\u00aa Vara Criminal da Comarca de Manaus, o apresentador deve cumprir 200 dias-multa e dois anos de reclus\u00e3o em regime aberto pelo crime previsto na Lei n\u00ba 7.716\/1989, que prev\u00ea puni\u00e7\u00e3o para casos de descrimina\u00e7\u00e3o ou preconceito de ra\u00e7a, cor, etnia, religi\u00e3o ou proced\u00eancia nacional.\n<\/p>\n<p>Segundo o Minist\u00e9rio P\u00fablico do Amazonas, ap\u00f3s participar de uma audi\u00eancia de instru\u00e7\u00e3o e julgamento durante o andamento do processo, o apresentador teria negado a pr\u00e1tica do delito e afirmado que teve as declara\u00e7\u00f5es apontadas pela acusa\u00e7\u00e3o mal interpretadas ou retiradas de contexto.\n<\/p>\n<p>\u201cO acusado tamb\u00e9m nega veementemente qualquer inten\u00e7\u00e3o de incitar viol\u00eancia ou discrimina\u00e7\u00e3o contra a comunidade LGBTQIAPN+\u201d, cita o documento da den\u00fancia.\n<\/p>\n<p>Para o MP, as falas preconceituosas ditas pelo apresentador durante seu programa configuram, \u201cde forma inequ\u00edvoca, a pr\u00e1tica de discurso de \u00f3dio e incita o medo e a intimida\u00e7\u00e3o contra a popula\u00e7\u00e3o LGBTQIAPN+.\u201d\n<\/p>\n<p>\u201cO denunciado contribui para a nega\u00e7\u00e3o do tratamento igualit\u00e1rio e respeitoso devido a essa parcela da popula\u00e7\u00e3o. Tal conduta impede a plena integra\u00e7\u00e3o desse grupo \u00e0 sociedade, refor\u00e7a o estigma social e perpetua a ideia de inferioridade, al\u00e9m de estimular comportamentos de rejei\u00e7\u00e3o e hostilidade violenta\u201d, afirma a den\u00fancia apresentada \u00e0 Justi\u00e7a pelo \u00f3rg\u00e3o.\n<\/p>\n<p>Mesmo com a pris\u00e3o em regime aberto proferida, Sik\u00eara Jr teve autoriza\u00e7\u00e3o para substitui\u00e7\u00e3o da pena privativa de liberdade em duas restritivas. Sendo assim, ele deve cumpri-la prestando servi\u00e7o \u00e0 comunidade por prazo e hor\u00e1rios a serem estabelecidos, segundo as diretrizes da Vara de Medidas e Penas Alternativas (VEMEPA).\n<\/p>\n<p>Al\u00e9m disso, conforme a decis\u00e3o, o apresentador n\u00e3o poder\u00e1 deixar seu domic\u00edlio no per\u00edodo noturno e nos dias de folga do trabalho.\n<\/p>\n<p>Relembre o caso<br \/>Nos dias 18 e 25 de junho de 2021, o apresentador Sik\u00eara Jr, durante a exibi\u00e7\u00e3o de seu programa de TV, proferiu falas discriminat\u00f3rias contra o p\u00fablico LGBTQIAPN+.\n<\/p>\n<p>Na primeira ocasi\u00e3o, ele afirmou durante o ao vivo: \u201cJ\u00e1 pensou ter um filho viado e n\u00e3o poder matar?\u201d. Uma semana depois do ocorrido, tamb\u00e9m durante o programa jornal\u00edstico, ele classificou pessoas gays como \u201cra\u00e7a desgra\u00e7ada\u201d.\n<\/p>\n<p>\u201cA gente est\u00e1 calado, engolindo essa ra\u00e7a desgra\u00e7ada. Voc\u00eas n\u00e3o procriam e querem acabar com a minha fam\u00edlia e a fam\u00edlia dos brasileiros. Voc\u00eas s\u00e3o nojentos. Voc\u00eas chegaram ao limite. Voc\u00eas chegaram ao limite\u201d, disse Sik\u00eara na segunda declara\u00e7\u00e3o ofensiva.\n<\/p>\n<p>A pena dada \u00e0 Sik\u00eara Jr se enquadra na Lei n\u00ba 7.716\/1989. Conforme estabelecido pela Constitui\u00e7\u00e3o Federal, se qualquer dos crimes previstos neste artigo for cometido por interm\u00e9dio dos meios de comunica\u00e7\u00e3o social, de publica\u00e7\u00e3o em redes sociais, da rede mundial de computadores ou de publica\u00e7\u00e3o de qualquer natureza, a pena de reclus\u00e3o pode variar de dois a cinco anos, mais multas adicionadas.\n<\/p>\n<p>Fonte: Portal Leo Dias              <\/p>\n<\/div>\n<p><br \/>\n<br \/><a href=\"https:\/\/diariodobrasilnoticias.com.br\/noticia\/sikera-jr-e-sentenciado-a-prisao-por-declaracoes-ofensivas-contra-a-comunidade-lgbtqia-673e53f06bf3e\">Source link <\/a><\/p>","protected":false},"excerpt":{"rendered":"<p>O Tribunal de Justi\u00e7a do Amazonas condenou o apresentador Jos\u00e9 Siqueira Barros J\u00fanior, mais conhecido como Sik\u00eara Jr, a dois anos de pris\u00e3o por declara\u00e7\u00f5es feitas contra a comunidade LGBTQIAPN+.&hellip;<\/p>","protected":false},"author":1,"featured_media":62987,"comment_status":"closed","ping_status":"open","sticky":false,"template":"","format":"standard","meta":{"content-type":"","footnotes":""},"categories":[16],"tags":[123,2448,5313,1267],"class_list":["post-62986","post","type-post","status-publish","format-standard","has-post-thumbnail","hentry","category-noticias","tag-brasil","tag-diario","tag-noticia","tag-noticias"],"_links":{"self":[{"href":"https:\/\/tvbrazilusa.com\/pt\/wp-json\/wp\/v2\/posts\/62986","targetHints":{"allow":["GET"]}}],"collection":[{"href":"https:\/\/tvbrazilusa.com\/pt\/wp-json\/wp\/v2\/posts"}],"about":[{"href":"https:\/\/tvbrazilusa.com\/pt\/wp-json\/wp\/v2\/types\/post"}],"author":[{"embeddable":true,"href":"https:\/\/tvbrazilusa.com\/pt\/wp-json\/wp\/v2\/users\/1"}],"replies":[{"embeddable":true,"href":"https:\/\/tvbrazilusa.com\/pt\/wp-json\/wp\/v2\/comments?post=62986"}],"version-history":[{"count":1,"href":"https:\/\/tvbrazilusa.com\/pt\/wp-json\/wp\/v2\/posts\/62986\/revisions"}],"predecessor-version":[{"id":62988,"href":"https:\/\/tvbrazilusa.com\/pt\/wp-json\/wp\/v2\/posts\/62986\/revisions\/62988"}],"wp:featuredmedia":[{"embeddable":true,"href":"https:\/\/tvbrazilusa.com\/pt\/wp-json\/wp\/v2\/media\/62987"}],"wp:attachment":[{"href":"https:\/\/tvbrazilusa.com\/pt\/wp-json\/wp\/v2\/media?parent=62986"}],"wp:term":[{"taxonomy":"category","embeddable":true,"href":"https:\/\/tvbrazilusa.com\/pt\/wp-json\/wp\/v2\/categories?post=62986"},{"taxonomy":"post_tag","embeddable":true,"href":"https:\/\/tvbrazilusa.com\/pt\/wp-json\/wp\/v2\/tags?post=62986"}],"curies":[{"name":"wp","href":"https:\/\/api.w.org\/{rel}","templated":true}]}}