{"id":6315,"date":"2024-07-23T15:31:46","date_gmt":"2024-07-23T15:31:46","guid":{"rendered":"https:\/\/tvbrazilusa.com\/2024\/07\/23\/greve-e-anunciada-por-servidores-de-agencias-reguladoras-do-brasil\/"},"modified":"2024-07-23T15:38:24","modified_gmt":"2024-07-23T15:38:24","slug":"greve-e-anunciada-por-servidores-de-agencias-reguladoras-do-brasil","status":"publish","type":"post","link":"https:\/\/tvbrazilusa.com\/pt\/2024\/07\/23\/greve-e-anunciada-por-servidores-de-agencias-reguladoras-do-brasil\/","title":{"rendered":"Greve \u00e9 anunciada por servidores de ag\u00eancias reguladoras do Brasil"},"content":{"rendered":"<p> <script async src=\"https:\/\/pagead2.googlesyndication.com\/pagead\/js\/adsbygoogle.js?client=ca-pub-8864793242727901\"\r\n     crossorigin=\"anonymous\"><\/script><br \/>\n<\/p>\n<div>\n<p>Em assembleia realizada na noite dessa segunda-feira (22\/7), os servidores do Sinag\u00eancias decidiram iniciar uma <a href=\"https:\/\/terrabrasilnoticias.com\/2024\/07\/greve-no-inss-afeta-servicos-e-beneficiarios-em-todo-o-brasil\/\" target=\"_blank\" rel=\"noreferrer noopener\">greve <\/a>de 48 horas em reposta \u00e0 oferta de reajuste salarial do governo. A proposta, considerada insatisfat\u00f3ria pela maioria dos membros, foi negada com 99% dos votos. O reajuste oferecido pelo governo era de at\u00e9 21,4% para alguns cargos, escalonado em duas etapas: uma distribui\u00e7\u00e3o em janeiro de 2025 e a outra em abril de 2026.<\/p>\n<p>Esta crise salarial surge em um contexto onde os empregados das ag\u00eancias desejam melhorias salariais h\u00e1 anos. Agora, com a nega\u00e7\u00e3o da oferta governamental, a medida de for\u00e7a parece ser a \u00fanica op\u00e7\u00e3o em vista para os profissionais. A greve est\u00e1 marcada para os dias 31 de julho e 1\u00b0 de agosto, prometendo afetar diversos setores regulados.<\/p>\n<figure class=\"wp-block-image size-full\"><picture decoding=\"async\" class=\"wp-image-160035\"><source type=\"image\/webp\" srcset=\"https:\/\/terrabrasilnoticias.com\/wp-content\/uploads\/2024\/07\/image-727.png.webp 700w, https:\/\/terrabrasilnoticias.com\/wp-content\/uploads\/2024\/07\/image-727-300x169.png.webp 300w\" sizes=\"(max-width: 700px) 100vw, 700px\"\/><\/picture><figcaption class=\"wp-element-caption\">Douglas Neris\/Bancillon Comunica\u00e7\u00f5es<\/figcaption><\/figure>\n<h2 class=\"wp-block-heading\">Por que a oferta do governo foi rejeitada pelos servidores?<\/h2>\n<p>Os trabalhadores argumentam que o aumento proposto pelo governo n\u00e3o \u00e9 suficiente para cobrir as defasagens acumuladas ao longo dos anos, nem para equiparar seus sal\u00e1rios aos de outras carreiras do Ciclo de Gest\u00e3o federal. Evidencia-se um descontentamento geral quanto \u00e0s condi\u00e7\u00f5es oferecidas, refletindo a insatisfa\u00e7\u00e3o com o reconhecimento e valoriza\u00e7\u00e3o profissional.<\/p>\n<h2 class=\"wp-block-heading\">Implica\u00e7\u00f5es da Greve no Servi\u00e7o P\u00fablico<\/h2>\n<p>A greve deve afetar principalmente os servi\u00e7os de fiscaliza\u00e7\u00e3o e controle, essenciais para o funcionamento do pa\u00eds em \u00e1reas como energia el\u00e9trica, \u00e1gua, telecomunica\u00e7\u00f5es e transportes. Devido ao car\u00e1ter estrat\u00e9gico das ag\u00eancias reguladoras, uma paralisa\u00e7\u00e3o pode trazer consequ\u00eancias significativas n\u00e3o apenas para a economia, mas tamb\u00e9m para a vida quotidiana da popula\u00e7\u00e3o.<\/p>\n<h2 class=\"wp-block-heading\">Impacto Econ\u00f4mico Potencial da Paralisa\u00e7\u00e3o<\/h2>\n<p>As 11 ag\u00eancias que prometem aderir \u00e0 greve desempenham um papel crucial na economia, regulando setores que representam cerca de 60% do PIB brasileiro. Uma paralisa\u00e7\u00e3o, portanto, poderia comprometer n\u00e3o s\u00f3 a arrecada\u00e7\u00e3o federal, prevista para ultrapassar R$ 100 bilh\u00f5es em 2024, mas tamb\u00e9m influenciar negativamente na estabilidade econ\u00f4mica do pa\u00eds.<\/p>\n<ol class=\"wp-block-list\">\n<li>Ag\u00eancia Nacional de \u00c1guas e Saneamento B\u00e1sico (Ana)<\/li>\n<li>Ag\u00eancia Nacional de Avia\u00e7\u00e3o Civil (Anac)<\/li>\n<li>Ag\u00eancia Nacional de Energia El\u00e9trica (Aneel)<\/li>\n<li>Ag\u00eancia Nacional de Minera\u00e7\u00e3o (ANM)<\/li>\n<li>Ag\u00eancia Nacional de Sa\u00fade Suplementar (ANS)<\/li>\n<li>Ag\u00eancia Nacional de Telecomunica\u00e7\u00f5es (Anatel)<\/li>\n<li>Ag\u00eancia Nacional de Transportes Aquavi\u00e1rios (Antaq)<\/li>\n<li>Ag\u00eancia Nacional de Transportes Terrestres (ANTT)<\/li>\n<li>Ag\u00eancia Nacional do Cinema (Ancine)<\/li>\n<li>Ag\u00eancia Nacional do Petr\u00f3leo, G\u00e1s Natural e Biocombust\u00edveis do Brasil (ANP)<\/li>\n<li>Ag\u00eancia Nacional de Vigil\u00e2ncia Sanit\u00e1ria (Anvisa)<\/li>\n<\/ol>\n<p>Os funcion\u00e1rios das ag\u00eancias esperam que esta medida extrema alerte tanto a sociedade quanto o governo sobre a necessidade urgente de valoriza\u00e7\u00e3o dos profissionais que desempenham um trabalho essencial para a qualidade de vida e desenvolvimento do Brasil. Resta aguardar os pr\u00f3ximos passos tanto do Sinag\u00eancias quanto do governo para encontrar uma solu\u00e7\u00e3o que atenda \u00e0s reivindica\u00e7\u00f5es dos servidores e evite maiores preju\u00edzos para a popula\u00e7\u00e3o.\u00a0<\/p>\n<\/p><\/div>\n<p><br \/>\n<br \/><a href=\"https:\/\/terrabrasilnoticias.com\/2024\/07\/greve-e-anunciada-por-servidores-de-agencias-reguladoras-do-brasil\/\">Source link <\/a><\/p>","protected":false},"excerpt":{"rendered":"<p>Em assembleia realizada na noite dessa segunda-feira (22\/7), os servidores do Sinag\u00eancias decidiram iniciar uma greve de 48 horas em reposta \u00e0 oferta de reajuste salarial do governo. A proposta,&hellip;<\/p>","protected":false},"author":1,"featured_media":6316,"comment_status":"closed","ping_status":"open","sticky":false,"template":"","format":"standard","meta":{"content-type":"","footnotes":""},"categories":[16],"tags":[],"class_list":["post-6315","post","type-post","status-publish","format-standard","has-post-thumbnail","hentry","category-noticias"],"_links":{"self":[{"href":"https:\/\/tvbrazilusa.com\/pt\/wp-json\/wp\/v2\/posts\/6315","targetHints":{"allow":["GET"]}}],"collection":[{"href":"https:\/\/tvbrazilusa.com\/pt\/wp-json\/wp\/v2\/posts"}],"about":[{"href":"https:\/\/tvbrazilusa.com\/pt\/wp-json\/wp\/v2\/types\/post"}],"author":[{"embeddable":true,"href":"https:\/\/tvbrazilusa.com\/pt\/wp-json\/wp\/v2\/users\/1"}],"replies":[{"embeddable":true,"href":"https:\/\/tvbrazilusa.com\/pt\/wp-json\/wp\/v2\/comments?post=6315"}],"version-history":[{"count":1,"href":"https:\/\/tvbrazilusa.com\/pt\/wp-json\/wp\/v2\/posts\/6315\/revisions"}],"predecessor-version":[{"id":6317,"href":"https:\/\/tvbrazilusa.com\/pt\/wp-json\/wp\/v2\/posts\/6315\/revisions\/6317"}],"wp:featuredmedia":[{"embeddable":true,"href":"https:\/\/tvbrazilusa.com\/pt\/wp-json\/wp\/v2\/media\/6316"}],"wp:attachment":[{"href":"https:\/\/tvbrazilusa.com\/pt\/wp-json\/wp\/v2\/media?parent=6315"}],"wp:term":[{"taxonomy":"category","embeddable":true,"href":"https:\/\/tvbrazilusa.com\/pt\/wp-json\/wp\/v2\/categories?post=6315"},{"taxonomy":"post_tag","embeddable":true,"href":"https:\/\/tvbrazilusa.com\/pt\/wp-json\/wp\/v2\/tags?post=6315"}],"curies":[{"name":"wp","href":"https:\/\/api.w.org\/{rel}","templated":true}]}}