{"id":63203,"date":"2024-11-21T13:10:29","date_gmt":"2024-11-21T13:10:29","guid":{"rendered":"https:\/\/tvbrazilusa.com\/2024\/11\/21\/urgente-tribunal-de-haia-emite-ordem-de-prisao-contra-netanyahu\/"},"modified":"2024-11-21T13:10:30","modified_gmt":"2024-11-21T13:10:30","slug":"urgente-tribunal-de-haia-emite-ordem-de-prisao-contra-netanyahu","status":"publish","type":"post","link":"https:\/\/tvbrazilusa.com\/pt\/2024\/11\/21\/urgente-tribunal-de-haia-emite-ordem-de-prisao-contra-netanyahu\/","title":{"rendered":"URGENTE: Tribunal de Haia emite ordem de pris\u00e3o contra Netanyahu"},"content":{"rendered":"<p> <script async src=\"https:\/\/pagead2.googlesyndication.com\/pagead\/js\/adsbygoogle.js?client=ca-pub-8864793242727901\"\r\n     crossorigin=\"anonymous\"><\/script><br \/>\n<\/p>\n<div id=\"taboola-read-more\" style=\"display:block; width:100%\">\n<p>O Tribunal Penal Internacional (TPI) de Haia emitiu nesta quinta-feira (21) mandados de pris\u00e3o contra o premi\u00ea de Israel, Benjamin Netanyahu, e o ex-ministro da Defesa Yoav Gallant por crimes de guerra e contra a humanidade durante o conflito na Faixa de Gaza.\n<\/p>\n<p>Segundo a ordem da C\u00e2mara Preliminar I do TPI, as infra\u00e7\u00f5es teriam sido cometidas &#8220;pelo menos entre 8 de outubro de 2023 at\u00e9 pelo menos 20 de maio de 2024&#8221;, quando a Procuradoria protocolou pedidos de pris\u00e3o contra Netanyahu e Gallant.<\/p>\n<p>Em comunicado, o tribunal cita &#8220;ataques disseminados e sistem\u00e1ticos contra a popula\u00e7\u00e3o civil de Gaza&#8221;, no \u00e2mbito da guerra deflagrada em 7 de outubro de 2023, ap\u00f3s atentados terroristas do Hamas que deixaram 1,2 mil mortos em Israel.\n<\/p>\n<p>Desde ent\u00e3o, o conflito j\u00e1 custou cerca de 44 mil vidas no enclave palestino, que tamb\u00e9m vive sob a amea\u00e7a da fome.\n<\/p>\n<p>Na mesma decis\u00e3o, a C\u00e2mara Preliminar rejeitou recursos de Tel Aviv contra a jurisdi\u00e7\u00e3o do TPI para processar cidad\u00e3os israelenses e suspender casos contra o pa\u00eds. De acordo com o comunicado, a ades\u00e3o de Israel n\u00e3o \u00e9 exigida, uma vez que a corte pode atuar &#8220;com base na jurisdi\u00e7\u00e3o territorial da Palestina&#8221;.\n<\/p>\n<p>&#8220;A C\u00e2mara encontrou motivos razo\u00e1veis para acreditar que Netanyahu e Gallant t\u00eam responsabilidade pelos seguintes crimes: o crime de guerra de fome como m\u00e9todo de guerra; e os crimes contra a humanidade de assassinato, persegui\u00e7\u00e3o e outros atos desumanos. A C\u00e2mara tamb\u00e9m encontrou motivos razo\u00e1veis para acreditar que Netanyahu e Gallant t\u00eam responsabilidade criminal como superiores civis pelo crime de guerra de dirigir intencionalmente um ataque contra a popula\u00e7\u00e3o civil&#8221;, afirma o TPI.\n<\/p>\n<p>O comunicado ainda cita que os dois agiram &#8220;intencionalmente&#8221; para privar a popula\u00e7\u00e3o civil de Gaza de &#8220;itens indispens\u00e1veis para sua sobreviv\u00eancia, incluindo alimentos, \u00e1gua e medicamentos, bem como combust\u00edvel e eletricidade&#8221;.\n<\/p>\n<p>Por outro lado, o TPI tamb\u00e9m emitiu um mandado de pris\u00e3o contra Mohammed Diab Ibrahim Al-Masri, conhecido como &#8220;Deif&#8221;, l\u00edder da ala militar do Hamas, por crimes de guerra e contra a humanidade cometidos contra Israel e Palestina a partir de 7 de outubro de 2023.\n<\/p>\n<p>Tel Aviv acredita que Deif foi morto em um bombardeio na Faixa de Gaza em julho passado, mas a corte de Haia diz que ainda n\u00e3o \u00e9 poss\u00edvel determinar se o l\u00edder fundamentalista &#8220;foi assassinado ou permanece vivo&#8221;.\n<\/p>\n<p>A Procuradoria tamb\u00e9m havia pedido a pris\u00e3o de Ismail Haniyeh, chefe pol\u00edtico do Hamas, e seu sucessor, Yahya Sinwar, mentor dos atentados de 7 de outubro, por\u00e9m ambos foram mortos por Israel.\n<\/p>\n<p>&#8220;A C\u00e2mara encontrou motivos razo\u00e1veis para acreditar que Deif \u00e9 respons\u00e1vel pelos crimes contra a humanidade de assassinato, exterm\u00ednio, tortura e estupro e outras formas de viol\u00eancia sexual; bem como pelos crimes de guerra de assassinato, tratamento cruel, tortura, tomada de ref\u00e9ns, ultrajes \u00e0 dignidade pessoal e estupro e outras formas de viol\u00eancia sexual&#8221;, ressalta o comunicado<\/p>\n<p>Fonte: Reda\u00e7\u00e3o Terra              <\/p>\n<\/div>\n<p><br \/>\n<br \/><a href=\"https:\/\/diariodobrasilnoticias.com.br\/noticia\/urgente-tribunal-de-haia-emite-ordem-de-prisao-contra-netanyahu-673f2c26083e8\">Source link <\/a><\/p>","protected":false},"excerpt":{"rendered":"<p>O Tribunal Penal Internacional (TPI) de Haia emitiu nesta quinta-feira (21) mandados de pris\u00e3o contra o premi\u00ea de Israel, Benjamin Netanyahu, e o ex-ministro da Defesa Yoav Gallant por crimes&hellip;<\/p>","protected":false},"author":1,"featured_media":63204,"comment_status":"closed","ping_status":"open","sticky":false,"template":"","format":"standard","meta":{"content-type":"","footnotes":""},"categories":[16],"tags":[123,2448,5313,1267],"class_list":["post-63203","post","type-post","status-publish","format-standard","has-post-thumbnail","hentry","category-noticias","tag-brasil","tag-diario","tag-noticia","tag-noticias"],"_links":{"self":[{"href":"https:\/\/tvbrazilusa.com\/pt\/wp-json\/wp\/v2\/posts\/63203","targetHints":{"allow":["GET"]}}],"collection":[{"href":"https:\/\/tvbrazilusa.com\/pt\/wp-json\/wp\/v2\/posts"}],"about":[{"href":"https:\/\/tvbrazilusa.com\/pt\/wp-json\/wp\/v2\/types\/post"}],"author":[{"embeddable":true,"href":"https:\/\/tvbrazilusa.com\/pt\/wp-json\/wp\/v2\/users\/1"}],"replies":[{"embeddable":true,"href":"https:\/\/tvbrazilusa.com\/pt\/wp-json\/wp\/v2\/comments?post=63203"}],"version-history":[{"count":1,"href":"https:\/\/tvbrazilusa.com\/pt\/wp-json\/wp\/v2\/posts\/63203\/revisions"}],"predecessor-version":[{"id":63205,"href":"https:\/\/tvbrazilusa.com\/pt\/wp-json\/wp\/v2\/posts\/63203\/revisions\/63205"}],"wp:featuredmedia":[{"embeddable":true,"href":"https:\/\/tvbrazilusa.com\/pt\/wp-json\/wp\/v2\/media\/63204"}],"wp:attachment":[{"href":"https:\/\/tvbrazilusa.com\/pt\/wp-json\/wp\/v2\/media?parent=63203"}],"wp:term":[{"taxonomy":"category","embeddable":true,"href":"https:\/\/tvbrazilusa.com\/pt\/wp-json\/wp\/v2\/categories?post=63203"},{"taxonomy":"post_tag","embeddable":true,"href":"https:\/\/tvbrazilusa.com\/pt\/wp-json\/wp\/v2\/tags?post=63203"}],"curies":[{"name":"wp","href":"https:\/\/api.w.org\/{rel}","templated":true}]}}