{"id":63206,"date":"2024-11-21T13:13:14","date_gmt":"2024-11-21T13:13:14","guid":{"rendered":"https:\/\/tvbrazilusa.com\/2024\/11\/21\/incorporadora-imobiliaria-de-miami-deve-se-render-as-acusacoes-de-homicidio-no-acidente-mortal-de-barco-em-biscayne-bay-wsvn-7news-noticias-de-miami-clima-esportes-fort-lauderdale\/"},"modified":"2024-11-21T13:14:58","modified_gmt":"2024-11-21T13:14:58","slug":"incorporadora-imobiliaria-de-miami-deve-se-render-as-acusacoes-de-homicidio-no-acidente-mortal-de-barco-em-biscayne-bay-wsvn-7news-noticias-de-miami-clima-esportes-fort-lauderdale","status":"publish","type":"post","link":"https:\/\/tvbrazilusa.com\/pt\/2024\/11\/21\/incorporadora-imobiliaria-de-miami-deve-se-render-as-acusacoes-de-homicidio-no-acidente-mortal-de-barco-em-biscayne-bay-wsvn-7news-noticias-de-miami-clima-esportes-fort-lauderdale\/","title":{"rendered":"Incorporadora imobili\u00e1ria de Miami deve se render \u00e0s acusa\u00e7\u00f5es de homic\u00eddio no acidente mortal de barco em Biscayne Bay &#8211; WSVN 7News | Not\u00edcias de Miami, clima, esportes | Fort Lauderdale"},"content":{"rendered":"<p> <script async src=\"https:\/\/pagead2.googlesyndication.com\/pagead\/js\/adsbygoogle.js?client=ca-pub-8864793242727901\"\r\n     crossorigin=\"anonymous\"><\/script><br \/>\n<\/p>\n<div itemprop=\"articleBody\">\n<p>MIAMI (WSVN) \u2013 Um incorporador imobili\u00e1rio deve se render na quinta-feira, anos depois de seu suposto envolvimento em um acidente mortal de barco. <\/p>\n<p>Mais de dois anos depois dos dezessete anos<a href=\"https:\/\/wsvn.com\/news\/local\/miami-dade\/sunrise-tribute-and-mass-held-for-17-year-old-senior-who-died-in-boat-crash-near-boca-chita-key\/\" data-type=\"link\" data-id=\"https:\/\/wsvn.com\/news\/local\/miami-dade\/sunrise-tribute-and-mass-held-for-17-year-old-senior-who-died-in-boat-crash-near-boca-chita-key\/\" target=\"_blank\" rel=\"noreferrer noopener\"> Luciana Fern\u00e1ndez morreu<\/a>e 19 anos <a href=\"https:\/\/wsvn.com\/news\/local\/miami-dade\/student-killed-in-boat-crash-surviving-friend-honored-at-our-lady-of-lourdes-academys-graduation-ceremony\/\" data-type=\"link\" data-id=\"https:\/\/wsvn.com\/news\/local\/miami-dade\/student-killed-in-boat-crash-surviving-friend-honored-at-our-lady-of-lourdes-academys-graduation-ceremony\/\" target=\"_blank\" rel=\"noreferrer noopener\">Katerina Puig ficou permanentemente incapacitada<\/a> pelo acidente. O motorista do barco em que estavam,<a href=\"https:\/\/wsvn.com\/news\/local\/miami-dade\/real-estate-developer-charged-in-deadly-2022-biscayne-bay-boat-crash-ordered-to-report-to-jail\/\" data-type=\"link\" data-id=\"https:\/\/wsvn.com\/news\/local\/miami-dade\/misdemeanor-charges-filed-against-prominent-miami-real-estate-broker-in-boca-chita-boat-crash-that-killed-teen\/\" target=\"_blank\" rel=\"noreferrer noopener\"> Jorge Pino,<\/a> deve se render na manh\u00e3 de quinta-feira por acusa\u00e7\u00f5es de homic\u00eddio doloso. <\/p>\n<p>\u201cFechamento completo? Ainda n\u00e3o, mas estamos a caminho\u201d, disse o advogado da fam\u00edlia Fernandez, Joel Denaro.<\/p>\n<p>J\u00e1 vai demorar muito para a fam\u00edlia cujas vidas mudaram para sempre.<\/p>\n<p>Os promotores reavaliaram o caso depois que uma nova testemunha crucial se apresentou. <\/p>\n<p>\u201cUm homem veio do resgate de inc\u00eandio, que \u00e9 uma testemunha cr\u00edtica, e acreditava que o \u00e1lcool era um fator\u201d, disse Denaro. <\/p>\n<p>Pino, uma figura proeminente do setor imobili\u00e1rio, tomou uma decis\u00e3o <a href=\"https:\/\/wsvn.com\/news\/local\/miami-dade\/10-injured-and-1-dead-after-boat-reportedly-collides-with-pole-near-boca-chita-island\/\" data-type=\"link\" data-id=\"https:\/\/wsvn.com\/news\/local\/miami-dade\/10-injured-and-1-dead-after-boat-reportedly-collides-with-pole-near-boca-chita-island\/\" target=\"_blank\" rel=\"noreferrer noopener\">d\u00fazia de adolescentes<\/a> saiu em um barco para comemorar o anivers\u00e1rio de sua filha. Eles atingiram um marcador de canal e foram todos ejetados do barco com o impacto. <\/p>\n<p>Originalmente, ele disse que estava tentando evitar o rastro de um barco maior, o que \u00e9 explicado aos policiais pela c\u00e2mera corporal. <\/p>\n<p>\u201cE a roda, eu acho, quando bati em uma das ondas a roda girou um pouco e perdi o controle e acho que virei\u201d, disse Pino. <\/p>\n<p>Embora fossem garrafas de bebida alco\u00f3lica pela metade e mais de 60 latas de bebida alco\u00f3lica encontradas no barco, os policiais relataram que Pino n\u00e3o estava prejudicado, embora negasse ter feito um teste de \u00e1lcool no sangue. <\/p>\n<p>A princ\u00edpio, Pino foi acusado apenas de duas acusa\u00e7\u00f5es de opera\u00e7\u00e3o descuidada de uma embarca\u00e7\u00e3o, causando morte e les\u00f5es corporais graves, que s\u00e3o de segundo grau.<a href=\"https:\/\/wsvn.com\/news\/local\/miami-dade\/misdemeanor-charges-filed-against-prominent-miami-real-estate-broker-in-boca-chita-boat-crash-that-killed-teen\/\" data-type=\"link\" data-id=\"https:\/\/wsvn.com\/news\/local\/miami-dade\/misdemeanor-charges-filed-against-prominent-miami-real-estate-broker-in-boca-chita-boat-crash-that-killed-teen\/\" target=\"_blank\" rel=\"noreferrer noopener\"> contraven\u00e7\u00f5es.<\/a><\/p>\n<p>Agora, mais de dois anos ap\u00f3s a crise do Dia do Trabalho, os investigadores apresentaram uma nova acusa\u00e7\u00e3o trazendo alguma apar\u00eancia de justi\u00e7a para as fam\u00edlias de Puig e Fernandez. <\/p>\n<p>\u201cNormalmente, em casos criminais, eles n\u00e3o melhoram com o tempo. Acreditamos que isto seja a excep\u00e7\u00e3o porque com o passar do tempo come\u00e7aram a surgir mais testemunhas que tinham informa\u00e7\u00f5es que provam que se tratava de um acto imprudente, e n\u00e3o de um acto descuidado\u201d, disse Denaro. <\/p>\n<p>A promotora deste caso disse que n\u00e3o planeja buscar fian\u00e7a. <\/p>\n<p>Agora, Pino est\u00e1 foragido desde agosto de 2023, quando foi originalmente acusado. <\/p>\n<p><em>Copyright 2024 Sunbeam Television Corp. Todos os direitos reservados. Este material n\u00e3o pode ser publicado, transmitido, reescrito ou redistribu\u00eddo.<\/em><\/p>\n<div class=\"wp-block-newsletter\">\n\t<strong class=\"wp-block-newsletter__title\">Cadastre-se em nosso boletim informativo para receber as \u00faltimas not\u00edcias diretamente em sua caixa de entrada<\/strong><\/p>\n<\/div><\/div>\n<p><br \/>\n<br \/><a href=\"https:\/\/wsvn.com\/news\/local\/miami-dade\/miami-real-estate-developer-set-to-surrender-to-felony-homicide-charges-in-deadly-biscayne-bay-boat-crash\/\">Source link <\/a><\/p>","protected":false},"excerpt":{"rendered":"<p>MIAMI (WSVN) \u2013 Um incorporador imobili\u00e1rio deve se render na quinta-feira, anos depois de seu suposto envolvimento em um acidente mortal de barco. Mais de dois anos depois dos dezessete&hellip;<\/p>","protected":false},"author":1,"featured_media":63207,"comment_status":"closed","ping_status":"open","sticky":false,"template":"","format":"standard","meta":{"content-type":"","footnotes":""},"categories":[1],"tags":[],"class_list":["post-63206","post","type-post","status-publish","format-standard","has-post-thumbnail","hentry","category-uncategorized"],"_links":{"self":[{"href":"https:\/\/tvbrazilusa.com\/pt\/wp-json\/wp\/v2\/posts\/63206","targetHints":{"allow":["GET"]}}],"collection":[{"href":"https:\/\/tvbrazilusa.com\/pt\/wp-json\/wp\/v2\/posts"}],"about":[{"href":"https:\/\/tvbrazilusa.com\/pt\/wp-json\/wp\/v2\/types\/post"}],"author":[{"embeddable":true,"href":"https:\/\/tvbrazilusa.com\/pt\/wp-json\/wp\/v2\/users\/1"}],"replies":[{"embeddable":true,"href":"https:\/\/tvbrazilusa.com\/pt\/wp-json\/wp\/v2\/comments?post=63206"}],"version-history":[{"count":1,"href":"https:\/\/tvbrazilusa.com\/pt\/wp-json\/wp\/v2\/posts\/63206\/revisions"}],"predecessor-version":[{"id":63208,"href":"https:\/\/tvbrazilusa.com\/pt\/wp-json\/wp\/v2\/posts\/63206\/revisions\/63208"}],"wp:featuredmedia":[{"embeddable":true,"href":"https:\/\/tvbrazilusa.com\/pt\/wp-json\/wp\/v2\/media\/63207"}],"wp:attachment":[{"href":"https:\/\/tvbrazilusa.com\/pt\/wp-json\/wp\/v2\/media?parent=63206"}],"wp:term":[{"taxonomy":"category","embeddable":true,"href":"https:\/\/tvbrazilusa.com\/pt\/wp-json\/wp\/v2\/categories?post=63206"},{"taxonomy":"post_tag","embeddable":true,"href":"https:\/\/tvbrazilusa.com\/pt\/wp-json\/wp\/v2\/tags?post=63206"}],"curies":[{"name":"wp","href":"https:\/\/api.w.org\/{rel}","templated":true}]}}