{"id":63209,"date":"2024-11-21T13:22:29","date_gmt":"2024-11-21T13:22:29","guid":{"rendered":"https:\/\/tvbrazilusa.com\/2024\/11\/21\/deputado-expressa-apoio-a-rogerio-marinho-para-o-governo-do-rn-afirmando-acreditar-no-seu-potencial\/"},"modified":"2024-11-21T13:22:31","modified_gmt":"2024-11-21T13:22:31","slug":"deputado-expressa-apoio-a-rogerio-marinho-para-o-governo-do-rn-afirmando-acreditar-no-seu-potencial","status":"publish","type":"post","link":"https:\/\/tvbrazilusa.com\/pt\/2024\/11\/21\/deputado-expressa-apoio-a-rogerio-marinho-para-o-governo-do-rn-afirmando-acreditar-no-seu-potencial\/","title":{"rendered":"Deputado expressa apoio a Rog\u00e9rio Marinho para o governo do RN, afirmando acreditar no seu potencial"},"content":{"rendered":"<p> <script async src=\"https:\/\/pagead2.googlesyndication.com\/pagead\/js\/adsbygoogle.js?client=ca-pub-8864793242727901\"\r\n     crossorigin=\"anonymous\"><\/script><br \/>\n<\/p>\n<div id=\"taboola-read-more\" style=\"display:block; width:100%\">\n<p>O deputado estadual Gustavo Carvalho, que vai deixar o PSDB e se filiar ao PL na pr\u00f3xima semana, defendeu nesta ter\u00e7a-feira (19) a elei\u00e7\u00e3o do senador Rog\u00e9rio Marinho (PL) para o Governo do Estado nas elei\u00e7\u00f5es de 2026. Em entrevista \u00e0 98 FM, o deputado de oposi\u00e7\u00e3o afirmou que Rog\u00e9rio tem \u201cpotencial\u201d para fazer o que ele chamou de \u201cgoverno de transforma\u00e7\u00e3o\u201d no Rio Grande do Norte.<\/p>\n<p>\u201cEu gostaria muito de ver Rog\u00e9rio Marinho governador desse estado, porque acredito no potencial que ele tem para fazer um governo de transforma\u00e7\u00e3o. Precisamos de um governo de transforma\u00e7\u00e3o. \u00c9 uma quest\u00e3o de responsabilidade do povo norte-rio-grandense. Estarei disposto para estar em qualquer conversa para que as arestas, se vierem a acontecer, sejam todas superadas\u201d, afirmou o parlamentar.<\/p>\n<p>Apesar disso, Gustavo Carvalho declarou que considera cedo para fazer proje\u00e7\u00f5es sobre 2026 e sobre a acomoda\u00e7\u00e3o de outros aliados. Segundo ele, o mais importante no momento \u00e9 a manuten\u00e7\u00e3o da uni\u00e3o de pol\u00edticos de direita, de modo a reproduzir nas pr\u00f3ximas elei\u00e7\u00f5es a alian\u00e7a que resultou na vit\u00f3ria de Paulinho Freire (Uni\u00e3o Brasil) para a Prefeitura do Natal em 2024.<\/p>\n<p>\u201cA pol\u00edtica \u00e9 aerodin\u00e2mica. Estamos a dois anos. Muitas conversas v\u00e3o acontecer. O que eu espero? \u00c9 que o posicionamento de direita permane\u00e7a unido, que o posicionamento de quem ajudou a construir a linda vit\u00f3ria de Natal possa estar junto tamb\u00e9m para mudar o rumo do que n\u00f3s estamos vivendo no Estado\u201d, acrescentou o parlamentar.<\/p>\n<p>Portal 98FM<\/p>\n<\/p><\/div>\n<p><br \/>\n<br \/><a href=\"https:\/\/diariodobrasilnoticias.com.br\/noticia\/deputado-expressa-apoio-a-rogerio-marinho-para-o-governo-do-rn-afirmando-acreditar-no-seu-potencial-673f245b13ccf\">Source link <\/a><\/p>","protected":false},"excerpt":{"rendered":"<p>O deputado estadual Gustavo Carvalho, que vai deixar o PSDB e se filiar ao PL na pr\u00f3xima semana, defendeu nesta ter\u00e7a-feira (19) a elei\u00e7\u00e3o do senador Rog\u00e9rio Marinho (PL) para&hellip;<\/p>","protected":false},"author":1,"featured_media":63210,"comment_status":"closed","ping_status":"open","sticky":false,"template":"","format":"standard","meta":{"content-type":"","footnotes":""},"categories":[16],"tags":[123,2448,5313,1267],"class_list":["post-63209","post","type-post","status-publish","format-standard","has-post-thumbnail","hentry","category-noticias","tag-brasil","tag-diario","tag-noticia","tag-noticias"],"_links":{"self":[{"href":"https:\/\/tvbrazilusa.com\/pt\/wp-json\/wp\/v2\/posts\/63209","targetHints":{"allow":["GET"]}}],"collection":[{"href":"https:\/\/tvbrazilusa.com\/pt\/wp-json\/wp\/v2\/posts"}],"about":[{"href":"https:\/\/tvbrazilusa.com\/pt\/wp-json\/wp\/v2\/types\/post"}],"author":[{"embeddable":true,"href":"https:\/\/tvbrazilusa.com\/pt\/wp-json\/wp\/v2\/users\/1"}],"replies":[{"embeddable":true,"href":"https:\/\/tvbrazilusa.com\/pt\/wp-json\/wp\/v2\/comments?post=63209"}],"version-history":[{"count":1,"href":"https:\/\/tvbrazilusa.com\/pt\/wp-json\/wp\/v2\/posts\/63209\/revisions"}],"predecessor-version":[{"id":63211,"href":"https:\/\/tvbrazilusa.com\/pt\/wp-json\/wp\/v2\/posts\/63209\/revisions\/63211"}],"wp:featuredmedia":[{"embeddable":true,"href":"https:\/\/tvbrazilusa.com\/pt\/wp-json\/wp\/v2\/media\/63210"}],"wp:attachment":[{"href":"https:\/\/tvbrazilusa.com\/pt\/wp-json\/wp\/v2\/media?parent=63209"}],"wp:term":[{"taxonomy":"category","embeddable":true,"href":"https:\/\/tvbrazilusa.com\/pt\/wp-json\/wp\/v2\/categories?post=63209"},{"taxonomy":"post_tag","embeddable":true,"href":"https:\/\/tvbrazilusa.com\/pt\/wp-json\/wp\/v2\/tags?post=63209"}],"curies":[{"name":"wp","href":"https:\/\/api.w.org\/{rel}","templated":true}]}}