{"id":63227,"date":"2024-11-21T13:59:14","date_gmt":"2024-11-21T13:59:14","guid":{"rendered":"https:\/\/tvbrazilusa.com\/2024\/11\/21\/aviao-volta-a-terminal-apos-fogo-no-banheiro-e-assusta-passageiros\/"},"modified":"2024-11-21T13:59:15","modified_gmt":"2024-11-21T13:59:15","slug":"aviao-volta-a-terminal-apos-fogo-no-banheiro-e-assusta-passageiros","status":"publish","type":"post","link":"https:\/\/tvbrazilusa.com\/pt\/2024\/11\/21\/aviao-volta-a-terminal-apos-fogo-no-banheiro-e-assusta-passageiros\/","title":{"rendered":"Avi\u00e3o volta a terminal ap\u00f3s fogo no banheiro e assusta passageiros"},"content":{"rendered":"<p> <script async src=\"https:\/\/pagead2.googlesyndication.com\/pagead\/js\/adsbygoogle.js?client=ca-pub-8864793242727901\"\r\n     crossorigin=\"anonymous\"><\/script><br \/>\n<\/p>\n<div id=\"taboola-read-more\" style=\"display:block; width:100%\">\n<p>Um voo da Gol precisou voltar para Florian\u00f3polis ap\u00f3s a tripula\u00e7\u00e3o identificar fuma\u00e7a em um dos banheiros, na tarde dessa quarta-feira (20\/11). Passageiros que estavam na aeronave, com destino a Congonhas (SP), contaram que o cheiro de queimado foi sentido j\u00e1 na entrada, antes mesmo da decolagem.\n<\/p>\n<p>Let\u00edcia, uma das passageiras, disse que chegou a perguntar a uma comiss\u00e1ria de bordo o que estava acontecendo e foi informada que houve um princ\u00edpio de inc\u00eandio no banheiro, que j\u00e1 havia sido contido e que a aeronave iria voltar para o Aeroporto de Florian\u00f3polis.<\/p>\n<p>Fonte: Metr\u00f3poles              <\/p>\n<\/div>\n<p><br \/>\n<br \/><a href=\"https:\/\/diariodobrasilnoticias.com.br\/noticia\/aviao-volta-a-terminal-apos-fogo-no-banheiro-e-assusta-passageiros-673f3a7c20d88\">Source link <\/a><\/p>","protected":false},"excerpt":{"rendered":"<p>Um voo da Gol precisou voltar para Florian\u00f3polis ap\u00f3s a tripula\u00e7\u00e3o identificar fuma\u00e7a em um dos banheiros, na tarde dessa quarta-feira (20\/11). Passageiros que estavam na aeronave, com destino a&hellip;<\/p>","protected":false},"author":1,"featured_media":63228,"comment_status":"closed","ping_status":"open","sticky":false,"template":"","format":"standard","meta":{"content-type":"","footnotes":""},"categories":[16],"tags":[123,2448,5313,1267],"class_list":["post-63227","post","type-post","status-publish","format-standard","has-post-thumbnail","hentry","category-noticias","tag-brasil","tag-diario","tag-noticia","tag-noticias"],"_links":{"self":[{"href":"https:\/\/tvbrazilusa.com\/pt\/wp-json\/wp\/v2\/posts\/63227","targetHints":{"allow":["GET"]}}],"collection":[{"href":"https:\/\/tvbrazilusa.com\/pt\/wp-json\/wp\/v2\/posts"}],"about":[{"href":"https:\/\/tvbrazilusa.com\/pt\/wp-json\/wp\/v2\/types\/post"}],"author":[{"embeddable":true,"href":"https:\/\/tvbrazilusa.com\/pt\/wp-json\/wp\/v2\/users\/1"}],"replies":[{"embeddable":true,"href":"https:\/\/tvbrazilusa.com\/pt\/wp-json\/wp\/v2\/comments?post=63227"}],"version-history":[{"count":1,"href":"https:\/\/tvbrazilusa.com\/pt\/wp-json\/wp\/v2\/posts\/63227\/revisions"}],"predecessor-version":[{"id":63229,"href":"https:\/\/tvbrazilusa.com\/pt\/wp-json\/wp\/v2\/posts\/63227\/revisions\/63229"}],"wp:featuredmedia":[{"embeddable":true,"href":"https:\/\/tvbrazilusa.com\/pt\/wp-json\/wp\/v2\/media\/63228"}],"wp:attachment":[{"href":"https:\/\/tvbrazilusa.com\/pt\/wp-json\/wp\/v2\/media?parent=63227"}],"wp:term":[{"taxonomy":"category","embeddable":true,"href":"https:\/\/tvbrazilusa.com\/pt\/wp-json\/wp\/v2\/categories?post=63227"},{"taxonomy":"post_tag","embeddable":true,"href":"https:\/\/tvbrazilusa.com\/pt\/wp-json\/wp\/v2\/tags?post=63227"}],"curies":[{"name":"wp","href":"https:\/\/api.w.org\/{rel}","templated":true}]}}