{"id":63248,"date":"2024-11-21T14:30:21","date_gmt":"2024-11-21T14:30:21","guid":{"rendered":"https:\/\/tvbrazilusa.com\/2024\/11\/21\/uma-militar-trans-que-obteve-o-direito-de-usar-nome-social-e-uniformes-femininos-foi-afastada-julgada-incapaz-e-agora-teve-uma-reforma-imposta-pela-marinha\/"},"modified":"2024-11-21T14:30:22","modified_gmt":"2024-11-21T14:30:22","slug":"uma-militar-trans-que-obteve-o-direito-de-usar-nome-social-e-uniformes-femininos-foi-afastada-julgada-incapaz-e-agora-teve-uma-reforma-imposta-pela-marinha","status":"publish","type":"post","link":"https:\/\/tvbrazilusa.com\/pt\/2024\/11\/21\/uma-militar-trans-que-obteve-o-direito-de-usar-nome-social-e-uniformes-femininos-foi-afastada-julgada-incapaz-e-agora-teve-uma-reforma-imposta-pela-marinha\/","title":{"rendered":"Uma militar trans, que obteve o direito de usar nome social e uniformes femininos, foi afastada, julgada incapaz e agora teve uma reforma imposta pela Marinha"},"content":{"rendered":"<p> <script async src=\"https:\/\/pagead2.googlesyndication.com\/pagead\/js\/adsbygoogle.js?client=ca-pub-8864793242727901\"\r\n     crossorigin=\"anonymous\"><\/script><br \/>\n<\/p>\n<div id=\"taboola-read-more\" style=\"display:block; width:100%\">\n<p>A terceira-sargento Alice Costa, mulher transexual, foi reformada pela Marinha no \u00faltimo dia 6 de novembro. A informa\u00e7\u00e3o foi revelada pela coluna Lauro Jardim, do jornal O Globo, neste s\u00e1bado, 16 de novembro.\n<\/p>\n<p>H\u00e1 3 anos, em agosto de 2021, Alice conquistou na Justi\u00e7a Federal de Mato Grosso do Sul aval para adotar uniformes e corte de cabelo femininos e tamb\u00e9m uso do nome social.<\/p>\n<p>Entretanto, segundo a advogada de defesa de Alice, Bianca Figueira Santos, na pr\u00e1tica nada disso aconteceu. Desde a vit\u00f3ria judicial, a terceira-sargento teria sido submetida a frequentes inspe\u00e7\u00f5es de sa\u00fade que a mantiveram fora das fun\u00e7\u00f5es. O tempo de afastamento, superior a 3 anos, foi justamente o argumento da Marinha para \u201caposentar\u201d a militar.\n<\/p>\n<p>Antes da transi\u00e7\u00e3o, Alice j\u00e1 havia sido diagnosticada pela Marinha com transtornos de depress\u00e3o e ansiedade, mas se manteve classificada como apta a trabalhar com restri\u00e7\u00f5es. Na pr\u00e1tica, ela n\u00e3o poderia atuar em servi\u00e7os armados ou noturnos, mas isso n\u00e3o era um problema, uma vez que supervisionava aquisi\u00e7\u00e3o de medicamentos do Hospital Naval de Lad\u00e1rio.\n<\/p>\n<p>J\u00e1 com a transexualidade reconhecida judicialmente, supostos novos problemas de sa\u00fade passaram a ser diagnosticados, de acordo com a advogada de Alice, como transtorno de personalidade com instabilidade emocional, transtorno n\u00e3o especificado de identidade sexual, transexualismo, asma n\u00e3o especificada e cicatrizes e fibrose cut\u00e2nea.\n<\/p>\n<p>Bianca Figueira Santos diz que tentou ingressar com a\u00e7\u00e3o na Procuradoria-Geral de Justi\u00e7a Militar para apurar transfobia com a terceira-sargento, mas n\u00e3o houve concord\u00e2ncia da Corte.\n<\/p>\n<p>Agora, ela move a\u00e7\u00e3o contra a Marinha visando a anular a reforma de Alice e tamb\u00e9m de outras 2 militares trans do Rio de Janeiro. Segundo a advogada, o modus operandi foi o mesmo: afastamento do trabalho por raz\u00f5es m\u00e9dicas antes inexistentes e por longos per\u00edodos.\n<\/p>\n<p>\u201cO intuito da Marinha sempre foi reformar, enquadrar em doen\u00e7as inexistentes, levantar d\u00favidas sobre a condi\u00e7\u00e3o trans (\u2026), fomentar medo, fobia e preconceito, o que importava era retirar de cena (\u2026)\u201d, diz a peti\u00e7\u00e3o.\n<\/p>\n<p>Al\u00e9m da reincorpora\u00e7\u00e3o, a defesa pede que Alice seja submetida a nova per\u00edcia supervisionada pela Justi\u00e7a Federal e tamb\u00e9m uma indeniza\u00e7\u00e3o de R$ 150 mil por danos morais. Bianca tamb\u00e9m pede que, desta vez, o MPF (Minist\u00e9rio P\u00fablico Federal) acompanhe o caso. Em maio de 2023, o \u00f3rg\u00e3o ministerial disse que estava por dentro da situa\u00e7\u00e3o.<\/p>\n<p>Fonte: Sociedade Militar              <\/p>\n<\/div>\n<p><br \/>\n<br \/><a href=\"https:\/\/diariodobrasilnoticias.com.br\/noticia\/uma-militar-trans-que-obteve-o-direito-de-usar-nome-social-e-uniformes-femininos-foi-afastada-julgada-incapaz-e-agora-teve-uma-reforma-imposta-pela-marinha-673f3f6bbcd20\">Source link <\/a><\/p>","protected":false},"excerpt":{"rendered":"<p>A terceira-sargento Alice Costa, mulher transexual, foi reformada pela Marinha no \u00faltimo dia 6 de novembro. A informa\u00e7\u00e3o foi revelada pela coluna Lauro Jardim, do jornal O Globo, neste s\u00e1bado,&hellip;<\/p>","protected":false},"author":1,"featured_media":63249,"comment_status":"closed","ping_status":"open","sticky":false,"template":"","format":"standard","meta":{"content-type":"","footnotes":""},"categories":[16],"tags":[123,2448,5313,1267],"class_list":["post-63248","post","type-post","status-publish","format-standard","has-post-thumbnail","hentry","category-noticias","tag-brasil","tag-diario","tag-noticia","tag-noticias"],"_links":{"self":[{"href":"https:\/\/tvbrazilusa.com\/pt\/wp-json\/wp\/v2\/posts\/63248","targetHints":{"allow":["GET"]}}],"collection":[{"href":"https:\/\/tvbrazilusa.com\/pt\/wp-json\/wp\/v2\/posts"}],"about":[{"href":"https:\/\/tvbrazilusa.com\/pt\/wp-json\/wp\/v2\/types\/post"}],"author":[{"embeddable":true,"href":"https:\/\/tvbrazilusa.com\/pt\/wp-json\/wp\/v2\/users\/1"}],"replies":[{"embeddable":true,"href":"https:\/\/tvbrazilusa.com\/pt\/wp-json\/wp\/v2\/comments?post=63248"}],"version-history":[{"count":1,"href":"https:\/\/tvbrazilusa.com\/pt\/wp-json\/wp\/v2\/posts\/63248\/revisions"}],"predecessor-version":[{"id":63250,"href":"https:\/\/tvbrazilusa.com\/pt\/wp-json\/wp\/v2\/posts\/63248\/revisions\/63250"}],"wp:featuredmedia":[{"embeddable":true,"href":"https:\/\/tvbrazilusa.com\/pt\/wp-json\/wp\/v2\/media\/63249"}],"wp:attachment":[{"href":"https:\/\/tvbrazilusa.com\/pt\/wp-json\/wp\/v2\/media?parent=63248"}],"wp:term":[{"taxonomy":"category","embeddable":true,"href":"https:\/\/tvbrazilusa.com\/pt\/wp-json\/wp\/v2\/categories?post=63248"},{"taxonomy":"post_tag","embeddable":true,"href":"https:\/\/tvbrazilusa.com\/pt\/wp-json\/wp\/v2\/tags?post=63248"}],"curies":[{"name":"wp","href":"https:\/\/api.w.org\/{rel}","templated":true}]}}