{"id":63251,"date":"2024-11-21T14:28:17","date_gmt":"2024-11-21T14:28:17","guid":{"rendered":"https:\/\/tvbrazilusa.com\/2024\/11\/21\/escolhas-de-artes-22-a-24-de-novembro-jacksonville-hoje\/"},"modified":"2024-11-21T14:33:57","modified_gmt":"2024-11-21T14:33:57","slug":"escolhas-de-artes-22-a-24-de-novembro-jacksonville-hoje","status":"publish","type":"post","link":"https:\/\/tvbrazilusa.com\/pt\/2024\/11\/21\/escolhas-de-artes-22-a-24-de-novembro-jacksonville-hoje\/","title":{"rendered":"ESCOLHAS DE ARTES | 22 a 24 de novembro | Jacksonville hoje"},"content":{"rendered":"<p> <script async src=\"https:\/\/pagead2.googlesyndication.com\/pagead\/js\/adsbygoogle.js?client=ca-pub-8864793242727901\"\r\n     crossorigin=\"anonymous\"><\/script><br \/>\n<\/p>\n<div>\n<div class=\"wp-block-image\">\n<figure class=\"aligncenter size-large\"><figcaption class=\"wp-element-caption\">Peter Williams, Birdland, 2020, \u00f3leo e grafite sobre tela, 60 x 72 polegadas (152,4 x 182,9 cm). Cole\u00e7\u00e3o do Nasher Museum of Art da Duke University, Durham, Carolina do Norte. Compra do museu com recursos fornecidos por Stefanie e Douglas Kahn, 17.2020. \u00a9 Propriedade de Peter Williams. Cortesia de Luis De Jesus, Los Angeles. Foto de Peter Paul Geoffion.<\/figcaption><\/figure>\n<\/div>\n<p><strong>Todo o fim de semana<\/strong><\/p>\n<p><strong><em>Esp\u00edrito na Terra<\/em><\/strong><strong> <\/strong><\/p>\n<p><strong>Museu e Jardins Cummer | Beira-rio <\/strong><\/p>\n<p>Uma nova exposi\u00e7\u00e3o de trabalhos de artistas contempor\u00e2neos da Am\u00e9rica do Norte e do Caribe explorando nossa conex\u00e3o com o mundo natural e a import\u00e2ncia da biodiversidade, <em>Esp\u00edrito na Terra<\/em> est\u00e1 em exibi\u00e7\u00e3o no Cummer. Apresentando obras de mais de 30 artistas incluindo o artista visual Michif Christi Belcourt o falecido pintor americano Peter Williams o falecido pintor sino-americano Hung Liu e o falecido artista interdisciplinar Terry Adkins entre outros <em>Esp\u00edrito na Terra<\/em> est\u00e1 em exibi\u00e7\u00e3o at\u00e9 9 de fevereiro de 2025. O museu est\u00e1 aberto das 11h \u00e0s 21h na sexta-feira, das 11h \u00e0s 16h no s\u00e1bado e do meio-dia \u00e0s 16h no domingo. Nota: Os jardins do museu est\u00e3o fechados para manuten\u00e7\u00e3o at\u00e9 novo aviso. <a href=\"https:\/\/www.cummermuseum.org\/event\/spirit-in-the-land\/\" rel=\"nofollow noopener\" target=\"_blank\">Mais informa\u00e7\u00f5es. <\/a><\/p>\n<hr class=\"wp-block-separator has-alpha-channel-opacity\"\/>\n<div class=\"wp-block-image\">\n<figure class=\"aligncenter size-large\"><img loading=\"lazy\" color=\"63565b\" transparency=\"false\" style=\"--dominant-color: #63565b;\" decoding=\"async\" width=\"1024\" height=\"683\" src=\"https:\/\/jaxtoday.org\/wp-content\/uploads\/2024\/11\/1200x800-Classical-Icons_CL04-1024x683.jpg\" alt=\"\" class=\"not-transparent wp-image-82016\" srcset=\"https:\/\/jaxtoday.org\/wp-content\/uploads\/2024\/11\/1200x800-Classical-Icons_CL04-1024x683.jpg 1024w, https:\/\/jaxtoday.org\/wp-content\/uploads\/2024\/11\/1200x800-Classical-Icons_CL04-300x200.jpg 300w, https:\/\/jaxtoday.org\/wp-content\/uploads\/2024\/11\/1200x800-Classical-Icons_CL04-768x512.jpg 768w, https:\/\/jaxtoday.org\/wp-content\/uploads\/2024\/11\/1200x800-Classical-Icons_CL04-360x240.jpg 360w, https:\/\/jaxtoday.org\/wp-content\/uploads\/2024\/11\/1200x800-Classical-Icons_CL04-100x67.jpg 100w, https:\/\/jaxtoday.org\/wp-content\/uploads\/2024\/11\/1200x800-Classical-Icons_CL04.jpg 1200w\" sizes=\"auto, (max-width: 1024px) 100vw, 1024px\"\/><\/figure>\n<\/div>\n<p><strong>Sexta e S\u00e1bado<\/strong><\/p>\n<p><strong>Alexei Romanenko<\/strong><\/p>\n<p><strong>Sala Sinf\u00f4nica Jacoby | Centro de Jacksonville<\/strong><\/p>\n<p>O violoncelista principal da Orquestra Sinf\u00f4nica de Jacksonville, Alexei Romanenko, conduz a orquestra atrav\u00e9s da famosa can\u00e7\u00e3o de Anton\u00edn Dvo\u0159\u00e1k <em>Concerto para violoncelo<\/em>uma das pe\u00e7as mais cativantes do compositor checo. Os programas de sexta e s\u00e1bado tamb\u00e9m incluem algumas das primeiras apresenta\u00e7\u00f5es do compositor nova-iorquino Angel Lam. <em>Por favor, que haja um para\u00edso\u2026<\/em>bem como o falecido compositor ingl\u00eas Ralph Vaughan Williams&#8217; <em>Quarta Sinfonia<\/em>. 19h30 <a href=\"https:\/\/my.jaxsymphony.org\/alexei-dvorak\" rel=\"nofollow noopener\" target=\"_blank\">Ingressos e mais informa\u00e7\u00f5es<\/a>.<\/p>\n<hr class=\"wp-block-separator has-alpha-channel-opacity\"\/>\n<div class=\"wp-block-image\">\n<figure class=\"aligncenter size-large\"><img loading=\"lazy\" color=\"c3b49f\" transparency=\"true\" style=\"--dominant-color: #c3b49f;\" decoding=\"async\" width=\"1024\" height=\"985\" src=\"https:\/\/jaxtoday.org\/wp-content\/uploads\/2024\/11\/Screenshot-2024-11-19-at-9.36.17-AM-1024x985.png\" alt=\"\" class=\"has-transparency wp-image-82017\" srcset=\"https:\/\/jaxtoday.org\/wp-content\/uploads\/2024\/11\/Screenshot-2024-11-19-at-9.36.17-AM-1024x985.png 1024w, https:\/\/jaxtoday.org\/wp-content\/uploads\/2024\/11\/Screenshot-2024-11-19-at-9.36.17-AM-300x289.png 300w, https:\/\/jaxtoday.org\/wp-content\/uploads\/2024\/11\/Screenshot-2024-11-19-at-9.36.17-AM-768x739.png 768w, https:\/\/jaxtoday.org\/wp-content\/uploads\/2024\/11\/Screenshot-2024-11-19-at-9.36.17-AM-250x240.png 250w, https:\/\/jaxtoday.org\/wp-content\/uploads\/2024\/11\/Screenshot-2024-11-19-at-9.36.17-AM-100x96.png 100w, https:\/\/jaxtoday.org\/wp-content\/uploads\/2024\/11\/Screenshot-2024-11-19-at-9.36.17-AM.png 1204w\" sizes=\"auto, (max-width: 1024px) 100vw, 1024px\"\/><\/figure>\n<\/div>\n<p><strong>S\u00e1bado <\/strong><\/p>\n<p><strong>Shows em Little Alley: Sun Lowly<\/strong><\/p>\n<p><strong>O beco atr\u00e1s do Elks Club Building | Centro de Jacksonville<\/strong><\/p>\n<p>De volta para mais uma s\u00e9rie de concertos intimistas em um cen\u00e1rio \u00fanico, Little Alley Shows apresenta uma performance do cantor e compositor filipina-americano Sun Lowley, residente em Jax. Produzidos pelo pessoal por tr\u00e1s da super descolada loja vintage Wolf &#038; Cub, no centro da cidade, os shows acontecem no beco atr\u00e1s do hist\u00f3rico Elks Club Building, na Laura Street, no centro de Jacksonville. (A entrada do beco fica na Adams Street.) Ingressos limitados dispon\u00edveis. Show come\u00e7a \u00e0s 17h30 <a href=\"https:\/\/www.eventbrite.com\/e\/little-alley-shows-sun-lowly-tickets-1075336383069?aff=ebdssbdestsearch\" rel=\"nofollow noopener\" target=\"_blank\">Ingressos e mais informa\u00e7\u00f5es<\/a>. <\/p>\n<hr class=\"wp-block-separator has-alpha-channel-opacity\"\/>\n<div class=\"wp-block-image\">\n<figure class=\"aligncenter size-large\"><img loading=\"lazy\" decoding=\"async\" width=\"1024\" height=\"640\" src=\"https:\/\/jaxtoday.org\/wp-content\/uploads\/2022\/11\/4O5A0633s-1024x640.jpg\" alt=\"Imagem do evento CoRK Open Studios\" class=\"wp-image-20028 wpsmartcrop-image\" srcset=\"https:\/\/jaxtoday.org\/wp-content\/uploads\/2022\/11\/4O5A0633s-1024x640.jpg 1024w, https:\/\/jaxtoday.org\/wp-content\/uploads\/2022\/11\/4O5A0633s-300x188.jpg 300w, https:\/\/jaxtoday.org\/wp-content\/uploads\/2022\/11\/4O5A0633s-768x480.jpg 768w, https:\/\/jaxtoday.org\/wp-content\/uploads\/2022\/11\/4O5A0633s-100x63.jpg 100w, https:\/\/jaxtoday.org\/wp-content\/uploads\/2022\/11\/4O5A0633s.jpg 1500w\" sizes=\"auto, (max-width: 1024px) 100vw, 1024px\" data-smartcrop-focus=\"[50,50]\"\/><figcaption class=\"wp-element-caption\">Cr\u00e9dito: Cortesia do CoRK Arts District<\/figcaption><\/figure>\n<\/div>\n<p><strong>S\u00e1bado e Domingo<\/strong><\/p>\n<p><strong>Est\u00fadios Abertos CoRK <\/strong><\/p>\n<p><strong>Distrito das Artes de CoRK | Beira-rio<\/strong><\/p>\n<p>Abrangendo mais de 80.000 p\u00e9s quadrados de espa\u00e7o de armaz\u00e9m convertido e abrigando os est\u00fadios de mais de <a href=\"https:\/\/corkartsdistrict.com\/\" rel=\"nofollow noopener\" target=\"_blank\">70 artistas<\/a>o CoRK Arts District de Riverside \u00e9 um colm\u00e9ia inspiradora de criatividade, cuja explora\u00e7\u00e3o provavelmente requer mais do que um dia inteiro. Felizmente, a \u00faltima itera\u00e7\u00e3o do Open Studios do complexo dura dois dias. Aos s\u00e1bados e domingos, das 12h00 \u00e0s 18h00, o p\u00fablico \u00e9 convidado para uma visita autoguiada aos ateli\u00eas dos artistas. A entrada \u00e9 gratuita, ent\u00e3o voc\u00ea deve considerar investir esse dinheiro na compra de alguma arte local, j\u00e1 que a maioria, sen\u00e3o todas as obras em exibi\u00e7\u00e3o, estar\u00e3o \u00e0 venda. <a href=\"https:\/\/www.facebook.com\/events\/583183740717605\/?rdid=q7NNvOJIBRUV0Ahb&#038;share_url=https%3A%2F%2Fwww.facebook.com%2Fshare%2FetgA2vj5YWtE55sM%2F#\" rel=\"nofollow noopener\" target=\"_blank\">Mais detalhes<\/a>.<\/p>\n<\/div>\n<p><br \/>\n<br \/><a href=\"https:\/\/jaxtoday.org\/2024\/11\/21\/arts-picks-nov-22-24\/\">Source link <\/a><\/p>","protected":false},"excerpt":{"rendered":"<p>Peter Williams, Birdland, 2020, \u00f3leo e grafite sobre tela, 60 x 72 polegadas (152,4 x 182,9 cm). Cole\u00e7\u00e3o do Nasher Museum of Art da Duke University, Durham, Carolina do Norte.&hellip;<\/p>","protected":false},"author":1,"featured_media":63252,"comment_status":"closed","ping_status":"open","sticky":false,"template":"","format":"standard","meta":{"content-type":"","footnotes":""},"categories":[1],"tags":[],"class_list":["post-63251","post","type-post","status-publish","format-standard","has-post-thumbnail","hentry","category-uncategorized"],"_links":{"self":[{"href":"https:\/\/tvbrazilusa.com\/pt\/wp-json\/wp\/v2\/posts\/63251","targetHints":{"allow":["GET"]}}],"collection":[{"href":"https:\/\/tvbrazilusa.com\/pt\/wp-json\/wp\/v2\/posts"}],"about":[{"href":"https:\/\/tvbrazilusa.com\/pt\/wp-json\/wp\/v2\/types\/post"}],"author":[{"embeddable":true,"href":"https:\/\/tvbrazilusa.com\/pt\/wp-json\/wp\/v2\/users\/1"}],"replies":[{"embeddable":true,"href":"https:\/\/tvbrazilusa.com\/pt\/wp-json\/wp\/v2\/comments?post=63251"}],"version-history":[{"count":1,"href":"https:\/\/tvbrazilusa.com\/pt\/wp-json\/wp\/v2\/posts\/63251\/revisions"}],"predecessor-version":[{"id":63253,"href":"https:\/\/tvbrazilusa.com\/pt\/wp-json\/wp\/v2\/posts\/63251\/revisions\/63253"}],"wp:featuredmedia":[{"embeddable":true,"href":"https:\/\/tvbrazilusa.com\/pt\/wp-json\/wp\/v2\/media\/63252"}],"wp:attachment":[{"href":"https:\/\/tvbrazilusa.com\/pt\/wp-json\/wp\/v2\/media?parent=63251"}],"wp:term":[{"taxonomy":"category","embeddable":true,"href":"https:\/\/tvbrazilusa.com\/pt\/wp-json\/wp\/v2\/categories?post=63251"},{"taxonomy":"post_tag","embeddable":true,"href":"https:\/\/tvbrazilusa.com\/pt\/wp-json\/wp\/v2\/tags?post=63251"}],"curies":[{"name":"wp","href":"https:\/\/api.w.org\/{rel}","templated":true}]}}