{"id":63254,"date":"2024-11-21T14:32:12","date_gmt":"2024-11-21T14:32:12","guid":{"rendered":"https:\/\/tvbrazilusa.com\/2024\/11\/21\/homem-do-sul-da-florida-acusado-de-assassinar-sua-ex-esposa-na-espanha-sera-processado-quinta-feira-wsvn-7news-noticias-de-miami-clima-esportes-fort-lauderdale\/"},"modified":"2024-11-21T14:34:49","modified_gmt":"2024-11-21T14:34:49","slug":"homem-do-sul-da-florida-acusado-de-assassinar-sua-ex-esposa-na-espanha-sera-processado-quinta-feira-wsvn-7news-noticias-de-miami-clima-esportes-fort-lauderdale","status":"publish","type":"post","link":"https:\/\/tvbrazilusa.com\/pt\/2024\/11\/21\/homem-do-sul-da-florida-acusado-de-assassinar-sua-ex-esposa-na-espanha-sera-processado-quinta-feira-wsvn-7news-noticias-de-miami-clima-esportes-fort-lauderdale\/","title":{"rendered":"Homem do sul da Fl\u00f3rida acusado de assassinar sua ex-esposa na Espanha ser\u00e1 processado quinta-feira &#8211; WSVN 7News | Not\u00edcias de Miami, clima, esportes | Fort Lauderdale"},"content":{"rendered":"<p> <script async src=\"https:\/\/pagead2.googlesyndication.com\/pagead\/js\/adsbygoogle.js?client=ca-pub-8864793242727901\"\r\n     crossorigin=\"anonymous\"><\/script><br \/>\n<\/p>\n<div itemprop=\"articleBody\">\n<p>MIAMI (WSVN) \u2013 Um empres\u00e1rio do sul da Fl\u00f3rida ser\u00e1 processado em um tribunal federal de Miami na manh\u00e3 de quinta-feira.<\/p>\n<p>David Knezevich foi <a href=\"https:\/\/wsvn.com\/news\/local\/broward\/south-florida-mans-u-s-charges-upgraded-to-killing-his-estranged-wife-in-spain\/\" data-type=\"link\" data-id=\"https:\/\/wsvn.com\/news\/local\/broward\/south-florida-mans-u-s-charges-upgraded-to-killing-his-estranged-wife-in-spain\/\" target=\"_blank\" rel=\"noreferrer noopener\">cobrado <\/a>na semana passada com o assassinato de sua ex-esposa, Ana.<\/p>\n<p>Os promotores dizem que ele viajou para <a href=\"https:\/\/wsvn.com\/news\/local\/miami-dade\/search-for-missing-south-florida-woman-in-spain-intensifies-as-fbi-works-with-spanish-authorities\/\" data-type=\"link\" data-id=\"https:\/\/wsvn.com\/news\/local\/miami-dade\/search-for-missing-south-florida-woman-in-spain-intensifies-as-fbi-works-with-spanish-authorities\/\" target=\"_blank\" rel=\"noreferrer noopener\">Espanha <\/a>depois que ela se mudou para l\u00e1, a sequestrou e assassinou, em fevereiro.<\/p>\n<p>Ele foi inicialmente<a href=\"https:\/\/wsvn.com\/news\/local\/miami-dade\/south-florida-man-pleads-not-guilty-to-kidnapping-his-estranged-wife-from-her-apartment-in-spain\/\" data-type=\"link\" data-id=\"https:\/\/wsvn.com\/news\/local\/miami-dade\/south-florida-man-pleads-not-guilty-to-kidnapping-his-estranged-wife-from-her-apartment-in-spain\/\" target=\"_blank\" rel=\"noreferrer noopener\"> acusado de seu sequestro<\/a> antes que os promotores atualizassem as acusa\u00e7\u00f5es.<\/p>\n<p>Seus advogados disseram que ele planeja se declarar inocente.<\/p>\n<p><em>Copyright 2024 Sunbeam Television Corp. Todos os direitos reservados. Este material n\u00e3o pode ser publicado, transmitido, reescrito ou redistribu\u00eddo.<\/em><\/p>\n<div class=\"wp-block-newsletter\">\n\t<strong class=\"wp-block-newsletter__title\">Cadastre-se em nosso boletim informativo para receber as \u00faltimas not\u00edcias diretamente em sua caixa de entrada<\/strong><\/p>\n<\/div><\/div>\n<p><br \/>\n<br \/><a href=\"https:\/\/wsvn.com\/news\/us-world\/south-florida-man-accused-of-murdering-his-estranged-wife-in-spain-set-to-be-arraigned-thursday\/\">Source link <\/a><\/p>","protected":false},"excerpt":{"rendered":"<p>MIAMI (WSVN) \u2013 Um empres\u00e1rio do sul da Fl\u00f3rida ser\u00e1 processado em um tribunal federal de Miami na manh\u00e3 de quinta-feira. David Knezevich foi cobrado na semana passada com o&hellip;<\/p>","protected":false},"author":1,"featured_media":63255,"comment_status":"closed","ping_status":"open","sticky":false,"template":"","format":"standard","meta":{"content-type":"","footnotes":""},"categories":[1],"tags":[],"class_list":["post-63254","post","type-post","status-publish","format-standard","has-post-thumbnail","hentry","category-uncategorized"],"_links":{"self":[{"href":"https:\/\/tvbrazilusa.com\/pt\/wp-json\/wp\/v2\/posts\/63254","targetHints":{"allow":["GET"]}}],"collection":[{"href":"https:\/\/tvbrazilusa.com\/pt\/wp-json\/wp\/v2\/posts"}],"about":[{"href":"https:\/\/tvbrazilusa.com\/pt\/wp-json\/wp\/v2\/types\/post"}],"author":[{"embeddable":true,"href":"https:\/\/tvbrazilusa.com\/pt\/wp-json\/wp\/v2\/users\/1"}],"replies":[{"embeddable":true,"href":"https:\/\/tvbrazilusa.com\/pt\/wp-json\/wp\/v2\/comments?post=63254"}],"version-history":[{"count":1,"href":"https:\/\/tvbrazilusa.com\/pt\/wp-json\/wp\/v2\/posts\/63254\/revisions"}],"predecessor-version":[{"id":63256,"href":"https:\/\/tvbrazilusa.com\/pt\/wp-json\/wp\/v2\/posts\/63254\/revisions\/63256"}],"wp:featuredmedia":[{"embeddable":true,"href":"https:\/\/tvbrazilusa.com\/pt\/wp-json\/wp\/v2\/media\/63255"}],"wp:attachment":[{"href":"https:\/\/tvbrazilusa.com\/pt\/wp-json\/wp\/v2\/media?parent=63254"}],"wp:term":[{"taxonomy":"category","embeddable":true,"href":"https:\/\/tvbrazilusa.com\/pt\/wp-json\/wp\/v2\/categories?post=63254"},{"taxonomy":"post_tag","embeddable":true,"href":"https:\/\/tvbrazilusa.com\/pt\/wp-json\/wp\/v2\/tags?post=63254"}],"curies":[{"name":"wp","href":"https:\/\/api.w.org\/{rel}","templated":true}]}}