{"id":6326,"date":"2024-07-23T15:50:40","date_gmt":"2024-07-23T15:50:40","guid":{"rendered":"https:\/\/tvbrazilusa.com\/2024\/07\/23\/biden-anuncia-que-fara-importante-pronunciamento-a-nacao\/"},"modified":"2024-07-23T15:52:43","modified_gmt":"2024-07-23T15:52:43","slug":"biden-anuncia-que-fara-importante-pronunciamento-a-nacao","status":"publish","type":"post","link":"https:\/\/tvbrazilusa.com\/pt\/2024\/07\/23\/biden-anuncia-que-fara-importante-pronunciamento-a-nacao\/","title":{"rendered":"Biden anuncia que far\u00e1 importante pronunciamento \u00e0 na\u00e7\u00e3o"},"content":{"rendered":"<p> <script async src=\"https:\/\/pagead2.googlesyndication.com\/pagead\/js\/adsbygoogle.js?client=ca-pub-8864793242727901\"\r\n     crossorigin=\"anonymous\"><\/script><br \/>\n<\/p>\n<div>\n<p>Em um movimento surpreendente, o Presidente dos Estados Unidos, Joe Biden, comunicou sua decis\u00e3o de n\u00e3o participar da corrida eleitoral de 2024. A revela\u00e7\u00e3o, que pegou muitos de surpresa, foi feita atrav\u00e9s de uma carta no \u00faltimo domingo (21) e rapidamente dominou as discuss\u00f5es pol\u00edticas em todo o pa\u00eds.<\/p>\n<p>Biden anunciou na tarde desta ter\u00e7a-feira (23) que far\u00e1 um pronunciamento na quarta-feira (24) sobre sua decis\u00e3o de abandonar a corrida presidencial de 2024. O democrata j\u00e1 havia comunicado sua escolha de n\u00e3o buscar a reelei\u00e7\u00e3o em uma carta publicada no X, no \u00faltimo domingo (21), na qual endossou a vice-presidente Kamala Harris para substitu\u00ed-lo na chapa.<\/p>\n<p>\u201cAmanh\u00e3 \u00e0 noite, \u00e0s 20h, hor\u00e1rio do leste dos EUA, falarei \u00e0 na\u00e7\u00e3o do Sal\u00e3o Oval sobre o que est\u00e1 por vir e como finalizarei o trabalho para o povo americano\u201d, escreveu Biden nas redes sociais.<\/p>\n<figure class=\"wp-block-image size-full\"><picture decoding=\"async\" class=\"wp-image-160053\"><source type=\"image\/webp\" srcset=\"https:\/\/terrabrasilnoticias.com\/wp-content\/uploads\/2024\/07\/image-728.png.webp 848w, https:\/\/terrabrasilnoticias.com\/wp-content\/uploads\/2024\/07\/image-728-300x169.png.webp 300w, https:\/\/terrabrasilnoticias.com\/wp-content\/uploads\/2024\/07\/image-728-768x432.png.webp 768w, https:\/\/terrabrasilnoticias.com\/wp-content\/uploads\/2024\/07\/image-728-750x422.png.webp 750w\" sizes=\"(max-width: 848px) 100vw, 848px\"\/><\/picture><figcaption class=\"wp-element-caption\">Reprodu\u00e7\u00e3o\/X @potus<\/figcaption><\/figure>\n<p>O an\u00fancio oficial veio acompanhado do endosso a Kamala Harris, a atual vice-presidente, que agora se encontra na posi\u00e7\u00e3o privilegiada para assumir a lideran\u00e7a do partido na pr\u00f3xima elei\u00e7\u00e3o. Biden expressou sua total confian\u00e7a em Harris, solidificando seu apoio ao afirmar que ela \u00e9 mais do que capaz de dar continuidade \u00e0s pol\u00edticas implementadas durante seu mandato.<\/p>\n<h2 class=\"wp-block-heading\">O Futuro do Partido Democrata com Kamala Harris<\/h2>\n<p>Ap\u00f3s o anuncio de Biden, Harris conseguiu rapidamente o apoio necess\u00e1rio dos delegados para garantir a nomea\u00e7\u00e3o pelo Partido Democrata. Esse r\u00e1pido endosso dos delegados n\u00e3o s\u00f3 demonstra sua forte base de apoio dentro do partido, mas tamb\u00e9m a cren\u00e7a no seu potencial de lideran\u00e7a e capacidade de conduzir o pa\u00eds.<\/p>\n<h2 class=\"wp-block-heading\">Qual o Impacto da Desist\u00eancia de Biden para o Cen\u00e1rio Pol\u00edtico dos EUA?<\/h2>\n<p>A desist\u00eancia de Joe Biden do pleito eleitoral de 2024 \u00e9 um acontecimento com grandes repercuss\u00f5es para o cen\u00e1rio pol\u00edtico dos Estados Unidos. A passagem do bast\u00e3o para Kamala Harris pode redefinir prioridades pol\u00edticas e alterar a din\u00e2mica partid\u00e1ria nos pr\u00f3ximos anos.<\/p>\n<h2 class=\"wp-block-heading\">An\u00fancio Oficial de Biden: O que Esperar do Pronunciamento?<\/h2>\n<p>Programado para ocorrer no Sal\u00e3o Oval, o pronunciamento de Biden \u00e9 aguardado com expectativas elevadas. Na carta divulgada, Biden mencionou que explicar\u00e1 detalhadamente o que espera para o futuro e como planeja concluir seu trabalho para o povo americano. O discurso, que acontecer\u00e1 amanh\u00e3 \u00e0s 20h, hor\u00e1rio da Costa Leste, \u00e9 visto como uma oportunidade para Biden compartilhar sua vis\u00e3o e tranquilizar seus apoiadores quanto \u00e0 transi\u00e7\u00e3o de poder.<\/p>\n<p>Este momento marca n\u00e3o apenas o fim de uma era, mas o in\u00edcio de um novo cap\u00edtulo na pol\u00edtica americana. Com o apoio de Biden, Kamala Harris tem uma estrada menos \u00e1rdua pela frente, mas desafios significativos permanecem. Resta ver como ela usar\u00e1 essa oportunidade \u00fanica para moldar o futuro dos Estados Unidos.<\/p>\n<\/p><\/div>\n<p><br \/>\n<br \/><a href=\"https:\/\/terrabrasilnoticias.com\/2024\/07\/biden-anuncia-que-fara-importante-pronunciamento-a-nacao\/\">Source link <\/a><\/p>","protected":false},"excerpt":{"rendered":"<p>Em um movimento surpreendente, o Presidente dos Estados Unidos, Joe Biden, comunicou sua decis\u00e3o de n\u00e3o participar da corrida eleitoral de 2024. A revela\u00e7\u00e3o, que pegou muitos de surpresa, foi&hellip;<\/p>","protected":false},"author":1,"featured_media":6327,"comment_status":"closed","ping_status":"open","sticky":false,"template":"","format":"standard","meta":{"content-type":"","footnotes":""},"categories":[16],"tags":[],"class_list":["post-6326","post","type-post","status-publish","format-standard","has-post-thumbnail","hentry","category-noticias"],"_links":{"self":[{"href":"https:\/\/tvbrazilusa.com\/pt\/wp-json\/wp\/v2\/posts\/6326","targetHints":{"allow":["GET"]}}],"collection":[{"href":"https:\/\/tvbrazilusa.com\/pt\/wp-json\/wp\/v2\/posts"}],"about":[{"href":"https:\/\/tvbrazilusa.com\/pt\/wp-json\/wp\/v2\/types\/post"}],"author":[{"embeddable":true,"href":"https:\/\/tvbrazilusa.com\/pt\/wp-json\/wp\/v2\/users\/1"}],"replies":[{"embeddable":true,"href":"https:\/\/tvbrazilusa.com\/pt\/wp-json\/wp\/v2\/comments?post=6326"}],"version-history":[{"count":1,"href":"https:\/\/tvbrazilusa.com\/pt\/wp-json\/wp\/v2\/posts\/6326\/revisions"}],"predecessor-version":[{"id":6328,"href":"https:\/\/tvbrazilusa.com\/pt\/wp-json\/wp\/v2\/posts\/6326\/revisions\/6328"}],"wp:featuredmedia":[{"embeddable":true,"href":"https:\/\/tvbrazilusa.com\/pt\/wp-json\/wp\/v2\/media\/6327"}],"wp:attachment":[{"href":"https:\/\/tvbrazilusa.com\/pt\/wp-json\/wp\/v2\/media?parent=6326"}],"wp:term":[{"taxonomy":"category","embeddable":true,"href":"https:\/\/tvbrazilusa.com\/pt\/wp-json\/wp\/v2\/categories?post=6326"},{"taxonomy":"post_tag","embeddable":true,"href":"https:\/\/tvbrazilusa.com\/pt\/wp-json\/wp\/v2\/tags?post=6326"}],"curies":[{"name":"wp","href":"https:\/\/api.w.org\/{rel}","templated":true}]}}