{"id":63260,"date":"2024-11-21T14:42:42","date_gmt":"2024-11-21T14:42:42","guid":{"rendered":"https:\/\/tvbrazilusa.com\/2024\/11\/21\/bolsonaro-rejeitou-o-pedido-de-um-general-para-nomear-um-ministro-que-apoiasse-um-golpe\/"},"modified":"2024-11-21T14:42:43","modified_gmt":"2024-11-21T14:42:43","slug":"bolsonaro-rejeitou-o-pedido-de-um-general-para-nomear-um-ministro-que-apoiasse-um-golpe","status":"publish","type":"post","link":"https:\/\/tvbrazilusa.com\/pt\/2024\/11\/21\/bolsonaro-rejeitou-o-pedido-de-um-general-para-nomear-um-ministro-que-apoiasse-um-golpe\/","title":{"rendered":"Bolsonaro rejeitou o pedido de um general para nomear um ministro que apoiasse um golpe"},"content":{"rendered":"<p> <script async src=\"https:\/\/pagead2.googlesyndication.com\/pagead\/js\/adsbygoogle.js?client=ca-pub-8864793242727901\"\r\n     crossorigin=\"anonymous\"><\/script><br \/>\n<\/p>\n<div><strong>Planejamento<\/strong><br \/>As mensagens foram encontradas pela PF nos equipamentos eletr\u00f4nicos apreendidos com Mario Fernandes em fevereiro deste ano, durante a opera\u00e7\u00e3o Tempus Veritatis, que investigou aliados de Bolsonaro envolvidos no planejamento do golpe de Estado. Na conversa, o oficial fala sobre a alternativa de provar uma suposta fraude nas urnas eletr\u00f4nicas.<\/p>\n<p>\u201cN\u00f3s fomos com o [general Rodrigo] Vergara [ent\u00e3o assessor do Minist\u00e9rio da Defesa], fizemos aquela entrevista com o garoto [hacker que supostamente teria conhecimento para invadir as urnas], t\u00e1? O Vergara, a posi\u00e7\u00e3o dele foi que foram importantes dados passados por ali que finalmente algu\u00e9m mostrou uma porta de entrada, n\u00e9? \u00c9 o jeito do Vergara. N\u00e3o tem aquela empolga\u00e7\u00e3o toda. Foi semana passada. Tava em cima do fechamento do relat\u00f3rio, n\u00e9? Ent\u00e3o a gente sabia que n\u00e3o ia refletir diretamente no relat\u00f3rio\u201d, disse Fernandes.<\/p>\n<p>\u201cEu forcei a barra e a\u00ed n\u00f3s pedimos pro garoto, e ele prometeu fazer at\u00e9 o final dessa semana um prot\u00f3tipo do c\u00f3digo que ele teria feito l\u00e1 atr\u00e1s, quando ele foi demandado pelos representantes dos partidos pol\u00edticos, n\u00e9? Que diz ele que ele colocou na nuvem quando os caras baixaram o c\u00f3digo dele, certo? O c\u00f3digo malicioso, ele teria deletado.\u201d<\/p>\n<p>\u201cEle disse que at\u00e9 o final da semana ia preparar um, pra que o MD, com o seu pessoal t\u00e9cnico, pudesse preparar um bot, ou seja, uma ferramenta de busca. Com o c\u00f3digo dele, \u00e9 uma ferramenta de busca por semelhan\u00e7a, n\u00e9? E a\u00ed faz um bot, faz uma varredura no c\u00f3digo-fonte do sistema eleitoral, pra ver se encontra alguma linha, dentre aquelas milh\u00f5es de linhas, semelhante \u00e0s linhas do c\u00f3digo dele. E a\u00ed n\u00f3s estamos nessa\u201d, contou.<\/p>\n<p>Al\u00e9m de Mario Fernandes, a Opera\u00e7\u00e3o Contragolpe prendeu o tenente-coronel Helio Ferreira Lima, o major Rodrigo Bezerra Azevedo, o major Rafael Martins de Oliveira e o policial federal Wladimir Matos Soares. Os mandados de pris\u00e3o e busca e apreens\u00e3o foram cumpridos no Rio de Janeiro, Goi\u00e1s, Amazonas e Distrito Federal.<\/p>\n<p>Os militares presos fazem parte dos chamados \u201ckids pretos\u201d, termo utilizado como apelido para se referir aos militares da ativa ou n\u00e3o que se especializam em opera\u00e7\u00f5es especiais do Ex\u00e9rcito, com foco nas a\u00e7\u00f5es de sabotagem e incentivo em revoltas populares ou \u201cinsurg\u00eancia popular\u201d. Eles s\u00e3o acusados de planejar os assassinatos do presidente Lula, do vice Geraldo Alckmin e do ministro Alexandre de Moraes (STF).<\/p>\n<\/div>\n<p><br \/>\n<br \/><a href=\"https:\/\/diariodobrasilnoticias.com.br\/noticia\/bolsonaro-rejeitou-o-pedido-de-um-general-para-nomear-um-ministro-que-apoiasse-um-golpe-673f370dd3e48\">Source link <\/a><\/p>","protected":false},"excerpt":{"rendered":"<p>PlanejamentoAs mensagens foram encontradas pela PF nos equipamentos eletr\u00f4nicos apreendidos com Mario Fernandes em fevereiro deste ano, durante a opera\u00e7\u00e3o Tempus Veritatis, que investigou aliados de Bolsonaro envolvidos no planejamento&hellip;<\/p>","protected":false},"author":1,"featured_media":63261,"comment_status":"closed","ping_status":"open","sticky":false,"template":"","format":"standard","meta":{"content-type":"","footnotes":""},"categories":[16],"tags":[123,2448,5313,1267],"class_list":["post-63260","post","type-post","status-publish","format-standard","has-post-thumbnail","hentry","category-noticias","tag-brasil","tag-diario","tag-noticia","tag-noticias"],"_links":{"self":[{"href":"https:\/\/tvbrazilusa.com\/pt\/wp-json\/wp\/v2\/posts\/63260","targetHints":{"allow":["GET"]}}],"collection":[{"href":"https:\/\/tvbrazilusa.com\/pt\/wp-json\/wp\/v2\/posts"}],"about":[{"href":"https:\/\/tvbrazilusa.com\/pt\/wp-json\/wp\/v2\/types\/post"}],"author":[{"embeddable":true,"href":"https:\/\/tvbrazilusa.com\/pt\/wp-json\/wp\/v2\/users\/1"}],"replies":[{"embeddable":true,"href":"https:\/\/tvbrazilusa.com\/pt\/wp-json\/wp\/v2\/comments?post=63260"}],"version-history":[{"count":1,"href":"https:\/\/tvbrazilusa.com\/pt\/wp-json\/wp\/v2\/posts\/63260\/revisions"}],"predecessor-version":[{"id":63262,"href":"https:\/\/tvbrazilusa.com\/pt\/wp-json\/wp\/v2\/posts\/63260\/revisions\/63262"}],"wp:featuredmedia":[{"embeddable":true,"href":"https:\/\/tvbrazilusa.com\/pt\/wp-json\/wp\/v2\/media\/63261"}],"wp:attachment":[{"href":"https:\/\/tvbrazilusa.com\/pt\/wp-json\/wp\/v2\/media?parent=63260"}],"wp:term":[{"taxonomy":"category","embeddable":true,"href":"https:\/\/tvbrazilusa.com\/pt\/wp-json\/wp\/v2\/categories?post=63260"},{"taxonomy":"post_tag","embeddable":true,"href":"https:\/\/tvbrazilusa.com\/pt\/wp-json\/wp\/v2\/tags?post=63260"}],"curies":[{"name":"wp","href":"https:\/\/api.w.org\/{rel}","templated":true}]}}