{"id":63300,"date":"2024-11-21T15:34:54","date_gmt":"2024-11-21T15:34:54","guid":{"rendered":"https:\/\/tvbrazilusa.com\/2024\/11\/21\/as-girafas-sao-as-proximas-na-lista-de-especies-ameacadas-dizem-autoridades-da-vida-selvagem-dos-eua-wsvn-7news-noticias-de-miami-clima-esportes-fort-lauderdale\/"},"modified":"2024-11-21T15:40:32","modified_gmt":"2024-11-21T15:40:32","slug":"as-girafas-sao-as-proximas-na-lista-de-especies-ameacadas-dizem-autoridades-da-vida-selvagem-dos-eua-wsvn-7news-noticias-de-miami-clima-esportes-fort-lauderdale","status":"publish","type":"post","link":"https:\/\/tvbrazilusa.com\/pt\/2024\/11\/21\/as-girafas-sao-as-proximas-na-lista-de-especies-ameacadas-dizem-autoridades-da-vida-selvagem-dos-eua-wsvn-7news-noticias-de-miami-clima-esportes-fort-lauderdale\/","title":{"rendered":"As girafas s\u00e3o as pr\u00f3ximas na lista de esp\u00e9cies amea\u00e7adas, dizem autoridades da vida selvagem dos EUA &#8211; WSVN 7News | Not\u00edcias de Miami, clima, esportes | Fort Lauderdale"},"content":{"rendered":"<p> <script async src=\"https:\/\/pagead2.googlesyndication.com\/pagead\/js\/adsbygoogle.js?client=ca-pub-8864793242727901\"\r\n     crossorigin=\"anonymous\"><\/script><br \/>\n<\/p>\n<div itemprop=\"articleBody\">\n<p>(CNN) \u2014 O animal mais alto do mundo est\u00e1 em apuros.<\/p>\n<p>As popula\u00e7\u00f5es de girafas est\u00e3o a diminuir a um ritmo t\u00e3o alarmante \u2013 devido \u00e0 perda de habitat, \u00e0 ca\u00e7a furtiva, \u00e0 urbaniza\u00e7\u00e3o e \u00e0 seca provocada pelas altera\u00e7\u00f5es clim\u00e1ticas \u2013 que as autoridades norte-americanas da vida selvagem anunciaram na quarta-feira uma proposta para ajudar a proteger v\u00e1rias das esp\u00e9cies.<\/p>\n<p>O Servi\u00e7o de Pesca e Vida Selvagem dos EUA prop\u00f4s listar muitas esp\u00e9cies de girafas como amea\u00e7adas ou em perigo. \u00c9 a primeira vez que os mam\u00edferos de pesco\u00e7o longo, nativos de \u00c1frica, recebem protec\u00e7\u00f5es federais ao abrigo da Lei das Esp\u00e9cies Amea\u00e7adas.<\/p>\n<p>Declarar uma esp\u00e9cie \u201cem perigo\u201d \u00e9 o n\u00edvel de amea\u00e7a mais grave previsto na lei, indicando que a esp\u00e9cie est\u00e1 em risco imediato de extin\u00e7\u00e3o. Entretanto, uma esp\u00e9cie \u00e9 rotulada como \u201camea\u00e7ada\u201d quando \u00e9 prov\u00e1vel que se torne amea\u00e7ada num futuro pr\u00f3ximo.<\/p>\n<p>\u201cAs prote\u00e7\u00f5es federais para girafas ajudar\u00e3o a proteger uma esp\u00e9cie vulner\u00e1vel, a promover a biodiversidade, a apoiar a sa\u00fade dos ecossistemas, a combater o tr\u00e1fico de vida selvagem e a promover pr\u00e1ticas econ\u00f3micas sustent\u00e1veis\u201d, disse a diretora do Servi\u00e7o de Pesca e Vida Selvagem dos EUA, Martha Williams, num comunicado. \u201cEsta a\u00e7\u00e3o apoia a conserva\u00e7\u00e3o das girafas, garantindo ao mesmo tempo que os Estados Unidos n\u00e3o contribuem ainda mais para o seu decl\u00ednio.\u201d<\/p>\n<p>As tr\u00eas subesp\u00e9cies de girafas do norte que as autoridades prop\u00f5em ser listadas como amea\u00e7adas incluem as girafas da \u00c1frica Ocidental, do Cordof\u00e3o e da N\u00fabia, cujas popula\u00e7\u00f5es ca\u00edram cerca de 77% desde 1985, de 25.653 para 5.919 indiv\u00edduos.<\/p>\n<p>E na \u00c1frica Oriental, a ag\u00eancia prop\u00f5e listar duas subesp\u00e9cies \u2013 as girafas reticuladas e as girafas Masai \u2013 como amea\u00e7adas.<\/p>\n<p>Os EUA tornaram-se um mercado significativo para pe\u00e7as e produtos de girafas, importando quase 40.000 durante pelo menos um per\u00edodo de uma d\u00e9cada, mostrou um relat\u00f3rio de 2018. Ca\u00e7adores americanos viajam para \u00c1frica para matar girafas e trazer partes do corpo \u2013 normalmente a cabe\u00e7a e o pesco\u00e7o \u2013 como trof\u00e9us para serem montados numa placa ou nas paredes.<\/p>\n<p>Ao mesmo tempo, grandes \u00e1reas de \u00c1frica t\u00eam enfrentado secas mais frequentes, que colocaram uma press\u00e3o intranspon\u00edvel sobre as popula\u00e7\u00f5es de girafas. As colheitas fracassaram, o gado e os animais morreram e dezenas de milh\u00f5es de pessoas necessitam desesperadamente de alimentos e \u00e1gua.<\/p>\n<p>Se for finalizada, a regra proposta reduziria a ca\u00e7a e o com\u00e9rcio ilegais de girafas, exigindo uma licen\u00e7a para importar partes dos seus corpos para os EUA e expandiria novos financiamentos para investiga\u00e7\u00e3o e outros esfor\u00e7os de conserva\u00e7\u00e3o de girafas.<\/p>\n<p>Grupos ambientalistas t\u00eam apelado \u00e0s autoridades federais para declararem prote\u00e7\u00f5es \u00e0s esp\u00e9cies desde 2017. A ag\u00eancia reunir\u00e1 coment\u00e1rios p\u00fablicos sobre a proposta at\u00e9 19 de fevereiro de 2025 e espera finaliz\u00e1-la dentro de um ano.<\/p>\n<p><em>The-CNN-Wire\u2122 e \u00a9 2024 Cable News Network, Inc., uma empresa da Time Warner. Todos os direitos reservados.<\/em><\/p>\n<div class=\"wp-block-newsletter\">\n\t<strong class=\"wp-block-newsletter__title\">Cadastre-se em nosso boletim informativo para receber as \u00faltimas not\u00edcias diretamente em sua caixa de entrada<\/strong><\/p>\n<\/div><\/div>\n<p><br \/>\n<br \/><a href=\"https:\/\/wsvn.com\/news\/us-world\/giraffes-are-up-next-on-the-endangered-species-list-us-wildlife-officials-say\/\">Source link <\/a><\/p>","protected":false},"excerpt":{"rendered":"<p>(CNN) \u2014 O animal mais alto do mundo est\u00e1 em apuros. As popula\u00e7\u00f5es de girafas est\u00e3o a diminuir a um ritmo t\u00e3o alarmante \u2013 devido \u00e0 perda de habitat, \u00e0&hellip;<\/p>","protected":false},"author":1,"featured_media":63301,"comment_status":"closed","ping_status":"open","sticky":false,"template":"","format":"standard","meta":{"content-type":"","footnotes":""},"categories":[1],"tags":[],"class_list":["post-63300","post","type-post","status-publish","format-standard","has-post-thumbnail","hentry","category-uncategorized"],"_links":{"self":[{"href":"https:\/\/tvbrazilusa.com\/pt\/wp-json\/wp\/v2\/posts\/63300","targetHints":{"allow":["GET"]}}],"collection":[{"href":"https:\/\/tvbrazilusa.com\/pt\/wp-json\/wp\/v2\/posts"}],"about":[{"href":"https:\/\/tvbrazilusa.com\/pt\/wp-json\/wp\/v2\/types\/post"}],"author":[{"embeddable":true,"href":"https:\/\/tvbrazilusa.com\/pt\/wp-json\/wp\/v2\/users\/1"}],"replies":[{"embeddable":true,"href":"https:\/\/tvbrazilusa.com\/pt\/wp-json\/wp\/v2\/comments?post=63300"}],"version-history":[{"count":1,"href":"https:\/\/tvbrazilusa.com\/pt\/wp-json\/wp\/v2\/posts\/63300\/revisions"}],"predecessor-version":[{"id":63302,"href":"https:\/\/tvbrazilusa.com\/pt\/wp-json\/wp\/v2\/posts\/63300\/revisions\/63302"}],"wp:featuredmedia":[{"embeddable":true,"href":"https:\/\/tvbrazilusa.com\/pt\/wp-json\/wp\/v2\/media\/63301"}],"wp:attachment":[{"href":"https:\/\/tvbrazilusa.com\/pt\/wp-json\/wp\/v2\/media?parent=63300"}],"wp:term":[{"taxonomy":"category","embeddable":true,"href":"https:\/\/tvbrazilusa.com\/pt\/wp-json\/wp\/v2\/categories?post=63300"},{"taxonomy":"post_tag","embeddable":true,"href":"https:\/\/tvbrazilusa.com\/pt\/wp-json\/wp\/v2\/tags?post=63300"}],"curies":[{"name":"wp","href":"https:\/\/api.w.org\/{rel}","templated":true}]}}