{"id":63327,"date":"2024-11-21T16:14:02","date_gmt":"2024-11-21T16:14:02","guid":{"rendered":"https:\/\/tvbrazilusa.com\/2024\/11\/21\/um-erro-em-aplicativo-do-exercito-revela-planos-de-assessores-de-bolsonaro\/"},"modified":"2024-11-21T16:14:04","modified_gmt":"2024-11-21T16:14:04","slug":"um-erro-em-aplicativo-do-exercito-revela-planos-de-assessores-de-bolsonaro","status":"publish","type":"post","link":"https:\/\/tvbrazilusa.com\/pt\/2024\/11\/21\/um-erro-em-aplicativo-do-exercito-revela-planos-de-assessores-de-bolsonaro\/","title":{"rendered":"Um erro em aplicativo do Ex\u00e9rcito revela planos de assessores de Bolsonaro"},"content":{"rendered":"<p> <script async src=\"https:\/\/pagead2.googlesyndication.com\/pagead\/js\/adsbygoogle.js?client=ca-pub-8864793242727901\"\r\n     crossorigin=\"anonymous\"><\/script><br \/>\n<\/p>\n<div id=\"taboola-read-more\" style=\"display:block; width:100%\">\n<p>Um instabilidade no UNA, aplicativo de mensagens utilizado pelo Ex\u00e9rcito, foi crucial para a Pol\u00edcia Federal chegar a assessores do ex-presidente Jair Bolsonaro que monitoraram o ministro do Supremo Tribunal Federal (STF) Alexandre de Moraes. Com o app indispon\u00edvel por conta do bug, eles recorreram ao WhatsApp e, dessa forma, os di\u00e1logos ca\u00edram nas m\u00e3os de investigadores que descobriram um plano para matar o magistrado, o presidente Lula e o vice-presidente Geraldo Alckmin.\n<\/p>\n<p>Segundo a investiga\u00e7\u00e3o, militares sob o comando de Mauro Cid, ex-ajudante de ordens da Presid\u00eancia, iniciaram o monitoramento de Moraes ap\u00f3s a elei\u00e7\u00e3o presidencial. A opera\u00e7\u00e3o clandestina foi deflagrada em dezembro e recebeu o nome de \u201cCopa 2022\u201d. Os seis participantes adotaram nomes de pa\u00edses para n\u00e3o mencionarem seus nomes verdadeiros. A comunica\u00e7\u00e3o foi concentrada no UNA e no aplicativo Signal, para evitar que os dados ca\u00edssem nas m\u00e3os da pol\u00edcia.<\/p>\n<p>No dia 15\/11 de 2022, ainda na fase preparat\u00f3ria da opera\u00e7\u00e3o, o tenente-coronel Rafael Martins de Oliveira encaminhou a Mauro Cid no WhatsApp um documento protegido por senha, intitulado Copa 2022. \u201cPelo teor do di\u00e1logo, seria uma estimativa de gastos para possivelmente viabilizar as a\u00e7\u00f5es\u201d, diz a investiga\u00e7\u00e3o da PF. Rafael foi preso pela Pol\u00edcia Federal nesta quinta-feira (19\/11), junto com general Mario Fernandes, que foi ministro interino da Secretaria Geral da Presid\u00eancia da Rep\u00fablica no governo Bolsonaro. Eis o di\u00e1logo:\n<\/p>\n<ul>\n<li>Rafael Oliveira: \u201cEstou com as necessidades iniciais. [Oliveira, ent\u00e3o, envia o arquivo \u201cCopa 2022\u201d]. O UNA est\u00e1 bugado! Depois apaga\u201d.<\/li>\n<li>Mauro Cid: \u201cManda uma estimativa do valor total\u201d.<\/li>\n<li>Rafael Oliveira: \u201cAquele valor de 100 se encaixa na estimativa\u201d.<\/li>\n<li>Mauro Cid: \u201cPreciso urgente\u201d<\/li>\n<li>Rafael Oliveira: \u201cIncluso vou transformar o material em dinheiro. Al\u00e9m da acomoda\u00e7\u00e3o\u201d.<\/li>\n<\/ul>\n<p>\u201cPelo que se obteve, o evento Copa 2022 contou com a participa\u00e7\u00e3o de pelo menos seis pessoas, possivelmente militares de For\u00e7as Especiais, registrando, no contexto, a relevante atua\u00e7\u00e3o de Rafael Martins de Oliveira\u201d, diz um trecho da investiga\u00e7\u00e3o. De acordo com a PF, o objetivo final das a\u00e7\u00f5es seria a pris\u00e3o ou a morte do ministro Alexandre de Moraes.\n<\/p>\n<p><strong>Moraes era chamado de \u201cprofessora\u201d<\/strong><br \/>Ainda de acordo com a investiga\u00e7\u00e3o, os militares utilizaram o codinome \u201cprofessora\u201d, para n\u00e3o explicitar refer\u00eancias ao ministro Alexandre de Moraes. O magistrado \u00e9 professor de direito na Universidade de S\u00e3o Paulo (USP).\n<\/p>\n<p>\u201cPor onde anda a Professora?\u201d, perguntou Mauro Cid em um dos di\u00e1logos. O assessor especial coronel Marcelo C\u00e2mara respondeu: \u201cInforma\u00e7\u00e3o que foi para uma escola em SP\u201d. Ontem\u201d. Em seguida, o ajudante de ordens de Bolsonaro pergunta se haveria previs\u00e3o de retorno do ministro, possivelmente para Bras\u00edlia.\n<\/p>\n<p>\u201cSomente para in\u00edcio do ano letivo. Apesar ter a previs\u00e3o do per\u00edodo de recupera\u00e7\u00e3o. Tem d\u00favida\u201d, respondeu Marcelo.<\/p>\n<p>Fonte: Metr\u00f3poles              <\/p>\n<\/div>\n<p><br \/>\n<br \/><a href=\"https:\/\/diariodobrasilnoticias.com.br\/noticia\/um-erro-em-aplicativo-do-exercito-revela-planos-de-assessores-de-bolsonaro-673f3d01149de\">Source link <\/a><\/p>","protected":false},"excerpt":{"rendered":"<p>Um instabilidade no UNA, aplicativo de mensagens utilizado pelo Ex\u00e9rcito, foi crucial para a Pol\u00edcia Federal chegar a assessores do ex-presidente Jair Bolsonaro que monitoraram o ministro do Supremo Tribunal&hellip;<\/p>","protected":false},"author":1,"featured_media":63328,"comment_status":"closed","ping_status":"open","sticky":false,"template":"","format":"standard","meta":{"content-type":"","footnotes":""},"categories":[16],"tags":[123,2448,5313,1267],"class_list":["post-63327","post","type-post","status-publish","format-standard","has-post-thumbnail","hentry","category-noticias","tag-brasil","tag-diario","tag-noticia","tag-noticias"],"_links":{"self":[{"href":"https:\/\/tvbrazilusa.com\/pt\/wp-json\/wp\/v2\/posts\/63327","targetHints":{"allow":["GET"]}}],"collection":[{"href":"https:\/\/tvbrazilusa.com\/pt\/wp-json\/wp\/v2\/posts"}],"about":[{"href":"https:\/\/tvbrazilusa.com\/pt\/wp-json\/wp\/v2\/types\/post"}],"author":[{"embeddable":true,"href":"https:\/\/tvbrazilusa.com\/pt\/wp-json\/wp\/v2\/users\/1"}],"replies":[{"embeddable":true,"href":"https:\/\/tvbrazilusa.com\/pt\/wp-json\/wp\/v2\/comments?post=63327"}],"version-history":[{"count":1,"href":"https:\/\/tvbrazilusa.com\/pt\/wp-json\/wp\/v2\/posts\/63327\/revisions"}],"predecessor-version":[{"id":63329,"href":"https:\/\/tvbrazilusa.com\/pt\/wp-json\/wp\/v2\/posts\/63327\/revisions\/63329"}],"wp:featuredmedia":[{"embeddable":true,"href":"https:\/\/tvbrazilusa.com\/pt\/wp-json\/wp\/v2\/media\/63328"}],"wp:attachment":[{"href":"https:\/\/tvbrazilusa.com\/pt\/wp-json\/wp\/v2\/media?parent=63327"}],"wp:term":[{"taxonomy":"category","embeddable":true,"href":"https:\/\/tvbrazilusa.com\/pt\/wp-json\/wp\/v2\/categories?post=63327"},{"taxonomy":"post_tag","embeddable":true,"href":"https:\/\/tvbrazilusa.com\/pt\/wp-json\/wp\/v2\/tags?post=63327"}],"curies":[{"name":"wp","href":"https:\/\/api.w.org\/{rel}","templated":true}]}}