{"id":63350,"date":"2024-11-21T16:45:47","date_gmt":"2024-11-21T16:45:47","guid":{"rendered":"https:\/\/tvbrazilusa.com\/2024\/11\/21\/na-onu-o-brasil-opta-por-abstencao-em-votacao-que-condena-o-ira-pela-repressao-contra-mulheres\/"},"modified":"2024-11-21T16:45:48","modified_gmt":"2024-11-21T16:45:48","slug":"na-onu-o-brasil-opta-por-abstencao-em-votacao-que-condena-o-ira-pela-repressao-contra-mulheres","status":"publish","type":"post","link":"https:\/\/tvbrazilusa.com\/pt\/2024\/11\/21\/na-onu-o-brasil-opta-por-abstencao-em-votacao-que-condena-o-ira-pela-repressao-contra-mulheres\/","title":{"rendered":"Na ONU, o Brasil opta por absten\u00e7\u00e3o em vota\u00e7\u00e3o que condena o Ir\u00e3 pela repress\u00e3o contra mulheres"},"content":{"rendered":"<p> <script async src=\"https:\/\/pagead2.googlesyndication.com\/pagead\/js\/adsbygoogle.js?client=ca-pub-8864793242727901\"\r\n     crossorigin=\"anonymous\"><\/script><br \/>\n<\/p>\n<div id=\"taboola-read-more\" style=\"display:block; width:100%\">\n<p>O governo de Luiz In\u00e1cio Lula da Silva (PT) escolheu se abster em uma resolu\u00e7\u00e3o que condena o Ir\u00e3 pela repress\u00e3o contra mulheres, pela viol\u00eancia usada para silenciar manifestantes e pela onda de penas de morte pelas autoridades em Teer\u00e3. Nenhum pa\u00eds do Brics votou por condenar o Ir\u00e3 na\u00a0Organiza\u00e7\u00e3o das Na\u00e7\u00f5es Unidas (ONU).\n<\/p>\n<p>Nesta quarta-feira, 20, a entidade analisou uma resolu\u00e7\u00e3o de condena\u00e7\u00e3o apresentada por europeus e norte-americanos. O texto recebeu o apoio de 77 pa\u00edses e foi aprovado com os votos de outros governos de esquerda, como Chile, M\u00e9xico, Espanha e Col\u00f4mbia.<\/p>\n<p>Integrante do Brics, o Ir\u00e3 observou que todos os seus parceiros no grupo de economias emergentes evitaram aprovar uma condena\u00e7\u00e3o relacionada \u00e0 situa\u00e7\u00e3o dos direitos humanos no pa\u00eds. Ao todo, 28 na\u00e7\u00f5es votaram contra a resolu\u00e7\u00e3o, incluindo R\u00fassia e China, que tamb\u00e9m fazem parte do bloco.\n<\/p>\n<p>Outros 66 pa\u00edses decidiram pela absten\u00e7\u00e3o, entre eles Brasil, \u00c1frica do Sul, Egito, \u00cdndia, Emirados \u00c1rabes Unidos, Eti\u00f3pia e Ar\u00e1bia Saudita, todos integrantes do Brics.\n<\/p>\n<p>No in\u00edcio do ano, o Itamaraty avaliou que o isolamento do Ir\u00e3, defendido pelas pot\u00eancias ocidentais, apenas intensificaria o radicalismo em Teer\u00e3, al\u00e9m de acelerar o desenvolvimento de uma arma nuclear pelo pa\u00eds.\n<\/p>\n<p>Em abril, por exemplo, o Brasil optou por se abster em uma vota\u00e7\u00e3o da ONU que ampliava o mandato da entidade para investigar viola\u00e7\u00f5es de direitos humanos no Ir\u00e3, especialmente ap\u00f3s os protestos liderados por mulheres a partir de 2022.\n<\/p>\n<p>Essa iniciativa, contudo, foi aprovada no Conselho de Direitos Humanos das Na\u00e7\u00f5es Unidas, com 24 votos favor\u00e1veis, 15 absten\u00e7\u00f5es e oito contr\u00e1rios.\n<\/p>\n<p>Em um discurso nesta quarta-feira, a delega\u00e7\u00e3o brasileira explicou sua decis\u00e3o de absten\u00e7\u00e3o. Segundo o Itamaraty, o Brasil \u201creconhece os esfor\u00e7os do Ir\u00e3 para acolher uma das maiores popula\u00e7\u00f5es de refugiados do mundo, com mais de 3,7 milh\u00f5es de refugiados afeg\u00e3os\u201d.\n<\/p>\n<p>O governo tamb\u00e9m mencionou a diretriz de novembro de 2023, a \u201cRefer\u00eancia a conven\u00e7\u00f5es internacionais Conven\u00e7\u00f5es Internacionais de Direitos Humanos em Decis\u00f5es Judiciais\u201d.\n<\/p>\n<p>O Itamaraty elogiou ainda \u201co envolvimento do Ir\u00e3 com os \u00f3rg\u00e3os de tratados de direitos humanos, ao mesmo tempo em que reiteramos nosso apelo para que o governo iraniano tamb\u00e9m colabore com os procedimentos especiais do Conselho de Conselho de Direitos Humanos\u201d.\n<\/p>\n<p>Em explica\u00e7\u00e3o \u00e0 absten\u00e7\u00e3o, o Itamaraty acrescentou que \u201ccontinua preocupado com os relatos de viola\u00e7\u00f5es contra mulheres, defensores dos direitos humanos e minorias religiosas e \u00e9tnicas\u201d.\n<\/p>\n<p>\u201cH\u00e1 tamb\u00e9m a necessidade de revogar as leis discriminat\u00f3rias de g\u00eanero existentes e promover os direitos das mulheres e das meninas\u201d, disse.\n<\/p>\n<p>Apesar das preocupa\u00e7\u00f5es, o Brasil optou pela absten\u00e7\u00e3o.\n<\/p>\n<p>\u201cNo entendimento de que o Ir\u00e3 est\u00e1 comprometido a fortalecer seus esfor\u00e7os para melhorar a situa\u00e7\u00e3o dos direitos humanos no pa\u00eds, e no esp\u00edrito de um di\u00e1logo construtivo, o Brasil se abster\u00e1\u201d, completou.\n<\/p>\n<p><strong>Revista Oeste<\/strong>              <\/p>\n<\/div>\n<p><br \/>\n<br \/><a href=\"https:\/\/diariodobrasilnoticias.com.br\/noticia\/na-onu-o-brasil-opta-por-abstencao-em-votacao-que-condena-o-ira-pela-repressao-contra-mulheres-673f47d8dacef\">Source link <\/a><\/p>","protected":false},"excerpt":{"rendered":"<p>O governo de Luiz In\u00e1cio Lula da Silva (PT) escolheu se abster em uma resolu\u00e7\u00e3o que condena o Ir\u00e3 pela repress\u00e3o contra mulheres, pela viol\u00eancia usada para silenciar manifestantes e&hellip;<\/p>","protected":false},"author":1,"featured_media":63351,"comment_status":"closed","ping_status":"open","sticky":false,"template":"","format":"standard","meta":{"content-type":"","footnotes":""},"categories":[16],"tags":[123,2448,5313,1267],"class_list":["post-63350","post","type-post","status-publish","format-standard","has-post-thumbnail","hentry","category-noticias","tag-brasil","tag-diario","tag-noticia","tag-noticias"],"_links":{"self":[{"href":"https:\/\/tvbrazilusa.com\/pt\/wp-json\/wp\/v2\/posts\/63350","targetHints":{"allow":["GET"]}}],"collection":[{"href":"https:\/\/tvbrazilusa.com\/pt\/wp-json\/wp\/v2\/posts"}],"about":[{"href":"https:\/\/tvbrazilusa.com\/pt\/wp-json\/wp\/v2\/types\/post"}],"author":[{"embeddable":true,"href":"https:\/\/tvbrazilusa.com\/pt\/wp-json\/wp\/v2\/users\/1"}],"replies":[{"embeddable":true,"href":"https:\/\/tvbrazilusa.com\/pt\/wp-json\/wp\/v2\/comments?post=63350"}],"version-history":[{"count":1,"href":"https:\/\/tvbrazilusa.com\/pt\/wp-json\/wp\/v2\/posts\/63350\/revisions"}],"predecessor-version":[{"id":63352,"href":"https:\/\/tvbrazilusa.com\/pt\/wp-json\/wp\/v2\/posts\/63350\/revisions\/63352"}],"wp:featuredmedia":[{"embeddable":true,"href":"https:\/\/tvbrazilusa.com\/pt\/wp-json\/wp\/v2\/media\/63351"}],"wp:attachment":[{"href":"https:\/\/tvbrazilusa.com\/pt\/wp-json\/wp\/v2\/media?parent=63350"}],"wp:term":[{"taxonomy":"category","embeddable":true,"href":"https:\/\/tvbrazilusa.com\/pt\/wp-json\/wp\/v2\/categories?post=63350"},{"taxonomy":"post_tag","embeddable":true,"href":"https:\/\/tvbrazilusa.com\/pt\/wp-json\/wp\/v2\/tags?post=63350"}],"curies":[{"name":"wp","href":"https:\/\/api.w.org\/{rel}","templated":true}]}}