{"id":63435,"date":"2024-11-21T18:52:39","date_gmt":"2024-11-21T18:52:39","guid":{"rendered":"https:\/\/tvbrazilusa.com\/2024\/11\/21\/diretor-geral-da-oms-passa-mal-e-e-internado-no-rio-de-janeiro\/"},"modified":"2024-11-21T18:52:40","modified_gmt":"2024-11-21T18:52:40","slug":"diretor-geral-da-oms-passa-mal-e-e-internado-no-rio-de-janeiro","status":"publish","type":"post","link":"https:\/\/tvbrazilusa.com\/pt\/2024\/11\/21\/diretor-geral-da-oms-passa-mal-e-e-internado-no-rio-de-janeiro\/","title":{"rendered":"Diretor-geral da OMS passa mal e \u00e9 internado no Rio de Janeiro"},"content":{"rendered":"<p> <script async src=\"https:\/\/pagead2.googlesyndication.com\/pagead\/js\/adsbygoogle.js?client=ca-pub-8864793242727901\"\r\n     crossorigin=\"anonymous\"><\/script><br \/>\n<\/p>\n<div id=\"taboola-read-more\" style=\"display:block; width:100%\">\n<p>O diretor-geral da Organiza\u00e7\u00e3o Mundial da Sa\u00fade (OMS), Tedros Adhanom, precisou novamente de atendimento m\u00e9dico e est\u00e1 internado no Hospital Samaritano Barra da Tijuca, no Rio de Janeiro.\n<\/p>\n<p>No Brasil para participar da C\u00fapula do G20, Tedros j\u00e1 havia recebido um primeiro atendimento no fim da tarde desta segunda-feira, 18, durante um evento no Museu de Arte Moderna (MAM) do Rio.<\/p>\n<p>Tedros buscou o hospital na manh\u00e3 desta quinta-feira, 21, com sintomas de labirintite e crise hipertensiva e continua em observa\u00e7\u00e3o.\n<\/p>\n<p>Nesta segunda-feira, o diretor da OMS j\u00e1 tinha apresentado um pico de press\u00e3o alta, mas foi atendido pela equipe de profissionais que mantinha expediente no bloco diplom\u00e1tico do G20. Ele foi medicado e liberado assim que a press\u00e3o se estabilizou.\n<\/p>\n<p>No domingo 17, duas mulheres da comitiva de Timor Leste para o G20 Social foram assaltadas na Lapa, regi\u00e3o central do Rio de Janeiro. A Opera\u00e7\u00e3o Seguran\u00e7a Presente foi acionada para prestar assist\u00eancia \u00e0s v\u00edtimas.\n<\/p>\n<p>O incidente envolveu o roubo de um cord\u00e3o de ouro de uma das mulheres, furtado por dois jovens, que fugiram em uma bicicleta. A ativista Licypriya Kangujam, filha da v\u00edtima, relatou o ocorrido nas redes sociais, expressando seu descontentamento com a \u201cexperi\u00eancia horr\u00edvel\u201d e mencionou a ina\u00e7\u00e3o dos presentes no local.\n<\/p>\n<p>Na publica\u00e7\u00e3o, ela marcou o presidente Luiz In\u00e1cio Lula da Silva, a ministra do Meio Ambiente, Marina Silva, e o perfil oficial do G20 no Twitter\/X. Licypriya tamb\u00e9m disse que, antes do evento, sua equipe de comunica\u00e7\u00e3o pediu uma escolta de seguran\u00e7a ao gabinete presidencial, mas foi informada de que a seguran\u00e7a j\u00e1 estava garantida pelo plano de a\u00e7\u00e3o do G20 no Rio de Janeiro.\n<\/p>\n<p>\u201cEles [governo Lula] falharam em nos garantir seguran\u00e7a para o momento de nossa chegada\u201d, relatou. \u201cIsso \u00e9 lament\u00e1vel e estamos muito decepcionados\u201d.\n<\/p>\n<p>Ao final da publica\u00e7\u00e3o, a ativista questionou qual mensagem o Brasil est\u00e1 transmitindo ao mundo com a falta de seguran\u00e7a no G20 e as poss\u00edveis falhas na COP.<\/p>\n<p>Fonte: Revista Oeste              <\/p>\n<\/div>\n<p><br \/>\n<br \/><a href=\"https:\/\/diariodobrasilnoticias.com.br\/noticia\/diretor-geral-da-oms-passa-mal-e-e-internado-no-rio-de-janeiro-673f5e3122bbe\">Source link <\/a><\/p>","protected":false},"excerpt":{"rendered":"<p>O diretor-geral da Organiza\u00e7\u00e3o Mundial da Sa\u00fade (OMS), Tedros Adhanom, precisou novamente de atendimento m\u00e9dico e est\u00e1 internado no Hospital Samaritano Barra da Tijuca, no Rio de Janeiro. No Brasil&hellip;<\/p>","protected":false},"author":1,"featured_media":63436,"comment_status":"closed","ping_status":"open","sticky":false,"template":"","format":"standard","meta":{"content-type":"","footnotes":""},"categories":[16],"tags":[123,2448,5313,1267],"class_list":["post-63435","post","type-post","status-publish","format-standard","has-post-thumbnail","hentry","category-noticias","tag-brasil","tag-diario","tag-noticia","tag-noticias"],"_links":{"self":[{"href":"https:\/\/tvbrazilusa.com\/pt\/wp-json\/wp\/v2\/posts\/63435","targetHints":{"allow":["GET"]}}],"collection":[{"href":"https:\/\/tvbrazilusa.com\/pt\/wp-json\/wp\/v2\/posts"}],"about":[{"href":"https:\/\/tvbrazilusa.com\/pt\/wp-json\/wp\/v2\/types\/post"}],"author":[{"embeddable":true,"href":"https:\/\/tvbrazilusa.com\/pt\/wp-json\/wp\/v2\/users\/1"}],"replies":[{"embeddable":true,"href":"https:\/\/tvbrazilusa.com\/pt\/wp-json\/wp\/v2\/comments?post=63435"}],"version-history":[{"count":1,"href":"https:\/\/tvbrazilusa.com\/pt\/wp-json\/wp\/v2\/posts\/63435\/revisions"}],"predecessor-version":[{"id":63437,"href":"https:\/\/tvbrazilusa.com\/pt\/wp-json\/wp\/v2\/posts\/63435\/revisions\/63437"}],"wp:featuredmedia":[{"embeddable":true,"href":"https:\/\/tvbrazilusa.com\/pt\/wp-json\/wp\/v2\/media\/63436"}],"wp:attachment":[{"href":"https:\/\/tvbrazilusa.com\/pt\/wp-json\/wp\/v2\/media?parent=63435"}],"wp:term":[{"taxonomy":"category","embeddable":true,"href":"https:\/\/tvbrazilusa.com\/pt\/wp-json\/wp\/v2\/categories?post=63435"},{"taxonomy":"post_tag","embeddable":true,"href":"https:\/\/tvbrazilusa.com\/pt\/wp-json\/wp\/v2\/tags?post=63435"}],"curies":[{"name":"wp","href":"https:\/\/api.w.org\/{rel}","templated":true}]}}