{"id":63438,"date":"2024-11-21T18:50:54","date_gmt":"2024-11-21T18:50:54","guid":{"rendered":"https:\/\/tvbrazilusa.com\/2024\/11\/21\/jay-leno-machucado-e-usando-tapa-olho-diz-que-caiu-em-uma-colina-de-18-metros\/"},"modified":"2024-11-21T18:58:02","modified_gmt":"2024-11-21T18:58:02","slug":"jay-leno-machucado-e-usando-tapa-olho-diz-que-caiu-em-uma-colina-de-18-metros","status":"publish","type":"post","link":"https:\/\/tvbrazilusa.com\/pt\/2024\/11\/21\/jay-leno-machucado-e-usando-tapa-olho-diz-que-caiu-em-uma-colina-de-18-metros\/","title":{"rendered":"Jay Leno, machucado e usando tapa-olho, diz que caiu em uma colina de 18 metros"},"content":{"rendered":"<p> <script async src=\"https:\/\/pagead2.googlesyndication.com\/pagead\/js\/adsbygoogle.js?client=ca-pub-8864793242727901\"\r\n     crossorigin=\"anonymous\"><\/script><br \/>\n<\/p>\n<div id=\"\">\n<header class=\"m-article-header m-article-header--standard\">\n\t\t\t\t\t\t\t\t\t\t\t\t<span id=\"article-header-primary-term\"><br \/>\n\t\t\t\t\t\t\t\t<a class=\"a-term a-term--primary\" href=\"https:\/\/www.boston.com\/tag\/celebs\/\"><\/p>\n<p>\t\t\t\t\t\t\t\tCelebridades\t\t\t\t\t\t\t\t<\/a><br \/>\n\t\t\t\t\t\t\t<\/span><\/p>\n<h2 class=\"m-article-header__sub-headline\">O comediante Jay Leno disse que fez um stand-up set na \u00e1rea de Pittsburgh antes de ir para o hospital ap\u00f3s sofrer ferimentos ao cair de uma colina.<\/h2>\n<figure class=\"a-photo m-article-header__photo\"><figcaption class=\"a-photo__caption\">\n<p>\tJay Leno participa do concerto de homenagem ao homenageado do Pr\u00eamio Gershwin em Washington em 4 de mar\u00e7o de 2020.<em> Brent N. Clarke\/Foto de arquivo<\/em>\t<\/figcaption><\/figure>\n<\/header>\n<p>Jay Leno aparentemente acredita firmemente no aforismo \u201co show deve continuar\u201d.<\/p>\n<p>Um Leno usando tapa-olho disse aos rep\u00f3rteres <a href=\"https:\/\/x.com\/InsideEdition\/status\/1859018080556613948\">para edi\u00e7\u00e3o interna<\/a> e <a href=\"https:\/\/www.tmz.com\/2024\/11\/19\/jay-leno-injured-face-after-fall-wears-eye-patch\/\">TMZ<\/a> que ele fez um show de stand-up na \u00e1rea de Pittsburgh, apesar de ter sofrido ferimentos na cabe\u00e7a e no pulso causados \u200b\u200bpor uma queda em uma colina de 18 metros.<\/p>\n<p>Como Leno descreveu, enquanto estava hospedado em um Hampton Inn nos arredores de Pittsburgh, ele queria jantar em um restaurante localizado no final de uma estrada longa e sinuosa. Depois de decidir pegar um atalho por um barranco \u00edngreme, o comediante de 74 anos acabou caindo.<\/p>\n<p>\u201cQuebrei meu pulso, perdi a unha do dedo\u201d, disse Leno ao \u201cInside Edition\u201d. \u201cE eu sou todo preto e azul.\u201d<\/p>\n<figure class=\"wp-block-embed is-type-rich is-provider-twitter wp-block-embed-twitter\"\/>\n<p>Incrivelmente, Leno afirmou que antes de ir para o hospital, ele apresentou seu stand-up set para uma multid\u00e3o.<\/p>\n<p>\u201cTenho um show hoje \u00e0 noite\u201d, disse Leno ao TMZ. \u201cN\u00e3o \u00e9 grande coisa.\u201d<\/p>\n<p>O ex-apresentador do Tonight Show &#8211; que foi criado em Andover, se formou em Emerson e come\u00e7ou na com\u00e9dia no circuito stand-up de Boston &#8211; teve azar envolvendo les\u00f5es nos \u00faltimos anos.<\/p>\n<p>Em novembro de 2022, <a href=\"https:\/\/www.boston.com\/culture\/entertainment\/2022\/11\/16\/leno-has-surgery-for-burns-from-car-fire-in-good-condition\/\">Leno sofreu queimaduras graves<\/a> de um inc\u00eandio de gasolina em sua garagem, necessitando de cirurgia e enxertos de pele.<\/p>\n<p>Dois meses depois, Leno <a href=\"https:\/\/www.boston.com\/culture\/celebs\/2023\/01\/27\/jay-leno-motorcycle-accident\/\">sofreu uma fratura na clav\u00edcula<\/a>duas costelas quebradas e duas r\u00f3tulas quebradas quando bateu em um arame enquanto dirigia uma motocicleta indiana de 1940, arremessando-o para fora do ve\u00edculo. <\/p>\n<div class=\"o-author-single has-avatar\">\n<header class=\"m-author-card\">\n<div class=\"a-image a-image--square m-author-card__image\">\n\t\t<img decoding=\"async\" class=\"\" src=\"https:\/\/www.boston.com\/wp-content\/uploads\/2024\/10\/cropped-Kevin-Slane-professional-headshot-2-66febb4b70606-66febb7263fea.jpg\" alt=\"Imagem do perfil de Kevin Slane\"\/>\t<\/div>\n<\/header>\n<section class=\"author-info\">\n<hr class=\"m-author__section--hr\"\/>\n<hr class=\"m-author__section--hr\"\/>\t<\/section>\n<\/div>\n<div class=\"m-block m-generic-cta\t m-generic-cta--post-content\t m-generic-cta--dark\t m-generic-cta--homepage\t m-generic-cta--email-signup\t\t m-generic-cta-block-style--default \tt-amp__generic-cta\"><\/p>\n<div class=\"m-generic-cta__wrap\">\n<div class=\"m-generic-cta__content\">\n<h3 class=\"m-generic-cta__title\">Boston.com hoje<\/h3>\n<p class=\"m-generic-cta__subtitle\">Inscreva-se para receber as \u00faltimas manchetes em sua caixa de entrada todas as manh\u00e3s.<\/p>\n<\/p><\/div>\n<\/p><\/div>\n<\/div><\/div>\n<p><script>\n\t\tvar consent=\"grant\";\n\t\t\/* The above code is parsing the JSON data from the local storage and storing it in a variable. *\/\n\t\t\t\t\tconst onetrustStorageConsent = JSON.parse(localStorage.getItem( 'consent_one_trust_bdc' ) );\n\t\t\tif ( ( onetrustStorageConsent !== null ) ) {\n\t\t\t\t\/* Checking to see if the user has consented to the use of cookies.\n\t\t\t\t* If they have not, it is deleting the cookie.\n\t\t\t\t* This will comment for now, until further notice.\n\t\t\t\t*\/\n\t\t\t\t\/\/if ( onetrustStorageConsent.C0002 === false ) {\n\t\t\t\t\/\/\tdocument.cookie=\"_fbp=;expires=Thu, 01 Jan 2010 00:00:00 UTC; path=\/; domain=.boston.com\";\n\t\t\t\t\/\/}\n\t\t\t\t\/* Checking if the user has given consent for the cookie C0002.\n\t\t\t\t* If the user has given consent, the variable consent will be set to 'grant'.\n\t\t\t\t* If the user has not given consent,the variable consent will be set to 'revoke'.\n\t\t\t\t* Documentation https:\/\/developers.facebook.com\/docs\/meta-pixel\/implementation\/gdpr\n\t\t\t\t*\/\n\t\t\t\tif ( onetrustStorageConsent.C0002 !== true ) {\n\t\t\t\t\tconsent=\"revoke\";\n\t\t\t\t}\n\t\t\t}\n\t\t\t\t!function(f,b,e,v,n,t,s)\n\t\t{if(f.fbq)return;n=f.fbq=function(){n.callMethod?\n\t\tn.callMethod.apply(n,arguments):n.queue.push(arguments)};\n\t\tif(!f._fbq)f._fbq=n;n.push=n;n.loaded=!0;n.version='2.0';\n\t\tn.queue=[];t=b.createElement(e);t.async=!0;\n\t\tt.src=v;s=b.getElementsByTagName(e)[0];\n\t\ts.parentNode.insertBefore(t,s)}(window, document,'script',\n\t\t'https:\/\/connect.facebook.net\/en_US\/fbevents.js');\n\t\tfbq('consent', consent);\n\t\tfbq('init', '989222871864976');\n\t\tfbq('track', 'PageView');\n\t<\/script><script type=\"module\">\n\t\tvar consent=\"grant\";\n\t\t\/* The above code is parsing the JSON data from the local storage and storing it in a variable. *\/\n\t\t\tconst onetrustStorageConsent = JSON.parse(localStorage.getItem( 'consent_one_trust_bdc' ) );\n\t\t\t\/* Checking to see if the user has consented to the use of cookies.\n\t\t\t* If they have not, it is deleting the cookie.\n\t\t\t* This will comment for now, until further notice.\n\t\t\t*\/\n\t\t\t\/\/if ( onetrustStorageConsent.C0002 === false ) {\n\t\t\t\/\/\tdocument.cookie=\"_fbp=;expires=Thu, 01 Jan 2010 00:00:00 UTC; path=\/; domain=.boston.com\";\n\t\t\t\/\/}\n\t\t\t\/* Checking if the user has given consent for the cookie C0002.\n\t\t\t* If the user has given consent, the variable consent will be set to 'grant'.\n\t\t\t* If the user has not given consent,the variable consent will be set to 'revoke'.\n\t\t\t* Documentation https:\/\/developers.facebook.com\/docs\/meta-pixel\/implementation\/gdpr\n\t\t\t*\/\n\t\t\tif ( ( onetrustStorageConsent !== null ) && (onetrustStorageConsent.C0002 !== true ) ) {\n\t\t\t\tconsent=\"revoke\";\n\t\t\t}\n\t\t\t\t!function(f,b,e,v,n,t,s){if(f.fbq)return;n=f.fbq=function()\n\t\t{n.callMethod? n.callMethod.apply(n,arguments):n.queue.push(arguments)}\n\t\t;if(!f._fbq)f._fbq=n;\n\t\tn.push=n;n.loaded=!0;n.version='2.0';n.queue=[];t=b.createElement(e);t.async=!0;\n\t\tt.src=v;s=b.getElementsByTagName(e)[0];s.parentNode.insertBefore(t,s)}(window,\n\t\tdocument,'script','https:\/\/connect.facebook.net\/en_US\/fbevents.js');\n\t\tfbq('consent', consent);\n\t\tfbq('init', '813236348753005');\n\t\tfbq('track', \"PageView\");\n\t<\/script><br \/>\n<br \/><br \/>\n<br \/><a href=\"https:\/\/www.boston.com\/culture\/celebs\/2024\/11\/21\/jay-leno-fell-down-a-hill\/\">Source link <\/a><\/p>","protected":false},"excerpt":{"rendered":"<p>Celebridades O comediante Jay Leno disse que fez um stand-up set na \u00e1rea de Pittsburgh antes de ir para o hospital ap\u00f3s sofrer ferimentos ao cair de uma colina. Jay&hellip;<\/p>","protected":false},"author":1,"featured_media":63439,"comment_status":"closed","ping_status":"open","sticky":false,"template":"","format":"standard","meta":{"content-type":"","footnotes":""},"categories":[1],"tags":[],"class_list":["post-63438","post","type-post","status-publish","format-standard","has-post-thumbnail","hentry","category-uncategorized"],"_links":{"self":[{"href":"https:\/\/tvbrazilusa.com\/pt\/wp-json\/wp\/v2\/posts\/63438","targetHints":{"allow":["GET"]}}],"collection":[{"href":"https:\/\/tvbrazilusa.com\/pt\/wp-json\/wp\/v2\/posts"}],"about":[{"href":"https:\/\/tvbrazilusa.com\/pt\/wp-json\/wp\/v2\/types\/post"}],"author":[{"embeddable":true,"href":"https:\/\/tvbrazilusa.com\/pt\/wp-json\/wp\/v2\/users\/1"}],"replies":[{"embeddable":true,"href":"https:\/\/tvbrazilusa.com\/pt\/wp-json\/wp\/v2\/comments?post=63438"}],"version-history":[{"count":1,"href":"https:\/\/tvbrazilusa.com\/pt\/wp-json\/wp\/v2\/posts\/63438\/revisions"}],"predecessor-version":[{"id":63440,"href":"https:\/\/tvbrazilusa.com\/pt\/wp-json\/wp\/v2\/posts\/63438\/revisions\/63440"}],"wp:featuredmedia":[{"embeddable":true,"href":"https:\/\/tvbrazilusa.com\/pt\/wp-json\/wp\/v2\/media\/63439"}],"wp:attachment":[{"href":"https:\/\/tvbrazilusa.com\/pt\/wp-json\/wp\/v2\/media?parent=63438"}],"wp:term":[{"taxonomy":"category","embeddable":true,"href":"https:\/\/tvbrazilusa.com\/pt\/wp-json\/wp\/v2\/categories?post=63438"},{"taxonomy":"post_tag","embeddable":true,"href":"https:\/\/tvbrazilusa.com\/pt\/wp-json\/wp\/v2\/tags?post=63438"}],"curies":[{"name":"wp","href":"https:\/\/api.w.org\/{rel}","templated":true}]}}