{"id":63441,"date":"2024-11-21T18:43:22","date_gmt":"2024-11-21T18:43:22","guid":{"rendered":"https:\/\/tvbrazilusa.com\/2024\/11\/21\/matt-gaetz-da-fl-retira-se-da-escolha-do-procurador-geral-de-trump\/"},"modified":"2024-11-21T19:00:33","modified_gmt":"2024-11-21T19:00:33","slug":"matt-gaetz-da-fl-retira-se-da-escolha-do-procurador-geral-de-trump","status":"publish","type":"post","link":"https:\/\/tvbrazilusa.com\/pt\/2024\/11\/21\/matt-gaetz-da-fl-retira-se-da-escolha-do-procurador-geral-de-trump\/","title":{"rendered":"Matt Gaetz, da FL, retira-se da escolha do procurador-geral de Trump"},"content":{"rendered":"<p> <script async src=\"https:\/\/pagead2.googlesyndication.com\/pagead\/js\/adsbygoogle.js?client=ca-pub-8864793242727901\"\r\n     crossorigin=\"anonymous\"><\/script><br \/>\n<\/p>\n<div>\n<p>WASHINGTON, DC \u2013 O ex-deputado americano Matt Gaetz retirou-se da escolha do presidente eleito Donald Trump para procurador-geral na quinta-feira, em meio ao crescente escrut\u00ednio sobre alega\u00e7\u00f5es de m\u00e1 conduta sexual.<\/p>\n<\/div>\n<div>\n<p>Gaetz anunciou sua decis\u00e3o nas redes sociais, dizendo que n\u00e3o queria que sua confirma\u00e7\u00e3o se tornasse uma \u201cdistra\u00e7\u00e3o\u201d para o pr\u00f3ximo governo Trump.<\/p>\n<p>\u201cContinuo totalmente comprometido em (ver) que Donald J. Trump \u00e9 o presidente mais bem-sucedido da hist\u00f3ria\u201d, <a href=\"https:\/\/x.com\/mattgaetz\/status\/1859649045553402285\" rel=\"nofollow\" target=\"_blank\">Gaetz disse.<\/a> \u201cSerei para sempre honrado pelo presidente Trump ter me nomeado para liderar o Departamento de Justi\u00e7a e tenho certeza de que ele salvar\u00e1 a Am\u00e9rica\u201d.<\/p>\n<\/div>\n<div>\n<p>A retirada abrupta \u00e9 um rev\u00e9s no esfor\u00e7o de Trump para instalar fi\u00e9is leais firmes na sua pr\u00f3xima administra\u00e7\u00e3o, mas tamb\u00e9m um reconhecimento da resist\u00eancia que o republicano j\u00e1 est\u00e1 a encontrar por parte de membros do seu pr\u00f3prio partido e de candidatos com antecedentes heterog\u00e9neos. <\/p>\n<p>Ao se retirar, Gaetz evita o que parecia ser uma batalha campal de confirma\u00e7\u00e3o que teria testado at\u00e9 onde os republicanos do Senado estavam dispostos a ir para confirmar as escolhas de Trump para o Gabinete.<\/p>\n<\/div>\n<div>\n<p>O an\u00fancio do republicano da Florida ocorreu um dia depois de se reunir com senadores num esfor\u00e7o para obter o seu apoio \u00e0 sua confirma\u00e7\u00e3o para liderar o Departamento de Justi\u00e7a.<\/p>\n<p>Num post no Truth Social, Trump disse: &#8220;Aprecio muito os esfor\u00e7os recentes de Matt Gaetz em buscar aprova\u00e7\u00e3o para ser procurador-geral. Ele estava indo muito bem, mas, ao mesmo tempo, n\u00e3o queria ser uma distra\u00e7\u00e3o para a administra\u00e7\u00e3o. , pelo qual ele tem muito respeito, Matt tem um futuro maravilhoso e estou ansioso para ver todas as grandes coisas que ele far\u00e1!<\/p>\n<\/div>\n<div>\n<p>O an\u00fancio de Gaetz ocorreu dias depois de um advogado de duas mulheres ter dito que seus clientes contaram aos investigadores do Comit\u00ea de \u00c9tica da C\u00e2mara que Gaetz os pagou por sexo em v\u00e1rias ocasi\u00f5es, come\u00e7ando em 2017, quando Gaetz era congressista da Fl\u00f3rida.<\/p>\n<p>Uma das mulheres testemunhou que viu Gaetz fazendo sexo com um jovem de 17 anos em uma festa na Fl\u00f3rida em 2017, segundo o advogado Joel Leppard. Leppard disse que sua cliente testemunhou que n\u00e3o achava que Gaetz sabia que a garota era menor de idade, interrompeu o relacionamento quando descobriu e n\u00e3o o retomou at\u00e9 ela completar 18 anos. A idade de consentimento na Fl\u00f3rida \u00e9 18 anos.<\/p>\n<\/div>\n<div>\n<p>Gaetz negou veementemente qualquer irregularidade e disse no ano passado que a investiga\u00e7\u00e3o do Departamento de Justi\u00e7a sobre alega\u00e7\u00f5es de tr\u00e1fico sexual envolvendo meninas menores de idade terminou sem acusa\u00e7\u00f5es federais contra ele.<\/p>\n<p><em>A Associated Press contribuiu para este relat\u00f3rio.<\/em><\/p>\n<\/div>\n<p><br \/>\n<br \/><a href=\"http:\/\/patch.com\/florida\/across-fl\/fls-matt-gaetz-withdraws-trumps-attorney-general-pick?utm_source=article-mostrecent&#038;utm_medium=rss&#038;utm_term=politics%20%26%20government&#038;utm_campaign=recirc&#038;utm_content=aol\">Source link <\/a><\/p>","protected":false},"excerpt":{"rendered":"<p>WASHINGTON, DC \u2013 O ex-deputado americano Matt Gaetz retirou-se da escolha do presidente eleito Donald Trump para procurador-geral na quinta-feira, em meio ao crescente escrut\u00ednio sobre alega\u00e7\u00f5es de m\u00e1 conduta&hellip;<\/p>","protected":false},"author":1,"featured_media":63442,"comment_status":"closed","ping_status":"open","sticky":false,"template":"","format":"standard","meta":{"content-type":"","footnotes":""},"categories":[1],"tags":[],"class_list":["post-63441","post","type-post","status-publish","format-standard","has-post-thumbnail","hentry","category-uncategorized"],"_links":{"self":[{"href":"https:\/\/tvbrazilusa.com\/pt\/wp-json\/wp\/v2\/posts\/63441","targetHints":{"allow":["GET"]}}],"collection":[{"href":"https:\/\/tvbrazilusa.com\/pt\/wp-json\/wp\/v2\/posts"}],"about":[{"href":"https:\/\/tvbrazilusa.com\/pt\/wp-json\/wp\/v2\/types\/post"}],"author":[{"embeddable":true,"href":"https:\/\/tvbrazilusa.com\/pt\/wp-json\/wp\/v2\/users\/1"}],"replies":[{"embeddable":true,"href":"https:\/\/tvbrazilusa.com\/pt\/wp-json\/wp\/v2\/comments?post=63441"}],"version-history":[{"count":1,"href":"https:\/\/tvbrazilusa.com\/pt\/wp-json\/wp\/v2\/posts\/63441\/revisions"}],"predecessor-version":[{"id":63443,"href":"https:\/\/tvbrazilusa.com\/pt\/wp-json\/wp\/v2\/posts\/63441\/revisions\/63443"}],"wp:featuredmedia":[{"embeddable":true,"href":"https:\/\/tvbrazilusa.com\/pt\/wp-json\/wp\/v2\/media\/63442"}],"wp:attachment":[{"href":"https:\/\/tvbrazilusa.com\/pt\/wp-json\/wp\/v2\/media?parent=63441"}],"wp:term":[{"taxonomy":"category","embeddable":true,"href":"https:\/\/tvbrazilusa.com\/pt\/wp-json\/wp\/v2\/categories?post=63441"},{"taxonomy":"post_tag","embeddable":true,"href":"https:\/\/tvbrazilusa.com\/pt\/wp-json\/wp\/v2\/tags?post=63441"}],"curies":[{"name":"wp","href":"https:\/\/api.w.org\/{rel}","templated":true}]}}