{"id":63444,"date":"2024-11-21T19:06:11","date_gmt":"2024-11-21T19:06:11","guid":{"rendered":"https:\/\/tvbrazilusa.com\/2024\/11\/21\/agora-pf-faz-nova-acusacao-contra-felipe-martins\/"},"modified":"2024-11-21T19:06:13","modified_gmt":"2024-11-21T19:06:13","slug":"agora-pf-faz-nova-acusacao-contra-felipe-martins","status":"publish","type":"post","link":"https:\/\/tvbrazilusa.com\/pt\/2024\/11\/21\/agora-pf-faz-nova-acusacao-contra-felipe-martins\/","title":{"rendered":"AGORA: PF faz nova acusa\u00e7\u00e3o contra Felipe Martins"},"content":{"rendered":"<p> <script async src=\"https:\/\/pagead2.googlesyndication.com\/pagead\/js\/adsbygoogle.js?client=ca-pub-8864793242727901\"\r\n     crossorigin=\"anonymous\"><\/script><br \/>\n<\/p>\n<div>\n<figure class=\"post-image\">\n<\/figure>\n<p>            <span style=\"font-size: 12px\">Foto: Reprodu\u00e7\u00e3o\/Redes sociais<\/span><\/p>\n<p>            <!-- end metas --><br \/>\n            <!-- ADS --><\/p>\n<div id=\"taboola-read-more\" style=\"display:block; width:100%\">\n<p>Ex-assessor para assuntos internacionais do ex-presidente Jair Bolsonaro, Filipe Martins chegou a ser preso em fevereiro deste ano na opera\u00e7\u00e3o Tempus Veritatis. Ele \u00e9 suspeito de participa\u00e7\u00e3o em um suposto esquema de golpe de Estado.\n<\/p>\n<p>Na representa\u00e7\u00e3o policial que culminou com autoriza\u00e7\u00e3o do STF para prender Filipe, no come\u00e7o do ano, a PF afirmou que o ex-assessor burlou o sistema migrat\u00f3rio e n\u00e3o \u201crealizou o procedimento de sa\u00edda com o passaporte em territ\u00f3rio nacional\u201d.<\/p>\n<p>Apesar disso, o passaporte dele continha registro de entrada nos Estados Unidos. Os registros constam no controle migrat\u00f3rio norte-americano.\n<\/p>\n<p>No relat\u00f3rio do \u201cinqu\u00e9rito do golpe\u201d, que a Pol\u00edcia Federal vai entregar nesta quinta-feira (21) ao STF, os investigadores defendem a seguinte tese: \u201cTudo indica que algu\u00e9m apresentou o passaporte dele entre os integrantes da comitiva presidencial, embora ele n\u00e3o estivesse na comitiva\u201d.\n<\/p>\n<p>Sebasti\u00e3o Coelho da Silva, advogado de Filipe, a afirma\u00e7\u00e3o do relat\u00f3rio n\u00e3o consegue se sustentar. \u201cVejo com naturalidade eventual cita\u00e7\u00e3o do nome de Filipe em rela\u00e7\u00e3o \u00e0 viagem, pois a PF precisa tentar justificar o que fez. N\u00e3o conseguir\u00e1!\u201d, afirmou o advogado.<\/p>\n<p>Fonte: R7              <\/p>\n<\/div>\n<p>                        <!-- Scripts para conteudo --><\/p>\n<p>            <!-- .\/Scripts para conteudo --><br \/>\n            <!-- .\/Mat\u00e9ria --><\/p>\n<div class=\"row mt-3\">\n<div class=\"col-sm-6\">\n                <!-- Whatsapp channel 3--><br \/>\n                <a href=\"https:\/\/chat.whatsapp.com\/J6hwSKYns5B0XFowx2wZ0P\" target=\"_blank\"><br \/>\n                  <img decoding=\"async\" src=\"https:\/\/diariodobrasilnoticias.com.br\/assets-site\/images\/bot_whatsapp.png\"\/><\/a>\n              <\/div>\n<div class=\"col-sm-6\">\n                <a href=\"https:\/\/t.me\/+_4gTmi5LKo03OTM5\" target=\"_blank\"><br \/>\n                  <img decoding=\"async\" src=\"https:\/\/diariodobrasilnoticias.com.br\/assets-site\/images\/bot_telegram.png\"\/><\/a>\n              <\/div>\n<\/p><\/div>\n<p>            <!-- end post-navigation --><\/p>\n<p>              <!-- end row --><\/p>\n<p>              <!-- end col-12-->\n                      <\/div>\n<p><br \/>\n<br \/><a href=\"https:\/\/diariodobrasilnoticias.com.br\/noticia\/agora-pf-faz-nova-acusacao-contra-felipe-martins-673f627e793a0\">Source link <\/a><\/p>","protected":false},"excerpt":{"rendered":"<p>Foto: Reprodu\u00e7\u00e3o\/Redes sociais Ex-assessor para assuntos internacionais do ex-presidente Jair Bolsonaro, Filipe Martins chegou a ser preso em fevereiro deste ano na opera\u00e7\u00e3o Tempus Veritatis. Ele \u00e9 suspeito de participa\u00e7\u00e3o&hellip;<\/p>","protected":false},"author":1,"featured_media":63445,"comment_status":"closed","ping_status":"open","sticky":false,"template":"","format":"standard","meta":{"content-type":"","footnotes":""},"categories":[16],"tags":[123,2448,5313,1267],"class_list":["post-63444","post","type-post","status-publish","format-standard","has-post-thumbnail","hentry","category-noticias","tag-brasil","tag-diario","tag-noticia","tag-noticias"],"_links":{"self":[{"href":"https:\/\/tvbrazilusa.com\/pt\/wp-json\/wp\/v2\/posts\/63444","targetHints":{"allow":["GET"]}}],"collection":[{"href":"https:\/\/tvbrazilusa.com\/pt\/wp-json\/wp\/v2\/posts"}],"about":[{"href":"https:\/\/tvbrazilusa.com\/pt\/wp-json\/wp\/v2\/types\/post"}],"author":[{"embeddable":true,"href":"https:\/\/tvbrazilusa.com\/pt\/wp-json\/wp\/v2\/users\/1"}],"replies":[{"embeddable":true,"href":"https:\/\/tvbrazilusa.com\/pt\/wp-json\/wp\/v2\/comments?post=63444"}],"version-history":[{"count":1,"href":"https:\/\/tvbrazilusa.com\/pt\/wp-json\/wp\/v2\/posts\/63444\/revisions"}],"predecessor-version":[{"id":63446,"href":"https:\/\/tvbrazilusa.com\/pt\/wp-json\/wp\/v2\/posts\/63444\/revisions\/63446"}],"wp:featuredmedia":[{"embeddable":true,"href":"https:\/\/tvbrazilusa.com\/pt\/wp-json\/wp\/v2\/media\/63445"}],"wp:attachment":[{"href":"https:\/\/tvbrazilusa.com\/pt\/wp-json\/wp\/v2\/media?parent=63444"}],"wp:term":[{"taxonomy":"category","embeddable":true,"href":"https:\/\/tvbrazilusa.com\/pt\/wp-json\/wp\/v2\/categories?post=63444"},{"taxonomy":"post_tag","embeddable":true,"href":"https:\/\/tvbrazilusa.com\/pt\/wp-json\/wp\/v2\/tags?post=63444"}],"curies":[{"name":"wp","href":"https:\/\/api.w.org\/{rel}","templated":true}]}}