{"id":63470,"date":"2024-11-21T19:55:59","date_gmt":"2024-11-21T19:55:59","guid":{"rendered":"https:\/\/tvbrazilusa.com\/2024\/11\/21\/cid-chega-ao-stf-para-depor-a-moraes-sobre-omissoes-em-delegacao-veja-video\/"},"modified":"2024-11-21T19:56:00","modified_gmt":"2024-11-21T19:56:00","slug":"cid-chega-ao-stf-para-depor-a-moraes-sobre-omissoes-em-delegacao-veja-video","status":"publish","type":"post","link":"https:\/\/tvbrazilusa.com\/pt\/2024\/11\/21\/cid-chega-ao-stf-para-depor-a-moraes-sobre-omissoes-em-delegacao-veja-video\/","title":{"rendered":"Cid chega ao STF para depor a Moraes sobre omiss\u00f5es em delega\u00e7\u00e3o; VEJA V\u00cdDEO"},"content":{"rendered":"<p> <script async src=\"https:\/\/pagead2.googlesyndication.com\/pagead\/js\/adsbygoogle.js?client=ca-pub-8864793242727901\"\r\n     crossorigin=\"anonymous\"><\/script><br \/>\n<\/p>\n<div id=\"taboola-read-more\" style=\"display:block; width:100%\">\n<p>O tenente-coronel Mauro Cid chegou ao STF (Supremo Tribunal Federal) na tarde desta quinta-feira (21) para depor sobre o suposto descumprimento do acordo de dela\u00e7\u00e3o premiada fechado com a Pol\u00edcia Federal. Alexandre de Moraes vai conduzir o interrogat\u00f3rio. Ser\u00e1 a primeira vez que Cid ter\u00e1 de responder a perguntas do ministro.\n<\/p>\n<p><strong>V\u00cdDEO:<\/strong><\/p>\n<p>Fonte: @folhadespaulo              <\/p>\n<\/div>\n<p><br \/>\n<br \/><a href=\"https:\/\/diariodobrasilnoticias.com.br\/noticia\/cid-chega-ao-stf-para-depor-a-moraes-sobre-omissoes-em-delegacao-veja-video-673f757e3c1fc\">Source link <\/a><\/p>","protected":false},"excerpt":{"rendered":"<p>O tenente-coronel Mauro Cid chegou ao STF (Supremo Tribunal Federal) na tarde desta quinta-feira (21) para depor sobre o suposto descumprimento do acordo de dela\u00e7\u00e3o premiada fechado com a Pol\u00edcia&hellip;<\/p>","protected":false},"author":1,"featured_media":63471,"comment_status":"closed","ping_status":"open","sticky":false,"template":"","format":"standard","meta":{"content-type":"","footnotes":""},"categories":[16],"tags":[123,2448,5313,1267],"class_list":["post-63470","post","type-post","status-publish","format-standard","has-post-thumbnail","hentry","category-noticias","tag-brasil","tag-diario","tag-noticia","tag-noticias"],"_links":{"self":[{"href":"https:\/\/tvbrazilusa.com\/pt\/wp-json\/wp\/v2\/posts\/63470","targetHints":{"allow":["GET"]}}],"collection":[{"href":"https:\/\/tvbrazilusa.com\/pt\/wp-json\/wp\/v2\/posts"}],"about":[{"href":"https:\/\/tvbrazilusa.com\/pt\/wp-json\/wp\/v2\/types\/post"}],"author":[{"embeddable":true,"href":"https:\/\/tvbrazilusa.com\/pt\/wp-json\/wp\/v2\/users\/1"}],"replies":[{"embeddable":true,"href":"https:\/\/tvbrazilusa.com\/pt\/wp-json\/wp\/v2\/comments?post=63470"}],"version-history":[{"count":1,"href":"https:\/\/tvbrazilusa.com\/pt\/wp-json\/wp\/v2\/posts\/63470\/revisions"}],"predecessor-version":[{"id":63472,"href":"https:\/\/tvbrazilusa.com\/pt\/wp-json\/wp\/v2\/posts\/63470\/revisions\/63472"}],"wp:featuredmedia":[{"embeddable":true,"href":"https:\/\/tvbrazilusa.com\/pt\/wp-json\/wp\/v2\/media\/63471"}],"wp:attachment":[{"href":"https:\/\/tvbrazilusa.com\/pt\/wp-json\/wp\/v2\/media?parent=63470"}],"wp:term":[{"taxonomy":"category","embeddable":true,"href":"https:\/\/tvbrazilusa.com\/pt\/wp-json\/wp\/v2\/categories?post=63470"},{"taxonomy":"post_tag","embeddable":true,"href":"https:\/\/tvbrazilusa.com\/pt\/wp-json\/wp\/v2\/tags?post=63470"}],"curies":[{"name":"wp","href":"https:\/\/api.w.org\/{rel}","templated":true}]}}