{"id":63486,"date":"2024-11-21T20:11:40","date_gmt":"2024-11-21T20:11:40","guid":{"rendered":"https:\/\/tvbrazilusa.com\/2024\/11\/21\/mae-alega-que-seu-filho-foi-repetidamente-agredido-por-um-aluno-mais-velho-no-onibus-escolar-processa-palmer-empresa-de-onibus\/"},"modified":"2024-11-21T20:13:20","modified_gmt":"2024-11-21T20:13:20","slug":"mae-alega-que-seu-filho-foi-repetidamente-agredido-por-um-aluno-mais-velho-no-onibus-escolar-processa-palmer-empresa-de-onibus","status":"publish","type":"post","link":"https:\/\/tvbrazilusa.com\/pt\/2024\/11\/21\/mae-alega-que-seu-filho-foi-repetidamente-agredido-por-um-aluno-mais-velho-no-onibus-escolar-processa-palmer-empresa-de-onibus\/","title":{"rendered":"M\u00e3e alega que seu filho foi repetidamente agredido por um aluno mais velho no \u00f4nibus escolar, processa Palmer, empresa de \u00f4nibus"},"content":{"rendered":"<script async src=\"https:\/\/pagead2.googlesyndication.com\/pagead\/js\/adsbygoogle.js?client=ca-pub-8864793242727901\"\r\n     crossorigin=\"anonymous\"><\/script>\n<div id=\"\">\n<header class=\"m-article-header m-article-header--standard\">\n\t\t\t\t\t\t\t\t\t\t\t\t<span id=\"article-header-primary-term\"><br \/>\n\t\t\t\t\t\t\t\t<a class=\"a-term a-term--primary\" href=\"https:\/\/www.boston.com\/tag\/crime\/\"><\/p>\n<p>\t\t\t\t\t\t\t\tCrime\t\t\t\t\t\t\t\t<\/a><br \/>\n\t\t\t\t\t\t\t<\/span><\/p>\n<h2 class=\"m-article-header__sub-headline\">Durante o ano letivo de 2021-22, o menino frequentemente voltava da escola coberto de hematomas, de acordo com o processo.<\/h2>\n<figure class=\"a-photo m-article-header__photo\"><figcaption class=\"a-photo__caption\">\n\t<em> <\/em>\t<\/figcaption><\/figure>\n<\/header>\n<p>A m\u00e3e de um ex-aluno da segunda s\u00e9rie da Old Mill Pond Elementary School, em Palmer, est\u00e1 processando a cidade e tamb\u00e9m a empresa que administra os \u00f4nibus escolares de Palmer, onde ela alega que ele foi espancado dia ap\u00f3s dia por um aluno mais velho. <\/p>\n<p>A queixa, apresentada na semana passada no Tribunal Superior de Hampden pela m\u00e3e do menino, Susan Fitzgerald, descreve as condi\u00e7\u00f5es angustiantes do \u00f4nibus escolar: 72 estudantes lotados em um \u00f4nibus destinado a um m\u00e1ximo de 25 pessoas, muitas vezes for\u00e7ando tr\u00eas crian\u00e7as a dividir um assento. <\/p>\n<p>A partir de 24 de setembro de 2021, seu filho supostamente come\u00e7ou a voltar para casa com \u201cgrandes caro\u00e7os machucados no lado direito da testa, grandes hematomas no corpo e pequenos hematomas redondos nas bochechas\u201d, reclamando de dores de cabe\u00e7a \u201cquase diariamente\u201d. base\u201d, bem como dores nas m\u00e3os e pulsos. <\/p>\n<p>\u201cO menor continuou a queixar-se constantemente de dores de cabe\u00e7a e cansa\u00e7o, afirmando que &#8216;n\u00e3o se sente bem&#8217; na hora de ir para a escola e quando volta da escola para casa\u201d, diz a den\u00fancia. <\/p>\n<p>O menino relatou incidentes espec\u00edficos a Laura Coulombe, uma paraprofissional no \u00f4nibus, mas nenhum funcion\u00e1rio da escola contatou sua fam\u00edlia sobre os relatos. Ele descreveu incidentes semelhantes para sua m\u00e3e. <\/p>\n<p>\u201cOutro estudante, mais velho, muitas vezes colocava uma das m\u00e3os na nuca do menor, a outra na boca do menor, e batia a cabe\u00e7a na janela do \u00f4nibus\u201d, diz a den\u00fancia. \u201cMenor descreveu que o perpetrador n\u00e3o permitiu que ele falasse ou gritasse por ajuda e que teve dificuldade para respirar durante esses incidentes.\u201d <\/p>\n<p>O menino relatou que era agredido quase todos os dias pelo mesmo agressor, que era pelo menos dois anos mais velho que ele. <\/p>\n<p>A a\u00e7\u00e3o, movida pela advogada de Belchertown, Carrie B. White, tem como alvo a cidade de Palmer, bem como a JP McCarthy &#038; Sons, a empresa que opera os \u00f4nibus. Observa que estes alegados incidentes ocorreram na frente de dezenas de outros estudantes, bem como de funcion\u00e1rios adultos da escola, e embora a m\u00e3e do rapaz tenha ido ter com os funcion\u00e1rios da escola, recebeu pouca ajuda. <\/p>\n<p>Depois de entrar em contato repetidamente com Old Mill Pond, Fitzgerald conseguiu uma reuni\u00e3o com o diretor e o diretor de transporte das Escolas P\u00fablicas de Palmer em 23 de novembro de 2021. O diretor de transporte n\u00e3o compareceu, mas o diretor prometeu solicitar imagens de seguran\u00e7a da empresa de \u00f4nibus, de acordo com o processo.<\/p>\n<p>Em 2 de dezembro de 2021<strong>, <\/strong>Fitzgerald ligou para a empresa de \u00f4nibus e foi informado de que a filmagem nunca havia sido solicitada. <\/p>\n<p>No dia 28 de fevereiro de 2022, o menino foi retirado da aula pela orientadora escolar e questionado se ele estava se machucando em casa, de t\u00e3o evidentes os ferimentos.<\/p>\n<p>Fitzgerald teria ent\u00e3o recebido uma ordem de proibi\u00e7\u00e3o de invas\u00e3o assinada pela superintendente da escola p\u00fablica Palmer, Patricia Gardner, sem aviso pr\u00e9vio sobre o motivo da restri\u00e7\u00e3o ou a oportunidade de contest\u00e1-la. Ela havia sido aconselhada pela escola a deixar e buscar o filho como solu\u00e7\u00e3o para o suposto abuso de \u00f4nibus, mas como ela n\u00e3o tinha mais permiss\u00e3o para entrar na escola, o menino teve que faltar \u00e0 escola porque ela n\u00e3o conseguiu encontrar outro transporte para ele. Quando seu pai o levava para a escola, ele precisava faltar ao trabalho, o que era financeiramente prejudicial para a fam\u00edlia.<\/p>\n<p>A den\u00fancia diz que ela contatou v\u00e1rias ag\u00eancias \u2013 o Departamento de Pol\u00edcia de Palmer, o administrador municipal de Palmer, membros do Comit\u00ea Escolar de Palmer, bem como seu presidente, o Departamento de Educa\u00e7\u00e3o Elementar e Secund\u00e1ria de Massachusetts e o Departamento de Crian\u00e7as e Fam\u00edlias de Massachusetts \u2013 mas n\u00e3o recebeu nenhum ajuda. Seu filho sofreu de depress\u00e3o, ansiedade e TEPT, al\u00e9m de les\u00f5es f\u00edsicas, devido aos acontecimentos do ano letivo de 2021-22 e, como resultado, teve que se envolver em aconselhamento de sa\u00fade mental. <\/p>\n<p>Ela est\u00e1 processando por \u201ccontas, contas m\u00e9dicas, perda de sal\u00e1rio, ansiedade, depress\u00e3o, TEPT agudo, ferimentos na cabe\u00e7a, incluindo contus\u00f5es e incha\u00e7o\u201d, de acordo com a den\u00fancia. <\/p>\n<p>\u201cO autor alega que o pessoal da escola e do \u00f4nibus da JP McCarthy and Sons, LLC destruiu conscientemente as provas, instou a crian\u00e7a a n\u00e3o revelar, disse \u00e0 sua m\u00e3e para n\u00e3o denunciar os incidentes e ignorou intencionalmente as reclama\u00e7\u00f5es da m\u00e3e\u201d, diz o documento. \u201cA cidade de Palmer tentou silenciar a Requerente de lutar pelos direitos dela e de seu filho, impondo-lhe uma ordem de proibi\u00e7\u00e3o de invas\u00e3o para que ela n\u00e3o pudesse estar presente na escola.\u201d <\/p>\n<p>Os r\u00e9us ainda n\u00e3o responderam.<\/p>\n<div class=\"m-block m-generic-cta\t m-generic-cta--post-content\t m-generic-cta--dark\t m-generic-cta--homepage\t m-generic-cta--email-signup\t\t m-generic-cta-block-style--default \tt-amp__generic-cta\"><\/p>\n<div class=\"m-generic-cta__wrap\">\n<div class=\"m-generic-cta__content\">\n<h3 class=\"m-generic-cta__title\">Boston.com hoje<\/h3>\n<p class=\"m-generic-cta__subtitle\">Inscreva-se para receber as \u00faltimas manchetes em sua caixa de entrada todas as manh\u00e3s.<\/p>\n<\/p><\/div>\n<\/p><\/div>\n<\/div><\/div>\n<p><script>\n\t\tvar consent=\"grant\";\n\t\t\/* The above code is parsing the JSON data from the local storage and storing it in a variable. *\/\n\t\t\t\t\tconst onetrustStorageConsent = JSON.parse(localStorage.getItem( 'consent_one_trust_bdc' ) );\n\t\t\tif ( ( onetrustStorageConsent !== null ) ) {\n\t\t\t\t\/* Checking to see if the user has consented to the use of cookies.\n\t\t\t\t* If they have not, it is deleting the cookie.\n\t\t\t\t* This will comment for now, until further notice.\n\t\t\t\t*\/\n\t\t\t\t\/\/if ( onetrustStorageConsent.C0002 === false ) {\n\t\t\t\t\/\/\tdocument.cookie=\"_fbp=;expires=Thu, 01 Jan 2010 00:00:00 UTC; path=\/; domain=.boston.com\";\n\t\t\t\t\/\/}\n\t\t\t\t\/* Checking if the user has given consent for the cookie C0002.\n\t\t\t\t* If the user has given consent, the variable consent will be set to 'grant'.\n\t\t\t\t* If the user has not given consent,the variable consent will be set to 'revoke'.\n\t\t\t\t* Documentation https:\/\/developers.facebook.com\/docs\/meta-pixel\/implementation\/gdpr\n\t\t\t\t*\/\n\t\t\t\tif ( onetrustStorageConsent.C0002 !== true ) {\n\t\t\t\t\tconsent=\"revoke\";\n\t\t\t\t}\n\t\t\t}\n\t\t\t\t!function(f,b,e,v,n,t,s)\n\t\t{if(f.fbq)return;n=f.fbq=function(){n.callMethod?\n\t\tn.callMethod.apply(n,arguments):n.queue.push(arguments)};\n\t\tif(!f._fbq)f._fbq=n;n.push=n;n.loaded=!0;n.version='2.0';\n\t\tn.queue=[];t=b.createElement(e);t.async=!0;\n\t\tt.src=v;s=b.getElementsByTagName(e)[0];\n\t\ts.parentNode.insertBefore(t,s)}(window, document,'script',\n\t\t'https:\/\/connect.facebook.net\/en_US\/fbevents.js');\n\t\tfbq('consent', consent);\n\t\tfbq('init', '989222871864976');\n\t\tfbq('track', 'PageView');\n\t<\/script><script type=\"module\">\n\t\tvar consent=\"grant\";\n\t\t\/* The above code is parsing the JSON data from the local storage and storing it in a variable. *\/\n\t\t\tconst onetrustStorageConsent = JSON.parse(localStorage.getItem( 'consent_one_trust_bdc' ) );\n\t\t\t\/* Checking to see if the user has consented to the use of cookies.\n\t\t\t* If they have not, it is deleting the cookie.\n\t\t\t* This will comment for now, until further notice.\n\t\t\t*\/\n\t\t\t\/\/if ( onetrustStorageConsent.C0002 === false ) {\n\t\t\t\/\/\tdocument.cookie=\"_fbp=;expires=Thu, 01 Jan 2010 00:00:00 UTC; path=\/; domain=.boston.com\";\n\t\t\t\/\/}\n\t\t\t\/* Checking if the user has given consent for the cookie C0002.\n\t\t\t* If the user has given consent, the variable consent will be set to 'grant'.\n\t\t\t* If the user has not given consent,the variable consent will be set to 'revoke'.\n\t\t\t* Documentation https:\/\/developers.facebook.com\/docs\/meta-pixel\/implementation\/gdpr\n\t\t\t*\/\n\t\t\tif ( ( onetrustStorageConsent !== null ) && (onetrustStorageConsent.C0002 !== true ) ) {\n\t\t\t\tconsent=\"revoke\";\n\t\t\t}\n\t\t\t\t!function(f,b,e,v,n,t,s){if(f.fbq)return;n=f.fbq=function()\n\t\t{n.callMethod? n.callMethod.apply(n,arguments):n.queue.push(arguments)}\n\t\t;if(!f._fbq)f._fbq=n;\n\t\tn.push=n;n.loaded=!0;n.version='2.0';n.queue=[];t=b.createElement(e);t.async=!0;\n\t\tt.src=v;s=b.getElementsByTagName(e)[0];s.parentNode.insertBefore(t,s)}(window,\n\t\tdocument,'script','https:\/\/connect.facebook.net\/en_US\/fbevents.js');\n\t\tfbq('consent', consent);\n\t\tfbq('init', '813236348753005');\n\t\tfbq('track', \"PageView\");\n\t<\/script><br \/>\n<br \/><br \/>\n<br \/><a href=\"https:\/\/www.boston.com\/news\/crime\/2024\/11\/21\/lawsuit-mother-alleges-son-repeated-assault-by-older-student-palmer-bus-company\/\">Source link <\/a><\/p>","protected":false},"excerpt":{"rendered":"<p>Crime Durante o ano letivo de 2021-22, o menino frequentemente voltava da escola coberto de hematomas, de acordo com o processo. A m\u00e3e de um ex-aluno da segunda s\u00e9rie da&hellip;<\/p>","protected":false},"author":1,"featured_media":63487,"comment_status":"closed","ping_status":"open","sticky":false,"template":"","format":"standard","meta":{"content-type":"","footnotes":""},"categories":[1],"tags":[],"class_list":["post-63486","post","type-post","status-publish","format-standard","has-post-thumbnail","hentry","category-uncategorized"],"_links":{"self":[{"href":"https:\/\/tvbrazilusa.com\/pt\/wp-json\/wp\/v2\/posts\/63486","targetHints":{"allow":["GET"]}}],"collection":[{"href":"https:\/\/tvbrazilusa.com\/pt\/wp-json\/wp\/v2\/posts"}],"about":[{"href":"https:\/\/tvbrazilusa.com\/pt\/wp-json\/wp\/v2\/types\/post"}],"author":[{"embeddable":true,"href":"https:\/\/tvbrazilusa.com\/pt\/wp-json\/wp\/v2\/users\/1"}],"replies":[{"embeddable":true,"href":"https:\/\/tvbrazilusa.com\/pt\/wp-json\/wp\/v2\/comments?post=63486"}],"version-history":[{"count":1,"href":"https:\/\/tvbrazilusa.com\/pt\/wp-json\/wp\/v2\/posts\/63486\/revisions"}],"predecessor-version":[{"id":63488,"href":"https:\/\/tvbrazilusa.com\/pt\/wp-json\/wp\/v2\/posts\/63486\/revisions\/63488"}],"wp:featuredmedia":[{"embeddable":true,"href":"https:\/\/tvbrazilusa.com\/pt\/wp-json\/wp\/v2\/media\/63487"}],"wp:attachment":[{"href":"https:\/\/tvbrazilusa.com\/pt\/wp-json\/wp\/v2\/media?parent=63486"}],"wp:term":[{"taxonomy":"category","embeddable":true,"href":"https:\/\/tvbrazilusa.com\/pt\/wp-json\/wp\/v2\/categories?post=63486"},{"taxonomy":"post_tag","embeddable":true,"href":"https:\/\/tvbrazilusa.com\/pt\/wp-json\/wp\/v2\/tags?post=63486"}],"curies":[{"name":"wp","href":"https:\/\/api.w.org\/{rel}","templated":true}]}}