{"id":63609,"date":"2024-11-21T22:52:09","date_gmt":"2024-11-21T22:52:09","guid":{"rendered":"https:\/\/tvbrazilusa.com\/2024\/11\/21\/agora-alexandre-de-moraes-mantem-beneficios-da-delacao-de-mauro-cid\/"},"modified":"2024-11-21T22:52:11","modified_gmt":"2024-11-21T22:52:11","slug":"agora-alexandre-de-moraes-mantem-beneficios-da-delacao-de-mauro-cid","status":"publish","type":"post","link":"https:\/\/tvbrazilusa.com\/pt\/2024\/11\/21\/agora-alexandre-de-moraes-mantem-beneficios-da-delacao-de-mauro-cid\/","title":{"rendered":"AGORA: Alexandre de Moraes mant\u00e9m benef\u00edcios da dela\u00e7\u00e3o de Mauro Cid"},"content":{"rendered":"<p> <script async src=\"https:\/\/pagead2.googlesyndication.com\/pagead\/js\/adsbygoogle.js?client=ca-pub-8864793242727901\"\r\n     crossorigin=\"anonymous\"><\/script><br \/>\n<\/p>\n<div id=\"taboola-read-more\" style=\"display:block; width:100%\">\n<p>O ministro Alexandre de Moraes, do Supremo Tribunal Federal (STF), manteve os benef\u00edcios da dela\u00e7\u00e3o do tenente-coronel Mauro Cid \u2014 ex-ajudante de ordens do ex-presidente Jair Bolsonaro (PL).\n<\/p>\n<p>O militar prestou depoimento ao magistrado nesta quinta-feira (21) ap\u00f3s a Pol\u00edcia Federal apontar omiss\u00f5es e contradi\u00e7\u00f5es do militar em informa\u00e7\u00f5es dadas no acordo de dela\u00e7\u00e3o premiada. O depoimento durou cerca de tr\u00eas horas.<\/p>\n<p>Moraes considerou que o militar esclareceu as omiss\u00f5es e contradi\u00e7\u00f5es apontadas.\n<\/p>\n<p>Fonte: CNN Brasil              <\/p>\n<\/div>\n<p><br \/>\n<br \/><a href=\"https:\/\/diariodobrasilnoticias.com.br\/noticia\/agora-alexandre-de-moraes-mantem-beneficios-da-delacao-de-mauro-cid-673f9b5d0a059\">Source link <\/a><\/p>","protected":false},"excerpt":{"rendered":"<p>O ministro Alexandre de Moraes, do Supremo Tribunal Federal (STF), manteve os benef\u00edcios da dela\u00e7\u00e3o do tenente-coronel Mauro Cid \u2014 ex-ajudante de ordens do ex-presidente Jair Bolsonaro (PL). O militar&hellip;<\/p>","protected":false},"author":1,"featured_media":63610,"comment_status":"closed","ping_status":"open","sticky":false,"template":"","format":"standard","meta":{"content-type":"","footnotes":""},"categories":[16],"tags":[123,2448,5313,1267],"class_list":["post-63609","post","type-post","status-publish","format-standard","has-post-thumbnail","hentry","category-noticias","tag-brasil","tag-diario","tag-noticia","tag-noticias"],"_links":{"self":[{"href":"https:\/\/tvbrazilusa.com\/pt\/wp-json\/wp\/v2\/posts\/63609","targetHints":{"allow":["GET"]}}],"collection":[{"href":"https:\/\/tvbrazilusa.com\/pt\/wp-json\/wp\/v2\/posts"}],"about":[{"href":"https:\/\/tvbrazilusa.com\/pt\/wp-json\/wp\/v2\/types\/post"}],"author":[{"embeddable":true,"href":"https:\/\/tvbrazilusa.com\/pt\/wp-json\/wp\/v2\/users\/1"}],"replies":[{"embeddable":true,"href":"https:\/\/tvbrazilusa.com\/pt\/wp-json\/wp\/v2\/comments?post=63609"}],"version-history":[{"count":1,"href":"https:\/\/tvbrazilusa.com\/pt\/wp-json\/wp\/v2\/posts\/63609\/revisions"}],"predecessor-version":[{"id":63611,"href":"https:\/\/tvbrazilusa.com\/pt\/wp-json\/wp\/v2\/posts\/63609\/revisions\/63611"}],"wp:featuredmedia":[{"embeddable":true,"href":"https:\/\/tvbrazilusa.com\/pt\/wp-json\/wp\/v2\/media\/63610"}],"wp:attachment":[{"href":"https:\/\/tvbrazilusa.com\/pt\/wp-json\/wp\/v2\/media?parent=63609"}],"wp:term":[{"taxonomy":"category","embeddable":true,"href":"https:\/\/tvbrazilusa.com\/pt\/wp-json\/wp\/v2\/categories?post=63609"},{"taxonomy":"post_tag","embeddable":true,"href":"https:\/\/tvbrazilusa.com\/pt\/wp-json\/wp\/v2\/tags?post=63609"}],"curies":[{"name":"wp","href":"https:\/\/api.w.org\/{rel}","templated":true}]}}