{"id":63618,"date":"2024-11-21T23:03:54","date_gmt":"2024-11-21T23:03:54","guid":{"rendered":"https:\/\/tvbrazilusa.com\/2024\/11\/21\/urgente-bolsonaro-se-manifesta-sobre-indiciamento-da-policia-federal\/"},"modified":"2024-11-21T23:03:55","modified_gmt":"2024-11-21T23:03:55","slug":"urgente-bolsonaro-se-manifesta-sobre-indiciamento-da-policia-federal","status":"publish","type":"post","link":"https:\/\/tvbrazilusa.com\/pt\/2024\/11\/21\/urgente-bolsonaro-se-manifesta-sobre-indiciamento-da-policia-federal\/","title":{"rendered":"URGENTE: Bolsonaro se manifesta sobre indiciamento da Pol\u00edcia Federal"},"content":{"rendered":"<p> <script async src=\"https:\/\/pagead2.googlesyndication.com\/pagead\/js\/adsbygoogle.js?client=ca-pub-8864793242727901\"\r\n     crossorigin=\"anonymous\"><\/script><br \/>\n<\/p>\n<div id=\"taboola-read-more\" style=\"display:block; width:100%\">\n<p>O ex-presidente Jair Bolsonaro se manifestou, nesta quinta-feira, 21, depois de ser indiciado pela Pol\u00edcia Federal (PF) por suposto envolvimento no que seria uma tentativa de golpe de Estado. De acordo com a den\u00fancia, isso teria ocorrido depois da vit\u00f3ria do presidente Luiz In\u00e1cio Lula da Silva em 2022.\n<\/p>\n<p>Em entrevista ao site Metr\u00f3poles, Bolsonaro citou Oeste ao criticar o ministro Alexandre de Moraes, do Supremo Tribunal Federal (STF). \u201cN\u00e3o posso esperar nada de uma equipe que \u2018usa a criatividade\u2019 para me denunciar\u201d, disse o ex-chefe do Executivo.<\/p>\n<p>A frase de Bolsonaro sobre \u201cusar a criatividade\u201d \u00e9 alus\u00e3o a uma mensagem de Airton Vieira, juiz instrutor do gabinete de Moraes no STF, a Eduardo Tagliaferro, ent\u00e3o chefe da Assessoria Especial de Enfrentamento \u00e0 Desinforma\u00e7\u00e3o do Tribunal Superior Eleitoral (TSE). Isso ocorreu em dezembro de 2022. Na ocasi\u00e3o, Vieira disse aquela frase porque Tagliaferro estava com dificuldades para encontrar elementos que pudessem incriminar o trabalho jornal\u00edstico de Oeste.\n<\/p>\n<p>Bolsonaro diz que Moraes \u201cfaz tudo o que n\u00e3o diz a lei\u201d<br \/>Al\u00e9m disso, o ex-presidente criticou o fato de o ministro conduzir todo o inqu\u00e9rito. \u201cEle ajusta depoimentos, prende sem den\u00fancia, faz pesca probat\u00f3ria e tem uma assessoria bastante criativa\u201d, afirmou Bolsonaro. \u201cFaz tudo o que n\u00e3o diz a lei\u201d.\n<\/p>\n<p>Ele ainda afirmou n\u00e3o ter conhecimento do conte\u00fado da den\u00fancia. Al\u00e9m disso, disse que vai esperar o posicionamento de seu advogado. \u201cIsso, obviamente, vai para a Procuradoria-Geral da Rep\u00fablica (PGR)\u201d, disse. \u201c\u00c9 na PGR que come\u00e7a a luta.\u201d\n<\/p>\n<p>PF indicia Bolsonaro, Braga Neto e mais 35\n<\/p>\n<p>De acordo com o relat\u00f3rio, que tem mais de 800 p\u00e1ginas, Bolsonaro, Braga Netto e demais aliados cometeram tamb\u00e9m aboli\u00e7\u00e3o violenta do Estado Democr\u00e1tico de Direito. A den\u00fancia tamb\u00e9m ainda que eles montaram uma \u201corganiza\u00e7\u00e3o criminosa\u201d.\n<\/p>\n<p>A PF encaminhou o processo para o STF, que pedir\u00e1 manifesta\u00e7\u00e3o da PGR. Se a PGR entender que h\u00e1 ind\u00edcios de crime e apresentar uma den\u00fancia, caber\u00e1 ao STF determinar se os investigados v\u00e3o virar r\u00e9us.\n<\/p>\n<p>Fonte: Revista Oeste              <\/p>\n<\/div>\n<p><br \/>\n<br \/><a href=\"https:\/\/diariodobrasilnoticias.com.br\/noticia\/urgente-bolsonaro-se-manifesta-sobre-indiciamento-da-policia-federal-673f9ab15bb28\">Source link <\/a><\/p>","protected":false},"excerpt":{"rendered":"<p>O ex-presidente Jair Bolsonaro se manifestou, nesta quinta-feira, 21, depois de ser indiciado pela Pol\u00edcia Federal (PF) por suposto envolvimento no que seria uma tentativa de golpe de Estado. De&hellip;<\/p>","protected":false},"author":1,"featured_media":63619,"comment_status":"closed","ping_status":"open","sticky":false,"template":"","format":"standard","meta":{"content-type":"","footnotes":""},"categories":[16],"tags":[123,2448,5313,1267],"class_list":["post-63618","post","type-post","status-publish","format-standard","has-post-thumbnail","hentry","category-noticias","tag-brasil","tag-diario","tag-noticia","tag-noticias"],"_links":{"self":[{"href":"https:\/\/tvbrazilusa.com\/pt\/wp-json\/wp\/v2\/posts\/63618","targetHints":{"allow":["GET"]}}],"collection":[{"href":"https:\/\/tvbrazilusa.com\/pt\/wp-json\/wp\/v2\/posts"}],"about":[{"href":"https:\/\/tvbrazilusa.com\/pt\/wp-json\/wp\/v2\/types\/post"}],"author":[{"embeddable":true,"href":"https:\/\/tvbrazilusa.com\/pt\/wp-json\/wp\/v2\/users\/1"}],"replies":[{"embeddable":true,"href":"https:\/\/tvbrazilusa.com\/pt\/wp-json\/wp\/v2\/comments?post=63618"}],"version-history":[{"count":1,"href":"https:\/\/tvbrazilusa.com\/pt\/wp-json\/wp\/v2\/posts\/63618\/revisions"}],"predecessor-version":[{"id":63620,"href":"https:\/\/tvbrazilusa.com\/pt\/wp-json\/wp\/v2\/posts\/63618\/revisions\/63620"}],"wp:featuredmedia":[{"embeddable":true,"href":"https:\/\/tvbrazilusa.com\/pt\/wp-json\/wp\/v2\/media\/63619"}],"wp:attachment":[{"href":"https:\/\/tvbrazilusa.com\/pt\/wp-json\/wp\/v2\/media?parent=63618"}],"wp:term":[{"taxonomy":"category","embeddable":true,"href":"https:\/\/tvbrazilusa.com\/pt\/wp-json\/wp\/v2\/categories?post=63618"},{"taxonomy":"post_tag","embeddable":true,"href":"https:\/\/tvbrazilusa.com\/pt\/wp-json\/wp\/v2\/tags?post=63618"}],"curies":[{"name":"wp","href":"https:\/\/api.w.org\/{rel}","templated":true}]}}