{"id":63642,"date":"2024-11-21T23:46:10","date_gmt":"2024-11-21T23:46:10","guid":{"rendered":"https:\/\/tvbrazilusa.com\/2024\/11\/21\/gonet-se-opos-a-prisao-de-cid-apos-depoimento-a-moraes\/"},"modified":"2024-11-21T23:46:12","modified_gmt":"2024-11-21T23:46:12","slug":"gonet-se-opos-a-prisao-de-cid-apos-depoimento-a-moraes","status":"publish","type":"post","link":"https:\/\/tvbrazilusa.com\/pt\/2024\/11\/21\/gonet-se-opos-a-prisao-de-cid-apos-depoimento-a-moraes\/","title":{"rendered":"Gonet se op\u00f4s \u00e0 pris\u00e3o de Cid ap\u00f3s depoimento a Moraes"},"content":{"rendered":"<p> <script async src=\"https:\/\/pagead2.googlesyndication.com\/pagead\/js\/adsbygoogle.js?client=ca-pub-8864793242727901\"\r\n     crossorigin=\"anonymous\"><\/script><br \/>\n<\/p>\n<div id=\"taboola-read-more\" style=\"display:block; width:100%\">\n<p>O procurador-geral da Rep\u00fablica, Paulo Gonet, foi contra a pris\u00e3o de Mauro Cid, ex-ajudante de ordens da presid\u00eancia da Rep\u00fablica, que prestou depoimento nesta quinta-feira,21, ao ministro Alexandre de Moraes, do Supremo Tirbunal Federal.\n<\/p>\n<p>De acordo com interlocutores, os esclarecimentos dados por Mauro Cid foram considerados adequados. Com isso, Gonet resolveu mudar a posi\u00e7\u00e3o que havia sido expressa pela PGR ao STF no in\u00edcio da semana, quando defendia a pris\u00e3o do militar. Moraes concordou com a libera\u00e7\u00e3o de Cid.<\/p>\n<p>Gonet participou da sess\u00e3o por videoconfer\u00eancia, enquanto um representante da PGR estava no STF para acompanhar a audi\u00eancia. Segundo o jornal O Globo, depois das explica\u00e7\u00f5es de Mauro Cid, Gonet se posicionou contra a pris\u00e3o.\n<\/p>\n<p>Mauro Cid foi acusado de esconder informa\u00e7\u00f5es e apagar provas que poderiam revelar uma \u201cconspira\u00e7\u00e3o golpista\u201d com planos n\u00e3o s\u00f3 para barrar a posse de Lula, mas tamb\u00e9m para assassinar o presidente, o vice Geraldo Alckmin e Alexandre de Moraes.\n<\/p>\n<p>Os indiciamentos<br \/>No mesmo dia, a Pol\u00edcia Federal indiciou o ex-presidente Jair Bolsonaro, al\u00e9m dos ex-ministros Braga Netto, Augusto Heleno e Paulo S\u00e9rgio Nogueira, junto com outras 33 pessoas. Eles foram acusados de tentativa de golpe, ataque ao Estado democr\u00e1tico de direito e forma\u00e7\u00e3o de organiza\u00e7\u00e3o criminosa.\n<\/p>\n<p>De acordo com a PF, o grupo funcionava como uma \u201corganiza\u00e7\u00e3o criminosa que trabalhou de forma coordenada, em 2022, para manter o ent\u00e3o presidente no poder.\u201d\n<\/p>\n<p>A PGR<br \/>A Procuradoria Geral da Rep\u00fablica (PGR) \u00e9 para o entorno bolsonarista \u201cuma esperan\u00e7a\u201d em meio ao direcionamento do inqu\u00e9rito que tem o ex-presidente Jair Bolsonaro como denunciado pela tentativa de aboli\u00e7\u00e3o do Estado Democr\u00e1tico de Direito.\n<\/p>\n<p>\u201cEspera-se que a Procuradoria-Geral da Rep\u00fablica, ao ser acionada pelo Supremo Tribunal Federal, possa cumprir com serenidade, independ\u00eancia e imparcialidade sua miss\u00e3o institucional, debru\u00e7ando-se efetivamente sobre provas concretas e afastando-se definitivamente de meras ila\u00e7\u00f5es\u201d, declarou o l\u00edder da oposi\u00e7\u00e3o no Senado, Rog\u00e9rio Marinho (PL-RN).\n<\/p>\n<p>E completou:\u201cAinda, ao reafirmar o compromisso com a manuten\u00e7\u00e3o do Estado de Direito, confiamos que o restabelecimento da verdade encerrar\u00e1 longa sequ\u00eancia de narrativas pol\u00edticas desprovidas de suporte f\u00e1tico, com o restabelecimento da normalidade institucional e o fortalecimento de nossa Democracia\u201d.\n<\/p>\n<p>Fonte: O Antagonista              <\/p>\n<\/div>\n<p><br \/>\n<br \/><a href=\"https:\/\/diariodobrasilnoticias.com.br\/noticia\/gonet-se-opos-a-prisao-de-cid-apos-depoimento-a-moraes-673fa46c2efdf\">Source link <\/a><\/p>","protected":false},"excerpt":{"rendered":"<p>O procurador-geral da Rep\u00fablica, Paulo Gonet, foi contra a pris\u00e3o de Mauro Cid, ex-ajudante de ordens da presid\u00eancia da Rep\u00fablica, que prestou depoimento nesta quinta-feira,21, ao ministro Alexandre de Moraes,&hellip;<\/p>","protected":false},"author":1,"featured_media":63643,"comment_status":"closed","ping_status":"open","sticky":false,"template":"","format":"standard","meta":{"content-type":"","footnotes":""},"categories":[16],"tags":[123,2448,5313,1267],"class_list":["post-63642","post","type-post","status-publish","format-standard","has-post-thumbnail","hentry","category-noticias","tag-brasil","tag-diario","tag-noticia","tag-noticias"],"_links":{"self":[{"href":"https:\/\/tvbrazilusa.com\/pt\/wp-json\/wp\/v2\/posts\/63642","targetHints":{"allow":["GET"]}}],"collection":[{"href":"https:\/\/tvbrazilusa.com\/pt\/wp-json\/wp\/v2\/posts"}],"about":[{"href":"https:\/\/tvbrazilusa.com\/pt\/wp-json\/wp\/v2\/types\/post"}],"author":[{"embeddable":true,"href":"https:\/\/tvbrazilusa.com\/pt\/wp-json\/wp\/v2\/users\/1"}],"replies":[{"embeddable":true,"href":"https:\/\/tvbrazilusa.com\/pt\/wp-json\/wp\/v2\/comments?post=63642"}],"version-history":[{"count":1,"href":"https:\/\/tvbrazilusa.com\/pt\/wp-json\/wp\/v2\/posts\/63642\/revisions"}],"predecessor-version":[{"id":63644,"href":"https:\/\/tvbrazilusa.com\/pt\/wp-json\/wp\/v2\/posts\/63642\/revisions\/63644"}],"wp:featuredmedia":[{"embeddable":true,"href":"https:\/\/tvbrazilusa.com\/pt\/wp-json\/wp\/v2\/media\/63643"}],"wp:attachment":[{"href":"https:\/\/tvbrazilusa.com\/pt\/wp-json\/wp\/v2\/media?parent=63642"}],"wp:term":[{"taxonomy":"category","embeddable":true,"href":"https:\/\/tvbrazilusa.com\/pt\/wp-json\/wp\/v2\/categories?post=63642"},{"taxonomy":"post_tag","embeddable":true,"href":"https:\/\/tvbrazilusa.com\/pt\/wp-json\/wp\/v2\/tags?post=63642"}],"curies":[{"name":"wp","href":"https:\/\/api.w.org\/{rel}","templated":true}]}}