{"id":63648,"date":"2024-11-21T23:58:20","date_gmt":"2024-11-21T23:58:20","guid":{"rendered":"https:\/\/tvbrazilusa.com\/2024\/11\/21\/jornalista-paulo-figueiredo-e-indiciado-junto-com-bolsonaro-e-outras-35-pessoas-por-suposta-tentativa-de-golpe\/"},"modified":"2024-11-21T23:58:21","modified_gmt":"2024-11-21T23:58:21","slug":"jornalista-paulo-figueiredo-e-indiciado-junto-com-bolsonaro-e-outras-35-pessoas-por-suposta-tentativa-de-golpe","status":"publish","type":"post","link":"https:\/\/tvbrazilusa.com\/pt\/2024\/11\/21\/jornalista-paulo-figueiredo-e-indiciado-junto-com-bolsonaro-e-outras-35-pessoas-por-suposta-tentativa-de-golpe\/","title":{"rendered":"Jornalista Paulo Figueiredo \u00e9 indiciado junto com Bolsonaro e outras 35 pessoas por suposta tentativa de golpe"},"content":{"rendered":"<p> <script async src=\"https:\/\/pagead2.googlesyndication.com\/pagead\/js\/adsbygoogle.js?client=ca-pub-8864793242727901\"\r\n     crossorigin=\"anonymous\"><\/script><br \/>\n<\/p>\n<div id=\"taboola-read-more\" style=\"display:block; width:100%\">\n<p>O blogueiro e economista Paulo Renato de Oliveira Figueiredo foi indiciado nesta quinta-feira (21\/11) pela Pol\u00edcia Federal (PF), ao lado de outros 36 pessoas, por tentativa de golpe de Estado em 2022. Ele \u00e9 neto de Jo\u00e3o Baptista Figueiredo, que, entre 1979 e 1958, serviu como o \u00faltimo presidente da ditadura militar no Brasil.\n<\/p>\n<p>Nas redes sociais, Figueiredo se disse \u201chonrado\u201d por ter sido indiciado e disse aguardar \u201cansiosamente os pr\u00f3ximos acontecimentos\u201d.<\/p>\n<p>\u201cAcabei de ver nos jornais que meu nome consta na lista dos indiciados pela Pol\u00edcia Federal. Sinto-me honrado. Aguardo ansiosamente os pr\u00f3ximos acontecimentos\u201d, escreveu o neto do ex-presidente da ditadura no X.\n<\/p>\n<p>Investiga\u00e7\u00f5es anteriores da PF apontaram que o blogueiro e ex-comentarista da Jovem Pan atuou na propaga\u00e7\u00e3o de desinforma\u00e7\u00e3o, e a incita\u00e7\u00e3o para que militares aderissem ao golpe de Estado. Ele teria atuado em um dos seis n\u00facleos da organiza\u00e7\u00e3o, e utilizado seu espa\u00e7o na m\u00eddia para cumprir a miss\u00e3o.\n<\/p>\n<p>O documento final da investiga\u00e7\u00e3o possui mais de 800 p\u00e1ginas, e foi encaminhado ao Supremo Tribunal Federal (STF) sob a relatoria do ministro Alexandre de Moraes. Da lista de indiciados, 25 deles s\u00e3o militares, seja da ativa ou reserva.\n<\/p>\n<p>A PF indica que o ex-presidente Jair Bolsonaro (PL) teve atua\u00e7\u00e3o direta na tentativa de golpe, e concluiu que o l\u00edder de direita foi respons\u00e1vel por redigir e ajustar a \u201cminuta do ilegal decreto golpista\u201d que seria posto em pr\u00e1tica.\n<\/p>\n<p>Recentemente, a apura\u00e7\u00e3o das autoridades mostrou que at\u00e9 mesmo as mortes de Lula, Geraldo Alckmin e Moraes foram planejadas para que o objetivo da organiza\u00e7\u00e3o fosse atingido.\n<\/p>\n<p>Fonte: Metr\u00f3poles              <\/p>\n<\/div>\n<p><br \/>\n<br \/><a href=\"https:\/\/diariodobrasilnoticias.com.br\/noticia\/jornalista-paulo-figueiredo-e-indiciado-junto-com-bolsonaro-e-outras-35-pessoas-por-suposta-tentativa-de-golpe-673fa0cd830b1\">Source link <\/a><\/p>","protected":false},"excerpt":{"rendered":"<p>O blogueiro e economista Paulo Renato de Oliveira Figueiredo foi indiciado nesta quinta-feira (21\/11) pela Pol\u00edcia Federal (PF), ao lado de outros 36 pessoas, por tentativa de golpe de Estado&hellip;<\/p>","protected":false},"author":1,"featured_media":63649,"comment_status":"closed","ping_status":"open","sticky":false,"template":"","format":"standard","meta":{"content-type":"","footnotes":""},"categories":[16],"tags":[123,2448,5313,1267],"class_list":["post-63648","post","type-post","status-publish","format-standard","has-post-thumbnail","hentry","category-noticias","tag-brasil","tag-diario","tag-noticia","tag-noticias"],"_links":{"self":[{"href":"https:\/\/tvbrazilusa.com\/pt\/wp-json\/wp\/v2\/posts\/63648","targetHints":{"allow":["GET"]}}],"collection":[{"href":"https:\/\/tvbrazilusa.com\/pt\/wp-json\/wp\/v2\/posts"}],"about":[{"href":"https:\/\/tvbrazilusa.com\/pt\/wp-json\/wp\/v2\/types\/post"}],"author":[{"embeddable":true,"href":"https:\/\/tvbrazilusa.com\/pt\/wp-json\/wp\/v2\/users\/1"}],"replies":[{"embeddable":true,"href":"https:\/\/tvbrazilusa.com\/pt\/wp-json\/wp\/v2\/comments?post=63648"}],"version-history":[{"count":1,"href":"https:\/\/tvbrazilusa.com\/pt\/wp-json\/wp\/v2\/posts\/63648\/revisions"}],"predecessor-version":[{"id":63650,"href":"https:\/\/tvbrazilusa.com\/pt\/wp-json\/wp\/v2\/posts\/63648\/revisions\/63650"}],"wp:featuredmedia":[{"embeddable":true,"href":"https:\/\/tvbrazilusa.com\/pt\/wp-json\/wp\/v2\/media\/63649"}],"wp:attachment":[{"href":"https:\/\/tvbrazilusa.com\/pt\/wp-json\/wp\/v2\/media?parent=63648"}],"wp:term":[{"taxonomy":"category","embeddable":true,"href":"https:\/\/tvbrazilusa.com\/pt\/wp-json\/wp\/v2\/categories?post=63648"},{"taxonomy":"post_tag","embeddable":true,"href":"https:\/\/tvbrazilusa.com\/pt\/wp-json\/wp\/v2\/tags?post=63648"}],"curies":[{"name":"wp","href":"https:\/\/api.w.org\/{rel}","templated":true}]}}