{"id":63651,"date":"2024-11-21T22:57:24","date_gmt":"2024-11-21T22:57:24","guid":{"rendered":"https:\/\/tvbrazilusa.com\/2024\/11\/21\/maes-que-lutam-pela-justica-realizam-reuniao-para-discutir-recente-violencia-armada-em-meio-a-busca-pelo-atirador-que-matou-crianca-de-9-anos-wsvn-7news-noticias-de-miami-clima-esportes-fort-l\/"},"modified":"2024-11-22T00:03:00","modified_gmt":"2024-11-22T00:03:00","slug":"maes-que-lutam-pela-justica-realizam-reuniao-para-discutir-recente-violencia-armada-em-meio-a-busca-pelo-atirador-que-matou-crianca-de-9-anos-wsvn-7news-noticias-de-miami-clima-esportes-fort-l","status":"publish","type":"post","link":"https:\/\/tvbrazilusa.com\/pt\/2024\/11\/21\/maes-que-lutam-pela-justica-realizam-reuniao-para-discutir-recente-violencia-armada-em-meio-a-busca-pelo-atirador-que-matou-crianca-de-9-anos-wsvn-7news-noticias-de-miami-clima-esportes-fort-l\/","title":{"rendered":"M\u00e3es que Lutam pela Justi\u00e7a realizam reuni\u00e3o para discutir recente viol\u00eancia armada em meio a busca pelo atirador que matou crian\u00e7a de 9 anos &#8211; WSVN 7News | Not\u00edcias de Miami, clima, esportes | Fort Lauderdale"},"content":{"rendered":"<p> <script async src=\"https:\/\/pagead2.googlesyndication.com\/pagead\/js\/adsbygoogle.js?client=ca-pub-8864793242727901\"\r\n     crossorigin=\"anonymous\"><\/script><br \/>\n<\/p>\n<div itemprop=\"articleBody\">\n<p>CIDADE DA FL\u00d3RIDA, FLA. (WSVN) &#8211; &#8211; Um grupo de m\u00e3es do sul da Fl\u00f3rida que perderam filhos devido \u00e0 viol\u00eancia armada est\u00e1 exigindo justi\u00e7a, enquanto se reuniam em torno da casa da m\u00e3e de um menino de 9 anos que foi morto a tiros.<\/p>\n<p>A fam\u00edlia de Antavious Scott e os ativistas ficaram indignados com a viol\u00eancia armada sem sentido na comunidade de Florida City. <\/p>\n<p>\u201cTudo o que pedimos \u00e9 justi\u00e7a. Por favor!&#8221; disse Patricia Mills, tia de Scott. \u201cDiga o nome dele!\u201d<\/p>\n<p>\u201cJ\u00e1 basta\u201d, disse Romenia Dukes, fundadora da Mothers Fighting for Justice.<\/p>\n<p>A entrevista coletiva ocorreu no quarteir\u00e3o 800 da Lucy Street, onde Scott estava<a href=\"https:\/\/wsvn.com\/news\/local\/miami-dade\/were-sitting-here-with-this-mother-right-now-and-shes-grieving-hard-theyre-a-very-tight-knit-family\/\"> tragicamente morto no s\u00e1bado. <\/a><\/p>\n<p>Quando os policiais chegaram ao local, encontraram Scott sofrendo de pelo menos um ferimento \u00e0 bala e n\u00e3o alerta.<\/p>\n<p><a href=\"https:\/\/wsvn.com\/news\/local\/miami-dade\/he-wasnt-moving-witness-describes-florida-city-shooting-that-killed-9-year-old-boy-as-search-continues-for-shooter\/\">Testemunhas disseram<\/a> Scott estava com um grupo de pessoas quando come\u00e7aram os tiros. Enquanto as pessoas fugiam das balas, ele foi atingido.<\/p>\n<p>Os policiais imediatamente come\u00e7aram os esfor\u00e7os para salvar vidas at\u00e9 a chegada das unidades de resgate de bombeiros de Miami-Dade. Os param\u00e9dicos transportaram Scott de avi\u00e3o para o HCA Florida Kendall Hospital, onde ele foi declarado morto.<\/p>\n<p>A m\u00e3e de Scott ficou arrasada ao segurar uma foto de seu filho e um sapato que ele usava. <\/p>\n<p>\u201cTudo o que lhe resta \u00e9 uma foto do filho e um sapato\u201d, disse Mills.<\/p>\n<p>Ativistas disseram que os tiroteios aumentaram na \u00e1rea. <\/p>\n<p>\u201cNa cidade de Florida City, h\u00e1 tantos assassinatos acontecendo em todos os lugares, mas isso est\u00e1 acontecendo mais recentemente aqui\u201d, disse Tara Parks, membro da Peace for Gun Violence.<\/p>\n<p>Agora, as autoridades procuram o atirador que matou o menino. <\/p>\n<p>\u201cVamos encontrar voc\u00ea e vamos at\u00e9 a porta. N\u00e3o posso nem contar \u00e0 minha filha como ela se sente porque n\u00e3o conto, ainda tenho meus quatro filhos\u201d, disse Teretha Williams, av\u00f3 de Scott. \u201cEstou acostumada com oito netos, s\u00f3 tenho sete agora. Vai ser dif\u00edcil para mim.\u201d<\/p>\n<p>Enquanto uma fam\u00edlia fica em peda\u00e7os.<\/p>\n<p>\u201cEle era o mais forte. J\u00e1 um garoto de 9 anos tinha muita vida dentro dele\u201d, disse Quin Williams, tio de Scott. <\/p>\n<p>As autoridades est\u00e3o pedindo \u00e0 comunidade que se apresente e ajude a encontrar o atirador.<\/p>\n<p>\u201cTudo o que precisamos \u00e9 de um nome, apenas um nome, e eu garanto a voc\u00ea, se conseguirmos esse nome, aquele atirador, garantimos que ele estar\u00e1 sob cust\u00f3dia\u201d, disse o policial da cidade da Fl\u00f3rida, James Butts.<\/p>\n<p><strong>Se voc\u00ea tiver alguma informa\u00e7\u00e3o sobre este tiroteio ou sobre o paradeiro do sujeito, ligue para a Pol\u00edcia Municipal da Fl\u00f3rida em 305-247-8223, a Pol\u00edcia de Miami-Dade em 305-876-7373 ou a Miami-Dade Crime Stoppers em 305-471-TIPS. Lembre-se, voc\u00ea sempre pode permanecer an\u00f4nimo e pode ter direito a uma recompensa de at\u00e9 US$ 5.000.<\/strong><\/p>\n<p><em>Copyright 2024 Sunbeam Television Corp. Todos os direitos reservados. Este material n\u00e3o pode ser publicado, transmitido, reescrito ou redistribu\u00eddo.<\/em><\/p>\n<div class=\"wp-block-newsletter\">\n\t<strong class=\"wp-block-newsletter__title\">Cadastre-se em nosso boletim informativo para receber as \u00faltimas not\u00edcias diretamente em sua caixa de entrada<\/strong><\/p>\n<\/div><\/div>\n<p><br \/>\n<br \/><a href=\"https:\/\/wsvn.com\/news\/local\/miami-dade\/mothers-fighting-for-justice-holds-meeting-to-discuss-recent-gun-violence-amid-search-for-gunman-who-killed-9-year-old\/\">Source link <\/a><\/p>","protected":false},"excerpt":{"rendered":"<p>CIDADE DA FL\u00d3RIDA, FLA. (WSVN) &#8211; &#8211; Um grupo de m\u00e3es do sul da Fl\u00f3rida que perderam filhos devido \u00e0 viol\u00eancia armada est\u00e1 exigindo justi\u00e7a, enquanto se reuniam em torno&hellip;<\/p>","protected":false},"author":1,"featured_media":63652,"comment_status":"closed","ping_status":"open","sticky":false,"template":"","format":"standard","meta":{"content-type":"","footnotes":""},"categories":[1],"tags":[],"class_list":["post-63651","post","type-post","status-publish","format-standard","has-post-thumbnail","hentry","category-uncategorized"],"_links":{"self":[{"href":"https:\/\/tvbrazilusa.com\/pt\/wp-json\/wp\/v2\/posts\/63651","targetHints":{"allow":["GET"]}}],"collection":[{"href":"https:\/\/tvbrazilusa.com\/pt\/wp-json\/wp\/v2\/posts"}],"about":[{"href":"https:\/\/tvbrazilusa.com\/pt\/wp-json\/wp\/v2\/types\/post"}],"author":[{"embeddable":true,"href":"https:\/\/tvbrazilusa.com\/pt\/wp-json\/wp\/v2\/users\/1"}],"replies":[{"embeddable":true,"href":"https:\/\/tvbrazilusa.com\/pt\/wp-json\/wp\/v2\/comments?post=63651"}],"version-history":[{"count":1,"href":"https:\/\/tvbrazilusa.com\/pt\/wp-json\/wp\/v2\/posts\/63651\/revisions"}],"predecessor-version":[{"id":63653,"href":"https:\/\/tvbrazilusa.com\/pt\/wp-json\/wp\/v2\/posts\/63651\/revisions\/63653"}],"wp:featuredmedia":[{"embeddable":true,"href":"https:\/\/tvbrazilusa.com\/pt\/wp-json\/wp\/v2\/media\/63652"}],"wp:attachment":[{"href":"https:\/\/tvbrazilusa.com\/pt\/wp-json\/wp\/v2\/media?parent=63651"}],"wp:term":[{"taxonomy":"category","embeddable":true,"href":"https:\/\/tvbrazilusa.com\/pt\/wp-json\/wp\/v2\/categories?post=63651"},{"taxonomy":"post_tag","embeddable":true,"href":"https:\/\/tvbrazilusa.com\/pt\/wp-json\/wp\/v2\/tags?post=63651"}],"curies":[{"name":"wp","href":"https:\/\/api.w.org\/{rel}","templated":true}]}}