{"id":6366,"date":"2024-07-23T16:26:20","date_gmt":"2024-07-23T16:26:20","guid":{"rendered":"https:\/\/tvbrazilusa.com\/2024\/07\/23\/secom-e-cobrada-por-suposta-censura-da-ebc-a-noticia-sobre-suspeita-de-fraude-em-licitacao-paulo-figueiredo\/"},"modified":"2024-07-23T16:32:14","modified_gmt":"2024-07-23T16:32:14","slug":"secom-e-cobrada-por-suposta-censura-da-ebc-a-noticia-sobre-suspeita-de-fraude-em-licitacao-paulo-figueiredo","status":"publish","type":"post","link":"https:\/\/tvbrazilusa.com\/pt\/2024\/07\/23\/secom-e-cobrada-por-suposta-censura-da-ebc-a-noticia-sobre-suspeita-de-fraude-em-licitacao-paulo-figueiredo\/","title":{"rendered":"Secom \u00e9 cobrada por suposta censura da EBC \u00e0 not\u00edcia sobre suspeita de fraude em licita\u00e7\u00e3o &#8211; Paulo Figueiredo"},"content":{"rendered":"<p> <script async src=\"https:\/\/pagead2.googlesyndication.com\/pagead\/js\/adsbygoogle.js?client=ca-pub-8864793242727901\"\r\n     crossorigin=\"anonymous\"><\/script><br \/>\n<\/p>\n<div id=\"wtr-content\" data-bg=\"#FFFFFF\" data-fg=\"#006d91\" data-width=\"25\" data-mute=\"1\" data-fgopacity=\"1.00\" data-mutedopacity=\"0.5\" data-placement=\"bottom\" data-placement-offset=\"0\" data-content-offset=\"262\" data-placement-touch=\"bottom\" data-placement-offset-touch=\"0\" data-transparent=\"\" data-shadow=\"0\" data-touch=\"1\" data-non-touch=\"1\" data-comments=\"0\" data-commentsbg=\"transparent\" data-location=\"page\" data-mutedfg=\"#006d91\" data-endfg=\"#006d91\" data-rtl=\"\">\n<pre class=\"wp-block-preformatted has-small-font-size\">Foto - Marcelo Camargo\/Ag\u00eancia Brasil<\/pre>\n<h4 class=\"wp-block-heading\">A licita\u00e7\u00e3o da Secom foi suspensa pelo Tribunal de Contas da Uni\u00e3o (TCU) no dia 10 de julho por suspeitas de irregularidades no certame.<\/h4>\n<p>O deputado Gustavo Gayer (PL-GO)\u00a0apresentou um requerimento de informa\u00e7\u00e3o \u00e0 Secretaria de Comunica\u00e7\u00e3o Social da Presid\u00eancia da Rep\u00fablica (Secom) cobrando explica\u00e7\u00f5es sobre den\u00fancias de funcion\u00e1rios da Empresa Brasil de Comunica\u00e7\u00e3o (EBC) sobre suposta censura da dire\u00e7\u00e3o da Ag\u00eancia Brasil \u00e0 not\u00edcia referente a suspeitas de fraude na licita\u00e7\u00e3o de R$ 197 milh\u00f5es para contra\u00e7\u00e3o de uma empresa de comunica\u00e7\u00e3o e gest\u00e3o das redes sociais do governo Lula.<\/p>\n<p>Vinculada \u00e0 EBC, a Ag\u00eancia Brasil \u00e9 uma ag\u00eancia p\u00fablica de not\u00edcias usada como fonte de consulta por diversos ve\u00edculos de comunica\u00e7\u00e3o.<\/p>\n<p>A licita\u00e7\u00e3o da Secom citada pelo deputado no requerimento\u00a0foi suspensa pelo Tribunal de Contas da Uni\u00e3o (TCU) no dia 10 de julho por suspeitas de irregularidades no certame.<\/p>\n<p>Um dia depois da suspens\u00e3o da licita\u00e7\u00e3o, funcion\u00e1rios da EBC relataram ao jornal\u00a0<em>O Globo<\/em>\u00a0a suposta censura \u00e0 veicula\u00e7\u00e3o da not\u00edcia por parte da dire\u00e7\u00e3o da Ag\u00eancia Brasil.<\/p>\n<p>Segundo os relatos dos funcion\u00e1rios, alguns rep\u00f3rteres teriam questionado a aus\u00eancia do tema no notici\u00e1rio e foram informados de que o tema n\u00e3o seria noticiado pela Ag\u00eancia.<\/p>\n<p>No pedido de informa\u00e7\u00e3o enviado \u00e0 Secom, o deputado Gustavo Gayer faz os seguintes questionamentos:<\/p>\n<ul class=\"wp-block-list\">\n<li>A pr\u00e1tica de censurar not\u00edcias especialmente em mat\u00e9rias sens\u00edveis que envolvem o governo tem sido recorrente?<\/li>\n<li>Como a Secretaria de Comunica\u00e7\u00e3o Social da Presid\u00eancia da Rep\u00fablica responde \u00e0s den\u00fancias de censura de uma not\u00edcia sobre suspeita de fraude milion\u00e1ria na licita\u00e7\u00e3o do Governo Lula, realizadas pelos funcion\u00e1rios da EBC?<\/li>\n<li>Quais medidas a Secretaria est\u00e1 tomando para garantir a independ\u00eancia editorial e a liberdade de imprensa dentro da Ag\u00eancia Brasil e da EBC como um todo?<\/li>\n<li>Existe alguma orienta\u00e7\u00e3o ou diretriz da Secretaria de Comunica\u00e7\u00e3o Social para a EBC, no sentido de vetar ou censurar mat\u00e9rias que possam impactar negativamente a imagem do Governo?<\/li>\n<li>Como a Secretaria de Comunica\u00e7\u00e3o Social v\u00ea a import\u00e2ncia da transpar\u00eancia e da publica\u00e7\u00e3o de mat\u00e9rias que envolvem suspeitas de irregularidades no governo, mesmo que possam gerar repercuss\u00f5es negativas?<\/li>\n<li>A Secretaria de Comunica\u00e7\u00e3o Social pretende investigar as den\u00fancias de censura na EBC? Em caso afirmativo, qual ser\u00e1 o procedimento para essa investiga\u00e7\u00e3o?<\/li>\n<li>Quais s\u00e3o os crit\u00e9rios utilizados pela Secretaria de Comunica\u00e7\u00e3o Social para determinar a publica\u00e7\u00e3o ou supress\u00e3o de not\u00edcias que envolvem investiga\u00e7\u00f5es de poss\u00edveis fraudes ou irregularidades no governo?<\/li>\n<li>Como a Secretaria de Comunica\u00e7\u00e3o Social garante que a EBC esteja cumprindo seu papel de informar a popula\u00e7\u00e3o com transpar\u00eancia e isen\u00e7\u00e3o?<\/li>\n<li>Qual \u00e9 a posi\u00e7\u00e3o da Secretaria de Comunica\u00e7\u00e3o Social sobre a alega\u00e7\u00e3o dos funcion\u00e1rios de que h\u00e1 uma pr\u00e1tica recorrente de interfer\u00eancia nos conte\u00fados jornal\u00edsticos da EBC?<\/li>\n<li>A Secretaria de Comunica\u00e7\u00e3o Social est\u00e1 ciente de outras situa\u00e7\u00f5es semelhantes de suposta censura dentro da EBC? Se sim, quais a\u00e7\u00f5es foram tomadas em resposta a essas situa\u00e7\u00f5es?<\/li>\n<li>Qual \u00e9 a mensagem da Secretaria de Comunica\u00e7\u00e3o Social para os jornalistas e funcion\u00e1rios da EBC que expressam preocupa\u00e7\u00e3o com a liberdade de imprensa e a independ\u00eancia editorial na empresa?<\/li>\n<\/ul>\n<p><strong><a href=\"https:\/\/www.gazetadopovo.com.br\/republica\/secom-e-cobrada-por-suposta-censura-da-ebc-a-noticia-sobre-suspeita-de-fraude-em-licitacao\/\">Source link<\/a><\/strong><\/p>\n<\/div>\n<p><br \/>\n<br \/><a href=\"https:\/\/paulofigueiredoshow.com\/secom-e-cobrada-por-suposta-censura-da-ebc-a-noticia-sobre-suspeita-de-fraude-em-licitacao\/\">Source link <\/a><\/p>","protected":false},"excerpt":{"rendered":"<p>Foto &#8211; Marcelo Camargo\/Ag\u00eancia Brasil A licita\u00e7\u00e3o da Secom foi suspensa pelo Tribunal de Contas da Uni\u00e3o (TCU) no dia 10 de julho por suspeitas de irregularidades no certame. O&hellip;<\/p>","protected":false},"author":1,"featured_media":6367,"comment_status":"closed","ping_status":"open","sticky":false,"template":"","format":"standard","meta":{"content-type":"","footnotes":""},"categories":[16],"tags":[],"class_list":["post-6366","post","type-post","status-publish","format-standard","has-post-thumbnail","hentry","category-noticias"],"_links":{"self":[{"href":"https:\/\/tvbrazilusa.com\/pt\/wp-json\/wp\/v2\/posts\/6366","targetHints":{"allow":["GET"]}}],"collection":[{"href":"https:\/\/tvbrazilusa.com\/pt\/wp-json\/wp\/v2\/posts"}],"about":[{"href":"https:\/\/tvbrazilusa.com\/pt\/wp-json\/wp\/v2\/types\/post"}],"author":[{"embeddable":true,"href":"https:\/\/tvbrazilusa.com\/pt\/wp-json\/wp\/v2\/users\/1"}],"replies":[{"embeddable":true,"href":"https:\/\/tvbrazilusa.com\/pt\/wp-json\/wp\/v2\/comments?post=6366"}],"version-history":[{"count":1,"href":"https:\/\/tvbrazilusa.com\/pt\/wp-json\/wp\/v2\/posts\/6366\/revisions"}],"predecessor-version":[{"id":6368,"href":"https:\/\/tvbrazilusa.com\/pt\/wp-json\/wp\/v2\/posts\/6366\/revisions\/6368"}],"wp:featuredmedia":[{"embeddable":true,"href":"https:\/\/tvbrazilusa.com\/pt\/wp-json\/wp\/v2\/media\/6367"}],"wp:attachment":[{"href":"https:\/\/tvbrazilusa.com\/pt\/wp-json\/wp\/v2\/media?parent=6366"}],"wp:term":[{"taxonomy":"category","embeddable":true,"href":"https:\/\/tvbrazilusa.com\/pt\/wp-json\/wp\/v2\/categories?post=6366"},{"taxonomy":"post_tag","embeddable":true,"href":"https:\/\/tvbrazilusa.com\/pt\/wp-json\/wp\/v2\/tags?post=6366"}],"curies":[{"name":"wp","href":"https:\/\/api.w.org\/{rel}","templated":true}]}}