{"id":6373,"date":"2024-07-23T16:27:39","date_gmt":"2024-07-23T16:27:39","guid":{"rendered":"https:\/\/tvbrazilusa.com\/2024\/07\/23\/pf-envia-conta-do-conserto-da-viatura-atingida-por-roberto-jefferson-veja-valor-pago-pelo-ex-deputado\/"},"modified":"2024-07-23T16:37:59","modified_gmt":"2024-07-23T16:37:59","slug":"pf-envia-conta-do-conserto-da-viatura-atingida-por-roberto-jefferson-veja-valor-pago-pelo-ex-deputado","status":"publish","type":"post","link":"https:\/\/tvbrazilusa.com\/pt\/2024\/07\/23\/pf-envia-conta-do-conserto-da-viatura-atingida-por-roberto-jefferson-veja-valor-pago-pelo-ex-deputado\/","title":{"rendered":"PF envia conta do conserto da viatura atingida por Roberto Jefferson; veja valor pago pelo ex-deputado"},"content":{"rendered":"<p> <script async src=\"https:\/\/pagead2.googlesyndication.com\/pagead\/js\/adsbygoogle.js?client=ca-pub-8864793242727901\"\r\n     crossorigin=\"anonymous\"><\/script><br \/>\n<\/p>\n<div>\n<p>O incidente ocorrido em outubro de 2022, quando uma viatura da Pol\u00edcia Federal foi alvejada com 42 tiros em Comendador Levy Gasparian, no Rio de Janeiro, ainda ecoa seus efeitos. O ex-deputado Roberto <a href=\"https:\/\/terrabrasilnoticias.com\/2024\/07\/a-nova-derrota-de-roberto-jefferson-na-justica\/\" target=\"_blank\" rel=\"noreferrer noopener\">Jefferson<\/a>, acusado de comandar o ataque contra os agentes, enfrenta agora as repercuss\u00f5es legais e financeiras desse ato.<\/p>\n<p>Os disparos, que incidiram majoritariamente no teto n\u00e3o blindado do ve\u00edculo, trouxeram n\u00e3o apenas um risco extremo aos ocupantes, mas tamb\u00e9m uma fatura salgada para os reparos necess\u00e1rios. Entre os danos mais significativos estavam o comprometimento do forro do teto, giroflex e para-brisa, al\u00e9m de danos mais profundos no sistema de ar-condicionado e no motor.<\/p>\n<figure class=\"wp-block-image size-full\"><picture decoding=\"async\" class=\"wp-image-160086\"><source type=\"image\/webp\" srcset=\"https:\/\/terrabrasilnoticias.com\/wp-content\/uploads\/2024\/07\/image-730.png.webp 600w, https:\/\/terrabrasilnoticias.com\/wp-content\/uploads\/2024\/07\/image-730-300x300.png.webp 300w, https:\/\/terrabrasilnoticias.com\/wp-content\/uploads\/2024\/07\/image-730-150x150.png.webp 150w, https:\/\/terrabrasilnoticias.com\/wp-content\/uploads\/2024\/07\/image-730-75x75.png.webp 75w, https:\/\/terrabrasilnoticias.com\/wp-content\/uploads\/2024\/07\/image-730-350x350.png.webp 350w\" sizes=\"(max-width: 600px) 100vw, 600px\"\/><\/picture><figcaption class=\"wp-element-caption\">Fotos do carro \u2014 Foto: Foto do mandado de intima\u00e7\u00e3o\/Laudo da per\u00edcia criminal<\/figcaption><\/figure>\n<h2 class=\"wp-block-heading\">Quais foram os reparos necess\u00e1rios na viatura?<\/h2>\n<p>Ap\u00f3s ser severamente danificada, a viatura precisou passar por uma s\u00e9rie de reparos para retornar \u00e0 funcionalidade. Al\u00e9m da substitui\u00e7\u00e3o do para-brisa e do forro do teto, itens como o giroflex e partes do motor tiveram que ser completamente trocados. A necessidade de pintura nova e reparos na lanternagem tamb\u00e9m foram registrados, elevando o custo total da recupera\u00e7\u00e3o.<\/p>\n<h2 class=\"wp-block-heading\">O valor do preju\u00edzo pago por Roberto Jefferson<\/h2>\n<p>O custo para reparar todos os estragos foi calculado em R$ 39.581,32, valor este que foi enviado diretamente a Roberto Jefferson, implicando uma rara situa\u00e7\u00e3o onde o acusado recebe a conta pelo dano ao patrim\u00f4nio p\u00fablico. Recentemente, a defesa do ex-deputado confirmou o pagamento dessa quantia, como parte do processo que ainda o v\u00ea enfrentando acusa\u00e7\u00f5es graves na justi\u00e7a federal.<\/p>\n<h2 class=\"wp-block-heading\">As repercuss\u00f5es legais do incidente<\/h2>\n<p>O relat\u00f3rio final da sindic\u00e2ncia realizada pela Pol\u00edcia Federal foi contundente ao classificar a a\u00e7\u00e3o de Jefferson como uma \u201cinsanidade da conduta\u201d. O documento detalha que, ao reagir violentamente \u00e0 presen\u00e7a da equipe policial, o ex-deputado n\u00e3o apenas colocou vidas em risco, mas tamb\u00e9m assumiu a responsabilidade pelos danos causados. Recentemente, o Tribunal Regional Federal rejeitou um recurso da defesa, mantendo a decis\u00e3o de levar o caso a j\u00fari popular.<\/p>\n<\/p><\/div>\n<p><br \/>\n<br \/><a href=\"https:\/\/terrabrasilnoticias.com\/2024\/07\/pf-envia-conta-do-conserto-da-viatura-atingida-por-roberto-jefferson-veja-valor-pago-pelo-ex-deputado\/\">Source link <\/a><\/p>","protected":false},"excerpt":{"rendered":"<p>O incidente ocorrido em outubro de 2022, quando uma viatura da Pol\u00edcia Federal foi alvejada com 42 tiros em Comendador Levy Gasparian, no Rio de Janeiro, ainda ecoa seus efeitos.&hellip;<\/p>","protected":false},"author":1,"featured_media":6374,"comment_status":"closed","ping_status":"open","sticky":false,"template":"","format":"standard","meta":{"content-type":"","footnotes":""},"categories":[16],"tags":[],"class_list":["post-6373","post","type-post","status-publish","format-standard","has-post-thumbnail","hentry","category-noticias"],"_links":{"self":[{"href":"https:\/\/tvbrazilusa.com\/pt\/wp-json\/wp\/v2\/posts\/6373","targetHints":{"allow":["GET"]}}],"collection":[{"href":"https:\/\/tvbrazilusa.com\/pt\/wp-json\/wp\/v2\/posts"}],"about":[{"href":"https:\/\/tvbrazilusa.com\/pt\/wp-json\/wp\/v2\/types\/post"}],"author":[{"embeddable":true,"href":"https:\/\/tvbrazilusa.com\/pt\/wp-json\/wp\/v2\/users\/1"}],"replies":[{"embeddable":true,"href":"https:\/\/tvbrazilusa.com\/pt\/wp-json\/wp\/v2\/comments?post=6373"}],"version-history":[{"count":1,"href":"https:\/\/tvbrazilusa.com\/pt\/wp-json\/wp\/v2\/posts\/6373\/revisions"}],"predecessor-version":[{"id":6375,"href":"https:\/\/tvbrazilusa.com\/pt\/wp-json\/wp\/v2\/posts\/6373\/revisions\/6375"}],"wp:featuredmedia":[{"embeddable":true,"href":"https:\/\/tvbrazilusa.com\/pt\/wp-json\/wp\/v2\/media\/6374"}],"wp:attachment":[{"href":"https:\/\/tvbrazilusa.com\/pt\/wp-json\/wp\/v2\/media?parent=6373"}],"wp:term":[{"taxonomy":"category","embeddable":true,"href":"https:\/\/tvbrazilusa.com\/pt\/wp-json\/wp\/v2\/categories?post=6373"},{"taxonomy":"post_tag","embeddable":true,"href":"https:\/\/tvbrazilusa.com\/pt\/wp-json\/wp\/v2\/tags?post=6373"}],"curies":[{"name":"wp","href":"https:\/\/api.w.org\/{rel}","templated":true}]}}