{"id":6394,"date":"2024-07-23T17:00:00","date_gmt":"2024-07-23T17:00:00","guid":{"rendered":"https:\/\/tvbrazilusa.com\/2024\/07\/23\/arrecadacao-com-tributos-no-brasil-bate-marca-de-r-2-trilhoes-paulo-figueiredo\/"},"modified":"2024-07-23T17:06:14","modified_gmt":"2024-07-23T17:06:14","slug":"arrecadacao-com-tributos-no-brasil-bate-marca-de-r-2-trilhoes-paulo-figueiredo","status":"publish","type":"post","link":"https:\/\/tvbrazilusa.com\/pt\/2024\/07\/23\/arrecadacao-com-tributos-no-brasil-bate-marca-de-r-2-trilhoes-paulo-figueiredo\/","title":{"rendered":"Arrecada\u00e7\u00e3o com tributos no Brasil bate marca de R$ 2 trilh\u00f5es &#8211; Paulo Figueiredo"},"content":{"rendered":"<p> <script async src=\"https:\/\/pagead2.googlesyndication.com\/pagead\/js\/adsbygoogle.js?client=ca-pub-8864793242727901\"\r\n     crossorigin=\"anonymous\"><\/script><br \/>\n<\/p>\n<div id=\"wtr-content\" data-bg=\"#FFFFFF\" data-fg=\"#006d91\" data-width=\"25\" data-mute=\"1\" data-fgopacity=\"1.00\" data-mutedopacity=\"0.5\" data-placement=\"bottom\" data-placement-offset=\"0\" data-content-offset=\"262\" data-placement-touch=\"bottom\" data-placement-offset-touch=\"0\" data-transparent=\"\" data-shadow=\"0\" data-touch=\"1\" data-non-touch=\"1\" data-comments=\"0\" data-commentsbg=\"transparent\" data-location=\"page\" data-mutedfg=\"#006d91\" data-endfg=\"#006d91\" data-rtl=\"\">\n<h2 class=\"wp-block-heading\">Quantia foi alcan\u00e7ada neste domingo<\/h2>\n<p>Os contribuintes brasileiros j\u00e1 pagaram R$ 2 trilh\u00f5es em tributos aos governos federal, estadual e municipal desde o in\u00edcio deste ano, de acordo com o Impost\u00f4metro, painel instalado na sede da Associa\u00e7\u00e3o Comercial de\u00a0S\u00e3o Paulo\u00a0(ACSP), no centro hist\u00f3rico da capital paulista. A marca de R$ 2 trilh\u00f5es foi atingida na manh\u00e3 deste domingo (21). Entram na contabilidade impostos, taxas e contribui\u00e7\u00f5es, incluindo multas, juros e corre\u00e7\u00e3o monet\u00e1ria.<\/p>\n<p>Segundo a ACSP, em igual per\u00edodo do ano passado, o Impost\u00f4metro havia alcan\u00e7ado o n\u00edvel de R$ 1,7 trilh\u00e3o, o que indica um crescimento de 17,6% nesta m\u00e9trica. Para o economista da ACSP Ulisses Ruiz de Gamboa, esse avan\u00e7o foi registrado mais cedo neste ano por influ\u00eancia do impacto da infla\u00e7\u00e3o e da reintegra\u00e7\u00e3o do PIS\/Cofins nos combust\u00edveis.<\/p>\n<p>\u2013 N\u00f3s temos um sistema tribut\u00e1rio que taxa excessivamente o consumo, assim, na medida em que os pre\u00e7os dos bens e servi\u00e7os aumentam, a arrecada\u00e7\u00e3o tamb\u00e9m cresce. Al\u00e9m disso, a eleva\u00e7\u00e3o da atividade econ\u00f4mica tem um impacto positivo na arrecada\u00e7\u00e3o. Se esses dois fatores continuarem ocorrendo, que \u00e9 o mais prov\u00e1vel, a gente vai continuar tendo antecipa\u00e7\u00e3o desse resultado de R$ 2 trilh\u00f5es \u2013 diz, em nota.<\/p>\n<p>De acordo com dados da ACSP, o Impost\u00f4metro atingiu a marca de R$ 2 trilh\u00f5es em impostos pela primeira vez no dia 9 de dezembro de 2015. Em julho daquele ano, a ferramenta registrava R$ 1,1 trilh\u00e3o em tributos pagos pelos brasileiros, o que representa um crescimento acumulado de 82%, na compara\u00e7\u00e3o com igual per\u00edodo de nove anos atr\u00e1s.<\/p>\n<p>\u2013 Nossa carga tribut\u00e1ria \u00e9 compar\u00e1vel \u00e0 da Gr\u00e3-Bretanha, embora nossa renda por habitante seja significativamente inferior. Portanto, pagamos uma carga tribut\u00e1ria desproporcional ao nosso n\u00edvel de desenvolvimento econ\u00f4mico, o que acaba por sufocar o potencial de expans\u00e3o da economia \u2013 completa Ruiz de Gamboa.<\/p>\n<p><strong><a href=\"https:\/\/www.aliadosbrasiloficial.com.br\/noticia\/arrecadacao-com-tributos-no-brasil-bate-marca-de-r-2-trilhoes\">Source link<\/a><\/strong><\/p>\n<\/div>\n<p><br \/>\n<br \/><a href=\"https:\/\/paulofigueiredoshow.com\/arrecadacao-com-tributos-no-brasil-bate-marca-de-r-2-trilhoes\/\">Source link <\/a><\/p>","protected":false},"excerpt":{"rendered":"<p>Quantia foi alcan\u00e7ada neste domingo Os contribuintes brasileiros j\u00e1 pagaram R$ 2 trilh\u00f5es em tributos aos governos federal, estadual e municipal desde o in\u00edcio deste ano, de acordo com o&hellip;<\/p>","protected":false},"author":1,"featured_media":6395,"comment_status":"closed","ping_status":"open","sticky":false,"template":"","format":"standard","meta":{"content-type":"","footnotes":""},"categories":[16],"tags":[],"class_list":["post-6394","post","type-post","status-publish","format-standard","has-post-thumbnail","hentry","category-noticias"],"_links":{"self":[{"href":"https:\/\/tvbrazilusa.com\/pt\/wp-json\/wp\/v2\/posts\/6394","targetHints":{"allow":["GET"]}}],"collection":[{"href":"https:\/\/tvbrazilusa.com\/pt\/wp-json\/wp\/v2\/posts"}],"about":[{"href":"https:\/\/tvbrazilusa.com\/pt\/wp-json\/wp\/v2\/types\/post"}],"author":[{"embeddable":true,"href":"https:\/\/tvbrazilusa.com\/pt\/wp-json\/wp\/v2\/users\/1"}],"replies":[{"embeddable":true,"href":"https:\/\/tvbrazilusa.com\/pt\/wp-json\/wp\/v2\/comments?post=6394"}],"version-history":[{"count":1,"href":"https:\/\/tvbrazilusa.com\/pt\/wp-json\/wp\/v2\/posts\/6394\/revisions"}],"predecessor-version":[{"id":6396,"href":"https:\/\/tvbrazilusa.com\/pt\/wp-json\/wp\/v2\/posts\/6394\/revisions\/6396"}],"wp:featuredmedia":[{"embeddable":true,"href":"https:\/\/tvbrazilusa.com\/pt\/wp-json\/wp\/v2\/media\/6395"}],"wp:attachment":[{"href":"https:\/\/tvbrazilusa.com\/pt\/wp-json\/wp\/v2\/media?parent=6394"}],"wp:term":[{"taxonomy":"category","embeddable":true,"href":"https:\/\/tvbrazilusa.com\/pt\/wp-json\/wp\/v2\/categories?post=6394"},{"taxonomy":"post_tag","embeddable":true,"href":"https:\/\/tvbrazilusa.com\/pt\/wp-json\/wp\/v2\/tags?post=6394"}],"curies":[{"name":"wp","href":"https:\/\/api.w.org\/{rel}","templated":true}]}}