{"id":63945,"date":"2024-11-22T15:34:21","date_gmt":"2024-11-22T15:34:21","guid":{"rendered":"https:\/\/tvbrazilusa.com\/2024\/11\/22\/nova-cnh-em-2025-sera-exclusiva-para-carros-automaticos-entenda\/"},"modified":"2024-11-22T15:34:22","modified_gmt":"2024-11-22T15:34:22","slug":"nova-cnh-em-2025-sera-exclusiva-para-carros-automaticos-entenda","status":"publish","type":"post","link":"https:\/\/tvbrazilusa.com\/pt\/2024\/11\/22\/nova-cnh-em-2025-sera-exclusiva-para-carros-automaticos-entenda\/","title":{"rendered":"Nova CNH em 2025 ser\u00e1 exclusiva para carros autom\u00e1ticos? Entenda"},"content":{"rendered":"<p> <script async src=\"https:\/\/pagead2.googlesyndication.com\/pagead\/js\/adsbygoogle.js?client=ca-pub-8864793242727901\"\r\n     crossorigin=\"anonymous\"><\/script><br \/>\n<\/p>\n<div id=\"taboola-read-more\" style=\"display:block; width:100%\">\n<p>Um boato de que uma nova categoria na Carteira Nacional de Habilita\u00e7\u00e3o (CNH) seria criada exclusivamente para carros com transmiss\u00e3o autom\u00e1tica gerou pol\u00eamica nas redes sociais entre os motoristas brasileiros nesta semana. A informa\u00e7\u00e3o que vem sendo compartilhada, inclusive por alguns ve\u00edculos de imprensa, \u00e9 de que a novidade passaria a vigorar j\u00e1 em 2025.\n<\/p>\n<p>Esse rumor surgiu a partir de interpreta\u00e7\u00f5es equivocadas sobre a tramita\u00e7\u00e3o de um projeto de lei. O texto que gerou a confus\u00e3o \u00e9 o PL 7746\/2017, da ex-deputada federal Mariana Carvalho (Republicanos-RO).<\/p>\n<p>Inicialmente, ele propunha a cria\u00e7\u00e3o de subcategorias da categoria A da CNH, que permite conduzir ve\u00edculos de duas ou tr\u00eas rodas, como motocicletas, motonetas e triciclos com ou sem carro lateral, com mais de 50 cilindradas.\n<\/p>\n<p>A motiva\u00e7\u00e3o era o aumento expressivo da frota de motocicletas autom\u00e1ticas no Brasil, estimado em 400% ao longo de 15 anos at\u00e9 2026.\n<\/p>\n<p>No entanto, a proposta foi alterada e passou a\u00a0incluir todos os ve\u00edculos autom\u00e1ticos, n\u00e3o s\u00f3 motocicletas.\n<\/p>\n<p>Apesar disso, o projeto de lei ainda est\u00e1 tramitando na comiss\u00e3o de constitui\u00e7\u00e3o e justi\u00e7a (CCJ) da C\u00e2mara dos Deputados, onde os parlamentares s\u00f3 avaliam se a proposta \u00e9 vi\u00e1vel constitucionalmente, mas n\u00e3o chegam a discutir o que o texto prop\u00f5e mudar na legisla\u00e7\u00e3o atual.\n<\/p>\n<p>Em outras palavras,\u00a0ainda n\u00e3o h\u00e1\u00a0qualquer previs\u00e3o de que a mudan\u00e7a realmente ocorrer\u00e1 e, muito menos, de que ser\u00e1 implementada no Brasil em 2025.\n<\/p>\n<p>At\u00e9 este momento, o C\u00f3digo de Tr\u00e2nsito Brasileiro (CTB) n\u00e3o passou por nenhuma altera\u00e7\u00e3o que respalde a cria\u00e7\u00e3o de novas categorias de CNH espec\u00edficas para carros autom\u00e1ticos.\n<\/p>\n<p>Al\u00e9m disso, o Contran, \u00f3rg\u00e3o respons\u00e1vel pela regulamenta\u00e7\u00e3o e normatiza\u00e7\u00e3o, n\u00e3o publicou novas resolu\u00e7\u00f5es sobre o assunto.\n<\/p>\n<p>Com informa\u00e7\u00f5es de CNN              <\/p>\n<\/div>\n<p><br \/>\n<br \/><a href=\"https:\/\/diariodobrasilnoticias.com.br\/noticia\/nova-cnh-em-2025-sera-exclusiva-para-carros-automaticos-entenda-67408772e831e\">Source link <\/a><\/p>","protected":false},"excerpt":{"rendered":"<p>Um boato de que uma nova categoria na Carteira Nacional de Habilita\u00e7\u00e3o (CNH) seria criada exclusivamente para carros com transmiss\u00e3o autom\u00e1tica gerou pol\u00eamica nas redes sociais entre os motoristas brasileiros&hellip;<\/p>","protected":false},"author":1,"featured_media":63946,"comment_status":"closed","ping_status":"open","sticky":false,"template":"","format":"standard","meta":{"content-type":"","footnotes":""},"categories":[16],"tags":[123,2448,5313,1267],"class_list":["post-63945","post","type-post","status-publish","format-standard","has-post-thumbnail","hentry","category-noticias","tag-brasil","tag-diario","tag-noticia","tag-noticias"],"_links":{"self":[{"href":"https:\/\/tvbrazilusa.com\/pt\/wp-json\/wp\/v2\/posts\/63945","targetHints":{"allow":["GET"]}}],"collection":[{"href":"https:\/\/tvbrazilusa.com\/pt\/wp-json\/wp\/v2\/posts"}],"about":[{"href":"https:\/\/tvbrazilusa.com\/pt\/wp-json\/wp\/v2\/types\/post"}],"author":[{"embeddable":true,"href":"https:\/\/tvbrazilusa.com\/pt\/wp-json\/wp\/v2\/users\/1"}],"replies":[{"embeddable":true,"href":"https:\/\/tvbrazilusa.com\/pt\/wp-json\/wp\/v2\/comments?post=63945"}],"version-history":[{"count":1,"href":"https:\/\/tvbrazilusa.com\/pt\/wp-json\/wp\/v2\/posts\/63945\/revisions"}],"predecessor-version":[{"id":63947,"href":"https:\/\/tvbrazilusa.com\/pt\/wp-json\/wp\/v2\/posts\/63945\/revisions\/63947"}],"wp:featuredmedia":[{"embeddable":true,"href":"https:\/\/tvbrazilusa.com\/pt\/wp-json\/wp\/v2\/media\/63946"}],"wp:attachment":[{"href":"https:\/\/tvbrazilusa.com\/pt\/wp-json\/wp\/v2\/media?parent=63945"}],"wp:term":[{"taxonomy":"category","embeddable":true,"href":"https:\/\/tvbrazilusa.com\/pt\/wp-json\/wp\/v2\/categories?post=63945"},{"taxonomy":"post_tag","embeddable":true,"href":"https:\/\/tvbrazilusa.com\/pt\/wp-json\/wp\/v2\/tags?post=63945"}],"curies":[{"name":"wp","href":"https:\/\/api.w.org\/{rel}","templated":true}]}}