{"id":63954,"date":"2024-11-22T15:47:12","date_gmt":"2024-11-22T15:47:12","guid":{"rendered":"https:\/\/tvbrazilusa.com\/2024\/11\/22\/numero-de-oficias-pedindo-baixa-das-forcas-armadas-impressiona-em-poucos-dias\/"},"modified":"2024-11-22T15:47:14","modified_gmt":"2024-11-22T15:47:14","slug":"numero-de-oficias-pedindo-baixa-das-forcas-armadas-impressiona-em-poucos-dias","status":"publish","type":"post","link":"https:\/\/tvbrazilusa.com\/pt\/2024\/11\/22\/numero-de-oficias-pedindo-baixa-das-forcas-armadas-impressiona-em-poucos-dias\/","title":{"rendered":"N\u00famero de oficias pedindo baixa das for\u00e7as armadas impressiona: &#8217;em poucos dias&#8217;"},"content":{"rendered":"<p> <script async src=\"https:\/\/pagead2.googlesyndication.com\/pagead\/js\/adsbygoogle.js?client=ca-pub-8864793242727901\"\r\n     crossorigin=\"anonymous\"><\/script><br \/>\n<\/p>\n<div>\n<figure class=\"post-image\">\n<\/figure>\n<p>            <span style=\"font-size: 12px\">Imagem ilustrativa (Sociedade Militar)<\/span><\/p>\n<p>            <!-- end metas --><br \/>\n            <!-- ADS --><\/p>\n<div id=\"taboola-read-more\" style=\"display:block; width:100%\">\n<p>As perspectivas de melhoria nas carreiras dos militares das For\u00e7as Armadas aparentemente s\u00e3o vistas como cada vez menores. Nos \u00faltimos dias Ex\u00e9rcito, Marinha e For\u00e7a A\u00e9rea publicaram v\u00e1rias portarias autorizando a demiss\u00e3o de oficiais de carreira do servi\u00e7o. Ap\u00f3s a demiss\u00e3o os militares passam \u00e0 reserva n\u00e3o remunerada e n\u00e3o t\u00eam direito a percep\u00e7\u00e3o de sal\u00e1rios das For\u00e7as Armadas.\n<\/p>\n<p>Entre os militares que pediram pra sair das For\u00e7as Armadas est\u00e3o oficiais engenheiros, m\u00e9dicos e pilotos, membros de carreiras consideradas como parte da elite fardada, que s\u00e3o aqueles oficiais que tem possibilidade galgar postos at\u00e9 oficiais generais das For\u00e7as Armadas Brasileiras e que enfrentaram os concursos p\u00fablicos mais disputados.<\/p>\n<p>A forma\u00e7\u00e3o desses oficiais, no caso daqueles formados na AMAN, oficiais aviadores, oficiais engenheiros e Oficiais da Armada da Marinha, leva normalmente at\u00e9 mais de 5 anos e demanda o dispendio de vultosos recursos p\u00fablicos, sem contar os cursos de especializa\u00e7\u00e3o realizados por aqueles ao chegar nos postos de oficial intermedi\u00e1rio.\n<\/p>\n<p>Baixos sal\u00e1rios e perspectivas de aumento no tempo de servi\u00e7o ativo<br \/>Os motivos apontados para a demiss\u00e3o de oficiais v\u00e3o desde os baixos sal\u00e1rios \u00e0 rotinas de trabalho extenuantes e perspectiva de aumento no tempo de servi\u00e7o ativo. As \u00faltimas not\u00edcias sobre regress\u00e3o nos direitos dos militares s\u00e3o apontados tamb\u00e9m como um \u201ccaminho sem volta\u201d que pode reduzir a quantidade de \u201cc\u00e9rebros\u201d nas carreiras de alto status nas For\u00e7as Armadas Brasileiras.\n<\/p>\n<p><img decoding=\"async\" src=\"https:\/\/www.sociedademilitar.com.br\/wp-content\/webp-express\/webp-images\/doc-root\/wp-content\/uploads\/2024\/11\/Portaria-de-agragacao-apos-pedido-de-demissao-de-oficial-da-marinha-do-Brasil-2024.jpg.webp\" alt=\"\" width=\"100%\"\/>\n<\/p>\n<p>Trecho de Portaria de agraga\u00e7\u00e3o ap\u00f3s pedido de demiss\u00e3o de oficial da marinha do Brasil\n<\/p>\n<p>Algumas das Portarias de Demiss\u00e3o de oficiais publicadas nos \u00faltimos dias\n<\/p>\n<table>\n<thead>\n<tr>\n<th><strong>For\u00e7a<\/strong><\/th>\n<th><strong>Posto\/Quadro<\/strong><\/th>\n<th><strong>Nome<\/strong><\/th>\n<th><strong>Portaria<\/strong><\/th>\n<th><strong>Data da Edi\u00e7\u00e3o<\/strong><\/th>\n<\/tr>\n<\/thead>\n<tbody>\n<tr>\n<td>Aeron\u00e1utica<\/td>\n<td>1\u00ba Tenente Engenheiro<\/td>\n<td>R. M. da Silva F.<\/td>\n<td>GABAER N\u00ba 1.526\/GC1<\/td>\n<td>19\/11\/2024<\/td>\n<\/tr>\n<tr>\n<td>Marinha<\/td>\n<td>1\u00ba Tenente (T)<\/td>\n<td>A. da Silva A. M.<\/td>\n<td>N\u00ba 2.461\/DPM<\/td>\n<td>18\/11\/2024<\/td>\n<\/tr>\n<tr>\n<td>Aeron\u00e1utica<\/td>\n<td>1\u00ba Tenente M\u00e9dica<\/td>\n<td>A. C. de L.<\/td>\n<td><a href=\"https:\/\/www.in.gov.br\/web\/dou\/-\/portaria-gabaer-n-1.491\/gc1-de-7-de-novembro-de-2024-595120606\">GABAER N\u00ba 1.491\/GC1<\/a><\/td>\n<td>08\/11\/2024<\/td>\n<\/tr>\n<tr>\n<td>Aeron\u00e1utica<\/td>\n<td>1\u00ba Tenente M\u00e9dica<\/td>\n<td>R. Silva de S.<\/td>\n<td>GABAER N\u00ba 1.480\/GC1<\/td>\n<td>08\/11\/2024<\/td>\n<\/tr>\n<tr>\n<td>Aeron\u00e1utica<\/td>\n<td>1\u00ba Tenente Aviador<\/td>\n<td>M. M. Duarte<\/td>\n<td>GABAER N\u00ba 1.478\/GC1<\/td>\n<td>08\/11\/2024<\/td>\n<\/tr>\n<tr>\n<td>Aeron\u00e1utica<\/td>\n<td>Capit\u00e3o Aviador<\/td>\n<td>V. F. Tosato de M.<\/td>\n<td>GABAER N\u00ba 1.479\/GC1<\/td>\n<td>08\/11\/2024<\/td>\n<\/tr>\n<tr>\n<td>Marinha<\/td>\n<td>Capit\u00e3o-Tenente (CT)<\/td>\n<td>Rodrigo Cossielo de Martins<\/td>\n<td>N\u00ba 2.419\/DPM<\/td>\n<td>07\/11\/2024<\/td>\n<\/tr>\n<tr>\n<td>Aeron\u00e1utica<\/td>\n<td>1\u00ba Tenente M\u00e9dico<\/td>\n<td>K. Silva .<\/td>\n<td>GABAER N\u00ba 1.434\/GC1<\/td>\n<td>01\/11\/2024<\/td>\n<\/tr>\n<tr>\n<td>Aeron\u00e1utica<\/td>\n<td>Capit\u00e3o M\u00e9dica<\/td>\n<td>P. R. Moutella B.<\/td>\n<td>GABAER N\u00ba 1.433\/GC1<\/td>\n<td>01\/11\/2024<\/td>\n<\/tr>\n<tr>\n<td>Aeron\u00e1utica<\/td>\n<td>1\u00ba Tenente Aviador<\/td>\n<td>S. Barroso L. A.<\/td>\n<td>GABAER N\u00ba 1.391\/GC1<\/td>\n<td>23\/10\/2024<\/td>\n<\/tr>\n<tr>\n<td>Marinha<\/td>\n<td>Capit\u00e3o de Corveta (CC)<\/td>\n<td>A. C. Ferreira<\/td>\n<td><a href=\"https:\/\/www.in.gov.br\/web\/dou\/-\/portaria-n-2.336\/dpm-de-23-de-outubro-de-2024-592211539\">N\u00ba 2.336\/DPM<\/a><\/td>\n<td>24\/10\/2024<\/td>\n<\/tr>\n<tr>\n<td>Marinha<\/td>\n<td>Capit\u00e3o-Tenente (CT)<\/td>\n<td>Alex K. F.<\/td>\n<td>N\u00ba 2.336\/DPM<\/td>\n<td>24\/10\/2024<\/td>\n<\/tr>\n<tr>\n<td>Marinha<\/td>\n<td>1\u00ba Tenente M\u00e9dico<\/td>\n<td>D.T. A. V.<\/td>\n<td>N\u00ba 2.336\/DPM<\/td>\n<td>24\/10\/2024<\/td>\n<\/tr>\n<tr>\n<td>Marinha<\/td>\n<td>1\u00ba Tenente M\u00e9dico<\/td>\n<td>L. Pereira B.<\/td>\n<td>N\u00ba 2.336\/DPM<\/td>\n<td>24\/10\/2024<\/td>\n<\/tr>\n<\/tbody>\n<\/table>\n<p>Fonte: Sociedade Militar              <\/p>\n<\/div>\n<p>                        <!-- Scripts para conteudo --><\/p>\n<p>            <!-- .\/Scripts para conteudo --><br \/>\n            <!-- .\/Mat\u00e9ria --><\/p>\n<div class=\"row mt-3\">\n<div class=\"col-sm-6\">\n                <!-- Whatsapp channel 3--><br \/>\n                <a href=\"https:\/\/chat.whatsapp.com\/J6hwSKYns5B0XFowx2wZ0P\" target=\"_blank\"><br \/>\n                  <img decoding=\"async\" src=\"https:\/\/diariodobrasilnoticias.com.br\/assets-site\/images\/bot_whatsapp.png\"\/><\/a>\n              <\/div>\n<div class=\"col-sm-6\">\n                <a href=\"https:\/\/t.me\/+_4gTmi5LKo03OTM5\" target=\"_blank\"><br \/>\n                  <img decoding=\"async\" src=\"https:\/\/diariodobrasilnoticias.com.br\/assets-site\/images\/bot_telegram.png\"\/><\/a>\n              <\/div>\n<\/p><\/div>\n<p>            <!-- end post-navigation --><\/p>\n<p>              <!-- end row --><\/p>\n<p>              <!-- end col-12-->\n                      <\/div>\n<p><br \/>\n<br \/><a href=\"https:\/\/diariodobrasilnoticias.com.br\/noticia\/numero-de-oficias-pedindo-baixa-das-forcas-armadas-impressiona-em-poucos-dias-67408e243d8f8\">Source link <\/a><\/p>","protected":false},"excerpt":{"rendered":"<p>Imagem ilustrativa (Sociedade Militar) As perspectivas de melhoria nas carreiras dos militares das For\u00e7as Armadas aparentemente s\u00e3o vistas como cada vez menores. Nos \u00faltimos dias Ex\u00e9rcito, Marinha e For\u00e7a A\u00e9rea&hellip;<\/p>","protected":false},"author":1,"featured_media":63955,"comment_status":"closed","ping_status":"open","sticky":false,"template":"","format":"standard","meta":{"content-type":"","footnotes":""},"categories":[16],"tags":[123,2448,5313,1267],"class_list":["post-63954","post","type-post","status-publish","format-standard","has-post-thumbnail","hentry","category-noticias","tag-brasil","tag-diario","tag-noticia","tag-noticias"],"_links":{"self":[{"href":"https:\/\/tvbrazilusa.com\/pt\/wp-json\/wp\/v2\/posts\/63954","targetHints":{"allow":["GET"]}}],"collection":[{"href":"https:\/\/tvbrazilusa.com\/pt\/wp-json\/wp\/v2\/posts"}],"about":[{"href":"https:\/\/tvbrazilusa.com\/pt\/wp-json\/wp\/v2\/types\/post"}],"author":[{"embeddable":true,"href":"https:\/\/tvbrazilusa.com\/pt\/wp-json\/wp\/v2\/users\/1"}],"replies":[{"embeddable":true,"href":"https:\/\/tvbrazilusa.com\/pt\/wp-json\/wp\/v2\/comments?post=63954"}],"version-history":[{"count":1,"href":"https:\/\/tvbrazilusa.com\/pt\/wp-json\/wp\/v2\/posts\/63954\/revisions"}],"predecessor-version":[{"id":63956,"href":"https:\/\/tvbrazilusa.com\/pt\/wp-json\/wp\/v2\/posts\/63954\/revisions\/63956"}],"wp:featuredmedia":[{"embeddable":true,"href":"https:\/\/tvbrazilusa.com\/pt\/wp-json\/wp\/v2\/media\/63955"}],"wp:attachment":[{"href":"https:\/\/tvbrazilusa.com\/pt\/wp-json\/wp\/v2\/media?parent=63954"}],"wp:term":[{"taxonomy":"category","embeddable":true,"href":"https:\/\/tvbrazilusa.com\/pt\/wp-json\/wp\/v2\/categories?post=63954"},{"taxonomy":"post_tag","embeddable":true,"href":"https:\/\/tvbrazilusa.com\/pt\/wp-json\/wp\/v2\/tags?post=63954"}],"curies":[{"name":"wp","href":"https:\/\/api.w.org\/{rel}","templated":true}]}}