{"id":63959,"date":"2024-11-22T15:59:33","date_gmt":"2024-11-22T15:59:33","guid":{"rendered":"https:\/\/tvbrazilusa.com\/2024\/11\/22\/engenheiro-que-se-autodenomina-inventor-da-urna-eletronica-esta-entre-os-indiciados\/"},"modified":"2024-11-22T15:59:34","modified_gmt":"2024-11-22T15:59:34","slug":"engenheiro-que-se-autodenomina-inventor-da-urna-eletronica-esta-entre-os-indiciados","status":"publish","type":"post","link":"https:\/\/tvbrazilusa.com\/pt\/2024\/11\/22\/engenheiro-que-se-autodenomina-inventor-da-urna-eletronica-esta-entre-os-indiciados\/","title":{"rendered":"Engenheiro que se autodenomina &#8216;inventor&#8217; da urna eletr\u00f4nica est\u00e1 entre os indiciados"},"content":{"rendered":"<p> <script async src=\"https:\/\/pagead2.googlesyndication.com\/pagead\/js\/adsbygoogle.js?client=ca-pub-8864793242727901\"\r\n     crossorigin=\"anonymous\"><\/script><br \/>\n<\/p>\n<div id=\"taboola-read-more\" style=\"display:block; width:100%\">\n<p>Indiciado por suspeita dos crimes de aboli\u00e7\u00e3o violenta do Estado democr\u00e1tico de Direito, golpe de Estado e organiza\u00e7\u00e3o criminosa, o presidente do Instituto Voto Legal, o engenheiro Carlos Cesar Moretzsohn Rocha, se diz um dos criadores da urna eletr\u00f4nica.\n<\/p>\n<p><strong>Briga pela patente<\/strong><br \/>Em 1996, Rocha entrou com um pedido de patente junto ao Inpi (Instituto Nacional da Propriedade Industrial) reivindicando a cria\u00e7\u00e3o do &#8220;equipamento para vota\u00e7\u00e3o eletr\u00f4nica&#8221;. A urna eletr\u00f4nica foi usada pela primeira vez nas elei\u00e7\u00f5es de 1996 e, segundo o TSE, o projeto de engenharia do equipamento \u00e9 de sua propriedade.<\/p>\n<p>A Corte Eleitoral abriu uma licita\u00e7\u00e3o em 1995 para a constru\u00e7\u00e3o da urna. A elabora\u00e7\u00e3o do projeto t\u00e9cnico de hardware e software foi feita por especialistas em inform\u00e1tica, eletr\u00f4nica e comunica\u00e7\u00f5es da Justi\u00e7a Eleitoral, das For\u00e7as Armadas, do Minist\u00e9rio da Ci\u00eancia e Tecnologia, do Instituto Tecnol\u00f3gico de Aeron\u00e1utica, do Instituto Nacional de Pesquisas Espaciais e do Minist\u00e9rio das Comunica\u00e7\u00f5es.\n<\/p>\n<p>A empresa que venceu a licita\u00e7\u00e3o subcontratou a Omnitech Servi\u00e7os em Tecnologia e Marketing LTDA, da qual Carlos Rocha \u00e9 s\u00f3cio, para desenvolver a estrutura do equipamento.\n<\/p>\n<p>O pedido de patente do engenheiro foi negado pelo Inpi. Na decis\u00e3o, o instituto justificou que faltava o &#8220;requisito da novidade&#8221;, uma vez que o Tribunal Superior Eleitoral (TSE) havia publicado um edital, detalhando as especifica\u00e7\u00f5es do equipamento.\n<\/p>\n<p>Carlos Rocha afirmou que &#8220;sempre&#8221; colaborou &#8220;de forma construtiva com o TSE&#8221;. &#8220;Em 1995 e 1996, lideramos a equipe que desenvolveu e fabricou a urna eletr\u00f4nica. Em 2016 e 2017, atendemos \u00e0 Presid\u00eancia do TSE para o desenvolvimento do novo modelo de urna eletr\u00f4nica, com a impress\u00e3o do comprovante do voto&#8221;, disse. &#8220;Agora, em 2022, na fiscaliza\u00e7\u00e3o contratada pelo PL, para a colabora\u00e7\u00e3o construtiva para melhorar o sistema eleitoral&#8221;, disse ele, em entrevista ao Estad\u00e3o.\n<\/p>\n<p><strong>O Instituto Voto Legal<\/strong><br \/>Em novembro de 2021, o instituto foi aberto para atuar no setor de &#8220;suporte t\u00e9cnico, manuten\u00e7\u00e3o e outros servi\u00e7os em tecnologia da informa\u00e7\u00e3o&#8221;. A sede do instituto fica localizada em um apartamento no bairro de Jardim Santo Amaro, em S\u00e3o Paulo.\n<\/p>\n<p>Em 2022, o PL contratou o Instituto Voto Legal para auditar a elei\u00e7\u00e3o. Segundo a sigla, a ideia era realizar a fiscaliza\u00e7\u00e3o de todas as fases da vota\u00e7\u00e3o, apura\u00e7\u00e3o e totaliza\u00e7\u00e3o dos resultados da elei\u00e7\u00e3o.<\/p>\n<p>Fonte: Uol              <\/p>\n<\/div>\n<p><br \/>\n<br \/><a href=\"https:\/\/diariodobrasilnoticias.com.br\/noticia\/engenheiro-que-se-autodenomina-inventor-da-urna-eletronica-esta-entre-os-indiciados-67408cff81aab\">Source link <\/a><\/p>","protected":false},"excerpt":{"rendered":"<p>Indiciado por suspeita dos crimes de aboli\u00e7\u00e3o violenta do Estado democr\u00e1tico de Direito, golpe de Estado e organiza\u00e7\u00e3o criminosa, o presidente do Instituto Voto Legal, o engenheiro Carlos Cesar Moretzsohn&hellip;<\/p>","protected":false},"author":1,"featured_media":63960,"comment_status":"closed","ping_status":"open","sticky":false,"template":"","format":"standard","meta":{"content-type":"","footnotes":""},"categories":[16],"tags":[123,2448,5313,1267],"class_list":["post-63959","post","type-post","status-publish","format-standard","has-post-thumbnail","hentry","category-noticias","tag-brasil","tag-diario","tag-noticia","tag-noticias"],"_links":{"self":[{"href":"https:\/\/tvbrazilusa.com\/pt\/wp-json\/wp\/v2\/posts\/63959","targetHints":{"allow":["GET"]}}],"collection":[{"href":"https:\/\/tvbrazilusa.com\/pt\/wp-json\/wp\/v2\/posts"}],"about":[{"href":"https:\/\/tvbrazilusa.com\/pt\/wp-json\/wp\/v2\/types\/post"}],"author":[{"embeddable":true,"href":"https:\/\/tvbrazilusa.com\/pt\/wp-json\/wp\/v2\/users\/1"}],"replies":[{"embeddable":true,"href":"https:\/\/tvbrazilusa.com\/pt\/wp-json\/wp\/v2\/comments?post=63959"}],"version-history":[{"count":1,"href":"https:\/\/tvbrazilusa.com\/pt\/wp-json\/wp\/v2\/posts\/63959\/revisions"}],"predecessor-version":[{"id":63961,"href":"https:\/\/tvbrazilusa.com\/pt\/wp-json\/wp\/v2\/posts\/63959\/revisions\/63961"}],"wp:featuredmedia":[{"embeddable":true,"href":"https:\/\/tvbrazilusa.com\/pt\/wp-json\/wp\/v2\/media\/63960"}],"wp:attachment":[{"href":"https:\/\/tvbrazilusa.com\/pt\/wp-json\/wp\/v2\/media?parent=63959"}],"wp:term":[{"taxonomy":"category","embeddable":true,"href":"https:\/\/tvbrazilusa.com\/pt\/wp-json\/wp\/v2\/categories?post=63959"},{"taxonomy":"post_tag","embeddable":true,"href":"https:\/\/tvbrazilusa.com\/pt\/wp-json\/wp\/v2\/tags?post=63959"}],"curies":[{"name":"wp","href":"https:\/\/api.w.org\/{rel}","templated":true}]}}