{"id":63968,"date":"2024-11-22T15:38:09","date_gmt":"2024-11-22T15:38:09","guid":{"rendered":"https:\/\/tvbrazilusa.com\/2024\/11\/22\/pam-bondi-e-a-nova-escolha-de-trump-como-procuradora-geral-aqui-esta-o-que-voce-deve-saber-sobre-ela\/"},"modified":"2024-11-22T16:03:56","modified_gmt":"2024-11-22T16:03:56","slug":"pam-bondi-e-a-nova-escolha-de-trump-como-procuradora-geral-aqui-esta-o-que-voce-deve-saber-sobre-ela","status":"publish","type":"post","link":"https:\/\/tvbrazilusa.com\/pt\/2024\/11\/22\/pam-bondi-e-a-nova-escolha-de-trump-como-procuradora-geral-aqui-esta-o-que-voce-deve-saber-sobre-ela\/","title":{"rendered":"Pam Bondi \u00e9 a nova escolha de Trump como procuradora-geral. Aqui est\u00e1 o que voc\u00ea deve saber sobre ela."},"content":{"rendered":"<p> <script async src=\"https:\/\/pagead2.googlesyndication.com\/pagead\/js\/adsbygoogle.js?client=ca-pub-8864793242727901\"\r\n     crossorigin=\"anonymous\"><\/script><br \/>\n<\/p>\n<div id=\"\">\n<header class=\"m-article-header m-article-header--standard\">\n\t\t\t\t\t\t\t\t\t\t\t\t<span id=\"article-header-primary-term\"><br \/>\n\t\t\t\t\t\t\t\t<a class=\"a-term a-term--primary\" href=\"https:\/\/www.boston.com\/tag\/politics\/\"><\/p>\n<p>\t\t\t\t\t\t\t\tPol\u00edtica\t\t\t\t\t\t\t\t<\/a><br \/>\n\t\t\t\t\t\t\t<\/span><\/p>\n<h2 class=\"m-article-header__sub-headline\">Primeira mulher procuradora-geral do estado da Florida, tornou-se membro da equipa de defesa do impeachment de Donald Trump e apoiou as suas falsas alega\u00e7\u00f5es de fraude eleitoral em 2020.<\/h2>\n<figure class=\"a-photo m-article-header__photo\"><figcaption class=\"a-photo__caption\">\n<p>\tA ex-procuradora-geral da Fl\u00f3rida, Pam Bondi, fala antes do ent\u00e3o candidato presidencial republicano, o ex-presidente Donald Trump, chegar para falar em um com\u00edcio de campanha no First Horizon Coliseum, s\u00e1bado, 2 de novembro de 2024, em Greensboro, NC<em> Alex Brandon\/AP<\/em>\t<\/figcaption><\/figure>\n<div class=\"m-article-header__meta\">\n<div class=\"m-article-header__byline\">\n<p class=\"m-article-header__author\">\n<p>\t\t\t\t\t\t\t\tPor Glenn Thrush, servi\u00e7o do New York Times\t\t\t\t\t\t\t<\/p>\n<p>\t\t\t\t\t\t\t\t\t\t\t\t\t\t\t<time class=\"m-article-header__date\"><\/p>\n<p>\t\t\t\t\t\t\t\t\tatualizado em 22 de novembro de 2024 | 10h38\t\t\t\t\t\t\t\t<\/time><\/p><\/div>\n<\/p><\/div>\n<\/header>\n<p>O presidente eleito, Donald Trump, rapidamente afastou as m\u00e1s manchetes de quinta-feira sobre Matt Gaetz, substituindo rapidamente Pam Bondi, uma colega republicana da Fl\u00f3rida com um perfil totalmente diferente &#8211; mas uma reputa\u00e7\u00e3o semelhante de lealdade &#8211; para ser seu procurador-geral.<\/p>\n<p>Bondi, 59, \u00e9 uma lobista e leal a Trump que serviu como procuradora-geral da Fl\u00f3rida de 2011 a 2019. Ela tra\u00e7ou um caminho mais convencional e menos clamoroso do que Gaetz, com pouca da feia bagagem pessoal ou pol\u00edtica que levou alguns republicanos a se oporem ao governo de Gaetz. nomea\u00e7\u00e3o.<\/p>\n<h2 class=\"wp-block-heading\" id=\"h-she-was-a-local-prosecutor\"><strong>Ela era uma promotora local.<\/strong><\/h2>\n<p>Bondi, filha do prefeito de um pequeno munic\u00edpio da \u00e1rea de Tampa, come\u00e7ou a trabalhar como procuradora estadual assistente no condado de Hillsborough na d\u00e9cada de 1990. Durante 18 anos como promotora, ela julgou casos \u201cque v\u00e3o desde viol\u00eancia dom\u00e9stica at\u00e9 homic\u00eddio capital\u201d, de acordo com o <a href=\"https:\/\/ballardpartners.com\/team-member\/pam-bondi\/\">p\u00e1gina biogr\u00e1fica<\/a> em sua empresa de lobby.<\/p>\n<p>Ela supervisionou v\u00e1rios casos de destaque, principalmente um envolvendo o ex-arremessador do New York Mets Dwight Gooden, que cumpriu pena de um ano de pris\u00e3o por violar liberdade condicional em um caso de drogas em 2006.<\/p>\n<h2 class=\"wp-block-heading\" id=\"h-she-was-elected-florida-s-first-female-attorney-general-in-2010\"><strong>Ela foi eleita a primeira procuradora-geral da Fl\u00f3rida em 2010.<\/strong><\/h2>\n<p>Bondi &#8211; democrata at\u00e9 2000 &#8211; emergiu de uma lotada prim\u00e1ria republicana para vencer a disputa para procurador-geral depois de obter o apoio de Sarah Palin, ex-governadora do Alasca e candidata republicana fracassada \u00e0 vice-presid\u00eancia em 2008, e elogiando sua postura dura em rela\u00e7\u00e3o ao crime durante as apari\u00e7\u00f5es na Fox News.<\/p>\n<p>Durante o seu mandato de oito anos, ela tentou, sem sucesso, anular e enfraquecer a Lei de Cuidados Acess\u00edveis, op\u00f4s-se \u00e0 expans\u00e3o das protec\u00e7\u00f5es legais para a comunidade LGBTQ+ e cultivou uma reputa\u00e7\u00e3o nacional apoiando esfor\u00e7os contra o tr\u00e1fico de seres humanos.<\/p>\n<p>Ela tamb\u00e9m foi criticada por suas pr\u00e1ticas de arrecada\u00e7\u00e3o de fundos \u2013 e por persuadir o governador da \u00e9poca, Rick Scott, a adiar uma execu\u00e7\u00e3o em 2013 porque entrava em conflito com uma arrecada\u00e7\u00e3o de fundos para sua campanha de reelei\u00e7\u00e3o. Mais tarde, ela se desculpou.<\/p>\n<h2 class=\"wp-block-heading\" id=\"h-she-declined-to-take-legal-action-against-trump-university\"><strong>Ela se recusou a tomar medidas legais contra a Universidade Trump.<\/strong><\/h2>\n<p>Em 2013, o gabinete de Bondi recebeu quase duas d\u00fazias de queixas sobre a universidade com fins lucrativos de curta dura\u00e7\u00e3o de Trump, e os seus assessores disseram que ela estava a considerar aderir a um processo multiestadual movido em nome de estudantes que alegavam terem sido enganados.<\/p>\n<p>Quatro dias depois, o comit\u00ea de a\u00e7\u00e3o pol\u00edtica de Bondi recebeu uma contribui\u00e7\u00e3o de US$ 25 mil de uma organiza\u00e7\u00e3o sem fins lucrativos financiada por Trump. Ela nunca entrou no processo.<\/p>\n<p>Trump e Bondi negaram qualquer contrapartida. Mas Trump teve de pagar uma multa de 2.500 d\u00f3lares em 2016 por violar as leis fiscais federais ao fazer a contribui\u00e7\u00e3o.<\/p>\n<h2 class=\"wp-block-heading\" id=\"h-she-was-a-member-of-trump-s-impeachment-defense-team\"><strong>Ela era membro da equipe de defesa do impeachment de Trump.<\/strong><\/h2>\n<p>Depois de deixar o cargo em 2019, Bondi foi contratado pela Ballard Partners, uma empresa de lobby com la\u00e7os estreitos com Trump, e registrou-se como lobista do Catar. Ela tamb\u00e9m representou Amazon, Uber e General Motors, segundo registros.<\/p>\n<p>Um ano depois, ela se juntou \u00e0 equipe que defendeu Trump durante seu primeiro impeachment, onde acusou o ex-vice-presidente Joe Biden, ent\u00e3o cidad\u00e3o comum, de se envolver em pr\u00e1ticas comerciais corruptas com seu filho Hunter. Essas acusa\u00e7\u00f5es nunca foram fundamentadas, mas a sua vontade de promov\u00ea-las cimentou o seu v\u00ednculo com Trump e valeu-lhe um lugar privilegiado como oradora na Conven\u00e7\u00e3o Nacional Republicana no final desse ano.<\/p>\n<h2 class=\"wp-block-heading\" id=\"h-she-supported-trump-s-false-election-claims\"><strong>Ela apoiou as falsas alega\u00e7\u00f5es eleitorais de Trump.<\/strong><\/h2>\n<p>Depois que Biden venceu as elei\u00e7\u00f5es presidenciais de 2020, Bondi apoiou as alega\u00e7\u00f5es fabricadas de Trump sobre fraude eleitoral.<\/p>\n<p>Em Novembro de 2020, Bondi desviou-se quando um apresentador da Fox News lhe pediu que apoiasse a sua afirma\u00e7\u00e3o de que \u201cc\u00e9dulas falsas\u201d para Biden estavam a chegar aos centros de apuramento.<\/p>\n<p>\u201cPam, voc\u00ea acabou de dizer c\u00e9dulas falsas?\u201d o anfitri\u00e3o perguntou.<\/p>\n<p>\u201cPoderia haver. Esse \u00e9 o problema\u201d, respondeu Bondi, que mais tarde aceitou um cargo no America First Policy, um grupo alinhado a Trump.<\/p>\n<p>\u201cBasta nos dizer o que voc\u00ea sabe\u201d, acrescentou.<\/p>\n<p>Bondi, que seria respons\u00e1vel por investigar den\u00fancias de irregularidades nas elei\u00e7\u00f5es federais como procurador-geral, n\u00e3o forneceu nenhuma prova.<\/p>\n<p><em>Este artigo apareceu originalmente em <a href=\"https:\/\/www.nytimes.com\/2024\/11\/21\/us\/politics\/pam-bondi-trump-attorney-general.html\">O jornal New York Times<\/a>.<\/em><\/p>\n<\/p><\/div>\n<p><script>\n\t\tvar consent=\"grant\";\n\t\t\/* The above code is parsing the JSON data from the local storage and storing it in a variable. *\/\n\t\t\t\t\tconst onetrustStorageConsent = JSON.parse(localStorage.getItem( 'consent_one_trust_bdc' ) );\n\t\t\tif ( ( onetrustStorageConsent !== null ) ) {\n\t\t\t\t\/* Checking to see if the user has consented to the use of cookies.\n\t\t\t\t* If they have not, it is deleting the cookie.\n\t\t\t\t* This will comment for now, until further notice.\n\t\t\t\t*\/\n\t\t\t\t\/\/if ( onetrustStorageConsent.C0002 === false ) {\n\t\t\t\t\/\/\tdocument.cookie=\"_fbp=;expires=Thu, 01 Jan 2010 00:00:00 UTC; path=\/; domain=.boston.com\";\n\t\t\t\t\/\/}\n\t\t\t\t\/* Checking if the user has given consent for the cookie C0002.\n\t\t\t\t* If the user has given consent, the variable consent will be set to 'grant'.\n\t\t\t\t* If the user has not given consent,the variable consent will be set to 'revoke'.\n\t\t\t\t* Documentation https:\/\/developers.facebook.com\/docs\/meta-pixel\/implementation\/gdpr\n\t\t\t\t*\/\n\t\t\t\tif ( onetrustStorageConsent.C0002 !== true ) {\n\t\t\t\t\tconsent=\"revoke\";\n\t\t\t\t}\n\t\t\t}\n\t\t\t\t!function(f,b,e,v,n,t,s)\n\t\t{if(f.fbq)return;n=f.fbq=function(){n.callMethod?\n\t\tn.callMethod.apply(n,arguments):n.queue.push(arguments)};\n\t\tif(!f._fbq)f._fbq=n;n.push=n;n.loaded=!0;n.version='2.0';\n\t\tn.queue=[];t=b.createElement(e);t.async=!0;\n\t\tt.src=v;s=b.getElementsByTagName(e)[0];\n\t\ts.parentNode.insertBefore(t,s)}(window, document,'script',\n\t\t'https:\/\/connect.facebook.net\/en_US\/fbevents.js');\n\t\tfbq('consent', consent);\n\t\tfbq('init', '989222871864976');\n\t\tfbq('track', 'PageView');\n\t<\/script><script type=\"module\">\n\t\tvar consent=\"grant\";\n\t\t\/* The above code is parsing the JSON data from the local storage and storing it in a variable. *\/\n\t\t\tconst onetrustStorageConsent = JSON.parse(localStorage.getItem( 'consent_one_trust_bdc' ) );\n\t\t\t\/* Checking to see if the user has consented to the use of cookies.\n\t\t\t* If they have not, it is deleting the cookie.\n\t\t\t* This will comment for now, until further notice.\n\t\t\t*\/\n\t\t\t\/\/if ( onetrustStorageConsent.C0002 === false ) {\n\t\t\t\/\/\tdocument.cookie=\"_fbp=;expires=Thu, 01 Jan 2010 00:00:00 UTC; path=\/; domain=.boston.com\";\n\t\t\t\/\/}\n\t\t\t\/* Checking if the user has given consent for the cookie C0002.\n\t\t\t* If the user has given consent, the variable consent will be set to 'grant'.\n\t\t\t* If the user has not given consent,the variable consent will be set to 'revoke'.\n\t\t\t* Documentation https:\/\/developers.facebook.com\/docs\/meta-pixel\/implementation\/gdpr\n\t\t\t*\/\n\t\t\tif ( ( onetrustStorageConsent !== null ) && (onetrustStorageConsent.C0002 !== true ) ) {\n\t\t\t\tconsent=\"revoke\";\n\t\t\t}\n\t\t\t\t!function(f,b,e,v,n,t,s){if(f.fbq)return;n=f.fbq=function()\n\t\t{n.callMethod? n.callMethod.apply(n,arguments):n.queue.push(arguments)}\n\t\t;if(!f._fbq)f._fbq=n;\n\t\tn.push=n;n.loaded=!0;n.version='2.0';n.queue=[];t=b.createElement(e);t.async=!0;\n\t\tt.src=v;s=b.getElementsByTagName(e)[0];s.parentNode.insertBefore(t,s)}(window,\n\t\tdocument,'script','https:\/\/connect.facebook.net\/en_US\/fbevents.js');\n\t\tfbq('consent', consent);\n\t\tfbq('init', '813236348753005');\n\t\tfbq('track', \"PageView\");\n\t<\/script><br \/>\n<br \/><br \/>\n<br \/><a href=\"https:\/\/www.boston.com\/news\/politics\/2024\/11\/22\/pam-bondi-is-trumps-new-choice-as-attorney-general-heres-what-to-know-about-her\/\">Source link <\/a><\/p>","protected":false},"excerpt":{"rendered":"<p>Pol\u00edtica Primeira mulher procuradora-geral do estado da Florida, tornou-se membro da equipa de defesa do impeachment de Donald Trump e apoiou as suas falsas alega\u00e7\u00f5es de fraude eleitoral em 2020.&hellip;<\/p>","protected":false},"author":1,"featured_media":63969,"comment_status":"closed","ping_status":"open","sticky":false,"template":"","format":"standard","meta":{"content-type":"","footnotes":""},"categories":[1],"tags":[],"class_list":["post-63968","post","type-post","status-publish","format-standard","has-post-thumbnail","hentry","category-uncategorized"],"_links":{"self":[{"href":"https:\/\/tvbrazilusa.com\/pt\/wp-json\/wp\/v2\/posts\/63968","targetHints":{"allow":["GET"]}}],"collection":[{"href":"https:\/\/tvbrazilusa.com\/pt\/wp-json\/wp\/v2\/posts"}],"about":[{"href":"https:\/\/tvbrazilusa.com\/pt\/wp-json\/wp\/v2\/types\/post"}],"author":[{"embeddable":true,"href":"https:\/\/tvbrazilusa.com\/pt\/wp-json\/wp\/v2\/users\/1"}],"replies":[{"embeddable":true,"href":"https:\/\/tvbrazilusa.com\/pt\/wp-json\/wp\/v2\/comments?post=63968"}],"version-history":[{"count":1,"href":"https:\/\/tvbrazilusa.com\/pt\/wp-json\/wp\/v2\/posts\/63968\/revisions"}],"predecessor-version":[{"id":63970,"href":"https:\/\/tvbrazilusa.com\/pt\/wp-json\/wp\/v2\/posts\/63968\/revisions\/63970"}],"wp:featuredmedia":[{"embeddable":true,"href":"https:\/\/tvbrazilusa.com\/pt\/wp-json\/wp\/v2\/media\/63969"}],"wp:attachment":[{"href":"https:\/\/tvbrazilusa.com\/pt\/wp-json\/wp\/v2\/media?parent=63968"}],"wp:term":[{"taxonomy":"category","embeddable":true,"href":"https:\/\/tvbrazilusa.com\/pt\/wp-json\/wp\/v2\/categories?post=63968"},{"taxonomy":"post_tag","embeddable":true,"href":"https:\/\/tvbrazilusa.com\/pt\/wp-json\/wp\/v2\/tags?post=63968"}],"curies":[{"name":"wp","href":"https:\/\/api.w.org\/{rel}","templated":true}]}}