{"id":63971,"date":"2024-11-22T16:10:12","date_gmt":"2024-11-22T16:10:12","guid":{"rendered":"https:\/\/tvbrazilusa.com\/2024\/11\/22\/projeto-de-vereador-que-proibe-o-consumo-de-drogas-licitas-e-ilicitas-em-locais-publicos-e-aprovado-em-uma-cidade-importante-do-rn\/"},"modified":"2024-11-22T16:10:14","modified_gmt":"2024-11-22T16:10:14","slug":"projeto-de-vereador-que-proibe-o-consumo-de-drogas-licitas-e-ilicitas-em-locais-publicos-e-aprovado-em-uma-cidade-importante-do-rn","status":"publish","type":"post","link":"https:\/\/tvbrazilusa.com\/pt\/2024\/11\/22\/projeto-de-vereador-que-proibe-o-consumo-de-drogas-licitas-e-ilicitas-em-locais-publicos-e-aprovado-em-uma-cidade-importante-do-rn\/","title":{"rendered":"Projeto de vereador que pro\u00edbe o consumo de drogas l\u00edcitas e il\u00edcitas em locais p\u00fablicos \u00e9 aprovado em uma cidade importante do RN"},"content":{"rendered":"<p> <script async src=\"https:\/\/pagead2.googlesyndication.com\/pagead\/js\/adsbygoogle.js?client=ca-pub-8864793242727901\"\r\n     crossorigin=\"anonymous\"><\/script><br \/>\n<\/p>\n<div id=\"taboola-read-more\" style=\"display:block; width:100%\">\n<p>C\u00e2mara Municipal de Parnamirim aprovou, na \u00faltima quarta-feira (13\/11), durante a 113a sess\u00e3o ordin\u00e1ria, o Projeto de Lei no 110\/2024, de autoria do vereador Gabriel C\u00e9sar. A proposta estabelece a proibi\u00e7\u00e3o do consumo de drogas, sejam elas l\u00edcitas ou il\u00edcitas, em locais p\u00fablicos e privados, buscando garantir a seguran\u00e7a e a sa\u00fade da popula\u00e7\u00e3o.\n<\/p>\n<p>As regulamenta\u00e7\u00f5es abrangem tanto os produtos fum\u00edgenos l\u00edcitos quanto os de natureza entorpecente, conforme listado na Portaria ANVISA no 344\/98 e fundamentado pela Lei 11.343\/2006. Entre as subst\u00e2ncias proibidas est\u00e3o o crack, a maconha, o haxixe e similares, reconhecidas por seus efeitos prejudiciais \u00e0 sa\u00fade p\u00fablica e ao bem-estar coletivo.<\/p>\n<p>O objetivo \u00e9 coibir o uso de drogas em ambientes p\u00fablicos e privados, protegendo a comunidade e criando espa\u00e7os mais seguros e saud\u00e1veis.<br \/>A lei, no entanto, n\u00e3o pretende legislar sobre mat\u00e9rias de direito penal, reconhecendo a compet\u00eancia limitada do munic\u00edpio nesse aspecto. A proposta foca em refor\u00e7ar as medidas de preven\u00e7\u00e3o e prote\u00e7\u00e3o \u00e0 sa\u00fade p\u00fablica e sanit\u00e1ria.\n<\/p>\n<p>A iniciativa ganhou relev\u00e2ncia ap\u00f3s a recente decis\u00e3o do Supremo Tribunal Federal (STF) sobre o Tema 506, que n\u00e3o considera infra\u00e7\u00e3o penal o porte de pequenas quantidades de cannabis para consumo pessoal. A decis\u00e3o gerou interpreta\u00e7\u00f5es equivocadas nas redes sociais, levando \u00e0 necessidade de um texto mais expl\u00edcito para evitar confus\u00f5es e assegurar a efic\u00e1cia da pol\u00edtica p\u00fablica local de sa\u00fade. Para Gabriel, o projeto de lei \u00e9 de extrema import\u00e2ncia para Parnamirim uma vez que respalda e assegura vidas n\u00e3o sendo destru\u00eddas em raz\u00e3o das drogas.\n<\/p>\n<p>O vereador Gabriel C\u00e9sar defendeu tamb\u00e9m atrav\u00e9s de suas redes sociais a sa\u00fade. \u201c O uso de entorpecentes pode impactar n\u00e3o s\u00f3 a sa\u00fade individual, mas tamb\u00e9m o bem-estar da comunidade.\n<\/p>\n<p>A medida foi bem recebida pelos parlamentares, que ressaltaram a import\u00e2ncia de a\u00e7\u00f5es preventivas para reduzir os riscos associados ao consumo dessas subst\u00e2ncias.\n<\/p>\n<p>Fonte: Nova Parnamirim Not\u00edcias              <\/p>\n<\/div>\n<p><br \/>\n<br \/><a href=\"https:\/\/diariodobrasilnoticias.com.br\/noticia\/projeto-de-vereador-que-proibe-consumo-de-drogas-licitas-e-elicitas-em-local-publico-e-aprovado-numa-cidade-importante-do-rn-674091eb165c4\">Source link <\/a><\/p>","protected":false},"excerpt":{"rendered":"<p>C\u00e2mara Municipal de Parnamirim aprovou, na \u00faltima quarta-feira (13\/11), durante a 113a sess\u00e3o ordin\u00e1ria, o Projeto de Lei no 110\/2024, de autoria do vereador Gabriel C\u00e9sar. A proposta estabelece a&hellip;<\/p>","protected":false},"author":1,"featured_media":63972,"comment_status":"closed","ping_status":"open","sticky":false,"template":"","format":"standard","meta":{"content-type":"","footnotes":""},"categories":[16],"tags":[123,2448,5313,1267],"class_list":["post-63971","post","type-post","status-publish","format-standard","has-post-thumbnail","hentry","category-noticias","tag-brasil","tag-diario","tag-noticia","tag-noticias"],"_links":{"self":[{"href":"https:\/\/tvbrazilusa.com\/pt\/wp-json\/wp\/v2\/posts\/63971","targetHints":{"allow":["GET"]}}],"collection":[{"href":"https:\/\/tvbrazilusa.com\/pt\/wp-json\/wp\/v2\/posts"}],"about":[{"href":"https:\/\/tvbrazilusa.com\/pt\/wp-json\/wp\/v2\/types\/post"}],"author":[{"embeddable":true,"href":"https:\/\/tvbrazilusa.com\/pt\/wp-json\/wp\/v2\/users\/1"}],"replies":[{"embeddable":true,"href":"https:\/\/tvbrazilusa.com\/pt\/wp-json\/wp\/v2\/comments?post=63971"}],"version-history":[{"count":1,"href":"https:\/\/tvbrazilusa.com\/pt\/wp-json\/wp\/v2\/posts\/63971\/revisions"}],"predecessor-version":[{"id":63973,"href":"https:\/\/tvbrazilusa.com\/pt\/wp-json\/wp\/v2\/posts\/63971\/revisions\/63973"}],"wp:featuredmedia":[{"embeddable":true,"href":"https:\/\/tvbrazilusa.com\/pt\/wp-json\/wp\/v2\/media\/63972"}],"wp:attachment":[{"href":"https:\/\/tvbrazilusa.com\/pt\/wp-json\/wp\/v2\/media?parent=63971"}],"wp:term":[{"taxonomy":"category","embeddable":true,"href":"https:\/\/tvbrazilusa.com\/pt\/wp-json\/wp\/v2\/categories?post=63971"},{"taxonomy":"post_tag","embeddable":true,"href":"https:\/\/tvbrazilusa.com\/pt\/wp-json\/wp\/v2\/tags?post=63971"}],"curies":[{"name":"wp","href":"https:\/\/api.w.org\/{rel}","templated":true}]}}