{"id":64003,"date":"2024-11-22T17:04:27","date_gmt":"2024-11-22T17:04:27","guid":{"rendered":"https:\/\/tvbrazilusa.com\/2024\/11\/22\/gaetz-diz-que-nao-voltara-ao-congresso-no-proximo-ano-wsvn-7news-noticias-de-miami-clima-esportes-fort-lauderdale\/"},"modified":"2024-11-22T17:09:40","modified_gmt":"2024-11-22T17:09:40","slug":"gaetz-diz-que-nao-voltara-ao-congresso-no-proximo-ano-wsvn-7news-noticias-de-miami-clima-esportes-fort-lauderdale","status":"publish","type":"post","link":"https:\/\/tvbrazilusa.com\/pt\/2024\/11\/22\/gaetz-diz-que-nao-voltara-ao-congresso-no-proximo-ano-wsvn-7news-noticias-de-miami-clima-esportes-fort-lauderdale\/","title":{"rendered":"Gaetz diz que n\u00e3o voltar\u00e1 ao Congresso no pr\u00f3ximo ano &#8211; WSVN 7News | Not\u00edcias de Miami, clima, esportes | Fort Lauderdale"},"content":{"rendered":"<p> <script async src=\"https:\/\/pagead2.googlesyndication.com\/pagead\/js\/adsbygoogle.js?client=ca-pub-8864793242727901\"\r\n     crossorigin=\"anonymous\"><\/script><br \/>\n<\/p>\n<div itemprop=\"articleBody\">\n<p><strong>(CNN) &#8211; <\/strong>O ex-deputado da Fl\u00f3rida Matt Gaetz, que <a href=\"https:\/\/wsvn.com\/news\/politics\/gaetz-withdraws-as-trumps-pick-for-attorney-general-averting-confirmation-battle-in-the-senate\/\" data-type=\"link\" data-id=\"https:\/\/wsvn.com\/news\/politics\/gaetz-withdraws-as-trumps-pick-for-attorney-general-averting-confirmation-battle-in-the-senate\/\" target=\"_blank\" rel=\"noreferrer noopener\">retirou-se da considera\u00e7\u00e3o<\/a> como escolha do presidente eleito Donald Trump para procurador-geral na quinta-feira, disse na sexta-feira que n\u00e3o retornar\u00e1 ao Congresso no pr\u00f3ximo ano.<\/p>\n<p>\u201cAinda vou estar na luta, mas ser\u00e1 de um novo poleiro. N\u00e3o pretendo ingressar no 119\u00ba Congresso\u201d, disse ele a Charlie Kirk em entrevista.<\/p>\n<p>Gaetz, eleito pela primeira vez em 2016, renunciou \u00e0 C\u00e2mara no in\u00edcio deste m\u00eas depois que Trump o escolheu para liderar o Departamento de Justi\u00e7a. Mas os principais l\u00edderes do Congresso de ambos os partidos t\u00eam lutado para determinar se Gaetz poderia retornar \u00e0 C\u00e2mara no pr\u00f3ximo ano, ap\u00f3s ser reeleito neste outono.<\/p>\n<p>\u201cH\u00e1 v\u00e1rios floridianos fant\u00e1sticos que se candidataram para concorrer ao meu lugar, pessoas que inspiraram com seu hero\u00edsmo, com seu servi\u00e7o p\u00fablico. E estou realmente animado para ver o noroeste da Fl\u00f3rida atingir novos patamares e ter uma grande representa\u00e7\u00e3o\u201d, disse Gaetz a Kirk.<\/p>\n<p>Ele acrescentou: \u201cVou lutar pelo presidente Trump. Farei tudo o que ele me pedir, como sempre fiz. Mas acho que oito anos provavelmente \u00e9 tempo suficiente no Congresso dos Estados Unidos.\u201d<\/p>\n<p><em>The-CNN-Wire\u2122 e \u00a9 2024 Cable News Network, Inc., uma empresa da Time Warner. Todos os direitos reservados.<\/em><\/p>\n<div class=\"wp-block-newsletter\">\n\t<strong class=\"wp-block-newsletter__title\">Cadastre-se em nosso boletim informativo para receber as \u00faltimas not\u00edcias diretamente em sua caixa de entrada<\/strong><\/p>\n<\/div><\/div>\n<p><br \/>\n<br \/><a href=\"https:\/\/wsvn.com\/news\/politics\/gaetz-says-hes-not-rejoining-congress-next-year\/\">Source link <\/a><\/p>","protected":false},"excerpt":{"rendered":"<p>(CNN) &#8211; O ex-deputado da Fl\u00f3rida Matt Gaetz, que retirou-se da considera\u00e7\u00e3o como escolha do presidente eleito Donald Trump para procurador-geral na quinta-feira, disse na sexta-feira que n\u00e3o retornar\u00e1 ao&hellip;<\/p>","protected":false},"author":1,"featured_media":64004,"comment_status":"closed","ping_status":"open","sticky":false,"template":"","format":"standard","meta":{"content-type":"","footnotes":""},"categories":[1],"tags":[],"class_list":["post-64003","post","type-post","status-publish","format-standard","has-post-thumbnail","hentry","category-uncategorized"],"_links":{"self":[{"href":"https:\/\/tvbrazilusa.com\/pt\/wp-json\/wp\/v2\/posts\/64003","targetHints":{"allow":["GET"]}}],"collection":[{"href":"https:\/\/tvbrazilusa.com\/pt\/wp-json\/wp\/v2\/posts"}],"about":[{"href":"https:\/\/tvbrazilusa.com\/pt\/wp-json\/wp\/v2\/types\/post"}],"author":[{"embeddable":true,"href":"https:\/\/tvbrazilusa.com\/pt\/wp-json\/wp\/v2\/users\/1"}],"replies":[{"embeddable":true,"href":"https:\/\/tvbrazilusa.com\/pt\/wp-json\/wp\/v2\/comments?post=64003"}],"version-history":[{"count":1,"href":"https:\/\/tvbrazilusa.com\/pt\/wp-json\/wp\/v2\/posts\/64003\/revisions"}],"predecessor-version":[{"id":64005,"href":"https:\/\/tvbrazilusa.com\/pt\/wp-json\/wp\/v2\/posts\/64003\/revisions\/64005"}],"wp:featuredmedia":[{"embeddable":true,"href":"https:\/\/tvbrazilusa.com\/pt\/wp-json\/wp\/v2\/media\/64004"}],"wp:attachment":[{"href":"https:\/\/tvbrazilusa.com\/pt\/wp-json\/wp\/v2\/media?parent=64003"}],"wp:term":[{"taxonomy":"category","embeddable":true,"href":"https:\/\/tvbrazilusa.com\/pt\/wp-json\/wp\/v2\/categories?post=64003"},{"taxonomy":"post_tag","embeddable":true,"href":"https:\/\/tvbrazilusa.com\/pt\/wp-json\/wp\/v2\/tags?post=64003"}],"curies":[{"name":"wp","href":"https:\/\/api.w.org\/{rel}","templated":true}]}}