{"id":64006,"date":"2024-11-22T16:52:52","date_gmt":"2024-11-22T16:52:52","guid":{"rendered":"https:\/\/tvbrazilusa.com\/2024\/11\/22\/e-assim-que-defensores-e-advogados-locais-de-imigrantes-estao-se-preparando-para-os-planos-de-deportacao-em-massa-de-trump\/"},"modified":"2024-11-22T17:10:51","modified_gmt":"2024-11-22T17:10:51","slug":"e-assim-que-defensores-e-advogados-locais-de-imigrantes-estao-se-preparando-para-os-planos-de-deportacao-em-massa-de-trump","status":"publish","type":"post","link":"https:\/\/tvbrazilusa.com\/pt\/2024\/11\/22\/e-assim-que-defensores-e-advogados-locais-de-imigrantes-estao-se-preparando-para-os-planos-de-deportacao-em-massa-de-trump\/","title":{"rendered":"\u00c9 assim que defensores e advogados locais de imigrantes est\u00e3o se preparando para os planos de deporta\u00e7\u00e3o em massa de Trump"},"content":{"rendered":"<p> <script async src=\"https:\/\/pagead2.googlesyndication.com\/pagead\/js\/adsbygoogle.js?client=ca-pub-8864793242727901\"\r\n     crossorigin=\"anonymous\"><\/script><br \/>\n<\/p>\n<div id=\"\">\n<header class=\"m-article-header m-article-header--standard\">\n\t\t\t\t\t\t\t\t\t\t\t\t<span id=\"article-header-primary-term\"><br \/>\n\t\t\t\t\t\t\t\t<a class=\"a-term a-term--primary\" href=\"https:\/\/www.boston.com\/tag\/local-news\/\"><\/p>\n<p>\t\t\t\t\t\t\t\tNot\u00edcias locais\t\t\t\t\t\t\t\t<\/a><br \/>\n\t\t\t\t\t\t\t<\/span><\/p>\n<h2 class=\"m-article-header__sub-headline\">\u201cPrevemos que os esfor\u00e7os de fiscaliza\u00e7\u00e3o da imigra\u00e7\u00e3o poderiam concentrar-se em estados ou comunidades considerados favor\u00e1veis \u200b\u200baos imigrantes, tornando Massachusetts um alvo prov\u00e1vel\u201d.<\/h2>\n<figure class=\"a-photo m-article-header__photo\"><figcaption class=\"a-photo__caption\">\n\t<em>  David L. Ryan\/The Boston Globe<\/em>\t<\/figcaption><\/figure>\n<\/header>\n<p>Nas semanas anteriores ao presidente eleito <a href=\"https:\/\/www.boston.com\/tag\/donald-trump\/\">Donald Trump<\/a> assume o cargo, os defensores e advogados dos imigrantes de Massachusetts est\u00e3o se preparando para enfrentar os desafios que antecipam.<\/p>\n<p>No primeiro dia de mandato, Trump <a href=\"https:\/\/www.boston.com\/news\/politics\/2024\/11\/10\/trump-on-day-1-begin-deportation-push-pardon-jan-6-rioters-and-make-his-criminal-cases-vanish\/\">jurou<\/a> para lan\u00e7ar o \u201cmaior programa de deporta\u00e7\u00e3o da hist\u00f3ria americana\u201d.<\/p>\n<p>\u201cVou resgatar todas as cidades e vilas que foram invadidas e conquistadas, e colocaremos esses criminosos cru\u00e9is e sedentos de sangue na pris\u00e3o, e depois expuls\u00e1-los do nosso pa\u00eds o mais r\u00e1pido poss\u00edvel\u201d, afirmou. <a href=\"https:\/\/abcnews.go.com\/Politics\/trump-confirms-plan-declare-national-emergency-military-mass\/story?id=115963448\">o ex-presidente disse<\/a> em seu com\u00edcio no Madison Square Garden, em Nova York, no m\u00eas passado.<\/p>\n<p>Para cumprir os seus objectivos, Sarah Sherman-Stokes, directora associada da Cl\u00ednica de Direitos dos Imigrantes e Tr\u00e1fico de Seres Humanos da Universidade de Boston, prev\u00ea que a administra\u00e7\u00e3o Trump invocar\u00e1 o<a href=\"https:\/\/www.brennancenter.org\/our-work\/research-reports\/alien-enemies-act-explained\"> Lei dos Inimigos Estrangeiros de 1798<\/a>usado principalmente durante a guerra, para capacitar os militares para executar os esfor\u00e7os de deporta\u00e7\u00e3o em grande escala.<\/p>\n<p>Se aprovadas, os advogados de imigra\u00e7\u00e3o dizem esperar que as pol\u00edticas de Trump sejam sentidas em todo o pa\u00eds \u2013 alguns pensam que Massachusetts estar\u00e1 na linha de frente.<\/p>\n<p>Massachusetts tem sido h\u00e1 muito tempo um foco do <a href=\"https:\/\/www.boston.com\/news\/local-news\/2024\/03\/22\/live-updates-tracking-the-migrant-crisis-in-massachusetts\/\">crise migrat\u00f3ria<\/a>com um <a href=\"https:\/\/www.boston.com\/community\/local-news\/how-to-help-migrant-families-massachusetts\/\">sistema de abrigo transbordante<\/a> e <a href=\"https:\/\/www.boston.com\/news\/local-news\/2024\/04\/23\/classified-as-crime-victims-some-migrants-flown-to-marthas-vineyard-get-legal-protections\/\">migrantes transportados<\/a> para o estado. \u00c9 tamb\u00e9m o lar de v\u00e1rias cidades-santu\u00e1rio, incluindo Boston, Cambridge, Somerville, Springfield, Holyoke e Amherst. <\/p>\n<p>\u201cPrevemos que os esfor\u00e7os de fiscaliza\u00e7\u00e3o da imigra\u00e7\u00e3o poderiam se concentrar em estados ou comunidades considerados favor\u00e1veis \u200b\u200baos imigrantes, tornando Massachusetts um alvo prov\u00e1vel\u201d, disse recentemente ao Boston.com o Diretor Executivo de Advogados pelos Direitos Civis, Iv\u00e1n Espinoza-Madrigal.<\/p>\n<h2 class=\"wp-block-heading\" id=\"h-tremendous-fear-on-the-ground\">&#8216;Medo tremendo no terreno&#8217;<\/h2>\n<p>Nas semanas que se seguiram \u00e0s elei\u00e7\u00f5es, Espinoza-Madrigal diz que j\u00e1 havia \u201cum medo tremendo no terreno\u201d na comunidade imigrante.<\/p>\n<p>\u201cParte do que eles est\u00e3o fazendo \u00e9 realmente tentar criar uma sensa\u00e7\u00e3o de terror dentro dessas comunidades para levar as pessoas ainda mais \u00e0 clandestinidade\u201d, disse Sarang Sekhavat, chefe de gabinete da Coaliz\u00e3o de Imigrantes e Refugiados de Massachusetts, ao Boston.com.<\/p>\n<p>O medo decorre em grande parte da ret\u00f3rica que Trump usa sobre os imigrantes, segundo Rachel Benedict, advogada do Rian Immigration Center.<\/p>\n<p>\u201cAs pr\u00f3prias palavras que Trump usa t\u00eam um efeito real e um impacto real no povo de Massachusetts\u201d, disse ela ao Boston.com. \u201cSuas palavras s\u00e3o importantes.\u201d<\/p>\n<p>Sekhavat disse que prev\u00ea que os empregadores percam membros da sua for\u00e7a de trabalho e que algumas crian\u00e7as possam ficar sem os pais.<\/p>\n<p>\u201cComo voc\u00ea vai se concentrar na escola e em construir uma vida aqui se n\u00e3o sabe o que vai acontecer com seus pais?\u201d disse Benedito.<\/p>\n<p>Sem um plano claro da administra\u00e7\u00e3o Trump, Sekhavat disse que h\u00e1 muita \u201cincerteza\u201d tanto entre aqueles que servem a comunidade imigrante como entre os pr\u00f3prios imigrantes.<\/p>\n<p>\u201cTodo mundo est\u00e1 realmente preocupado agora\u201d, disse ele. \u201cAs pessoas n\u00e3o sabem como ser\u00e1 sua vida.\u201d<\/p>\n<h2 class=\"wp-block-heading\" id=\"h-preparations\">Preparativos<\/h2>\n<p>Antes do Dia da Posse, os prestadores de servi\u00e7os jur\u00eddicos de imigra\u00e7\u00e3o em Massachusetts est\u00e3o trabalhando 24 horas por dia, respondendo \u00e0s preocupa\u00e7\u00f5es dos clientes e trabalhando com os legisladores locais para fortalecer a prote\u00e7\u00e3o aos imigrantes no estado.<\/p>\n<p>Espinoza-Madrigal disse que sua organiza\u00e7\u00e3o est\u00e1 avaliando como as pol\u00edticas locais e estaduais podem ser \u201caprimoradas\u201d para tornar mais dif\u00edcil a apropria\u00e7\u00e3o de recursos para a fiscaliza\u00e7\u00e3o da imigra\u00e7\u00e3o. <\/p>\n<p>Para conseguir isso, Espinoza-Madrigal disse que est\u00e1 a trabalhar com os decisores pol\u00edticos para \u201cfortalecer as pol\u00edticas de santu\u00e1rios e colmatar lacunas\u201d.<\/p>\n<p>\u201cA fiscaliza\u00e7\u00e3o federal da imigra\u00e7\u00e3o n\u00e3o \u00e9 responsabilidade das autoridades locais e estaduais\u201d, disse ele. \u201cPrecisamos que Boston e outras cidades se comprometam fortemente no apoio aos migrantes.\u201d<\/p>\n<p>Esse apoio dos governos locais, disse Espinoza-Madrigal, pode ser sentido de forma tang\u00edvel atrav\u00e9s da monitoriza\u00e7\u00e3o e forma\u00e7\u00e3o dos respons\u00e1veis \u200b\u200bpela aplica\u00e7\u00e3o da lei e dos distritos escolares para garantir que \u201cas nossas comunidades continuam a ser amigas dos imigrantes\u201d.<\/p>\n<p>\u201cOs Advogados pelos Direitos Civis instam os governos estaduais e locais a fornecer treinamento e supervis\u00e3o regulares para as autoridades policiais e escolares para evitar conluio ou envolvimento com as autoridades de imigra\u00e7\u00e3o\u201d, disse ele.<\/p>\n<p>Sekhavat disse que est\u00e1 ajudando os pais a estabelecer planos para cuidar de seus filhos, caso eles sejam levados pelo ICE.<\/p>\n<p>\u201cEstamos tentando levar esse tipo de material \u00e0 comunidade para que essas fam\u00edlias possam ter a infraestrutura legal instalada caso o pior aconte\u00e7a com elas\u201d, disse ele.<\/p>\n<p>Sekhavat disse que tamb\u00e9m pretende educar \u201co maior n\u00famero de pessoas poss\u00edvel\u201d sobre quais s\u00e3o os seus direitos.<\/p>\n<p>\u201cN\u00e3o queremos que as pessoas tenham medo de coisas simples, como levar os filhos \u00e0 escola ou fazer compras\u201d, disse ele. \u201cMas, ao mesmo tempo, precisamos de garantir que eles s\u00e3o informados sobre o que as pol\u00edticas podem potencialmente significar para eles e como se protegerem.\u201d<\/p>\n<p>O advogado e cofundador do Centro Mabel para Justi\u00e7a de Imigrantes, Daniel Santiago, disse que recebeu muitas liga\u00e7\u00f5es de indiv\u00edduos expressando preocupa\u00e7\u00f5es sobre seus casos de imigra\u00e7\u00e3o e temores de deporta\u00e7\u00e3o. <\/p>\n<p>Tanto Santiago quanto Bento XVI disseram que abriram tantos casos quanto poss\u00edvel nos dias anteriores \u00e0 posse de Trump.<\/p>\n<p>\u201c\u00c9 muito trabalho de prepara\u00e7\u00e3o antes da inaugura\u00e7\u00e3o\u201d, disse Santiago ao Boston.com. \u201cMas tamb\u00e9m prevemos que haver\u00e1 muito trabalho depois.\u201d<\/p>\n<h2 class=\"wp-block-heading\" id=\"h-mass-politicians-pushback-but-advocates-want-more\">Os pol\u00edticos de Massachusetts resistem, mas os defensores querem mais<\/h2>\n<p>Os estados podem resistir \u00e0 coopera\u00e7\u00e3o com o governo federal recusando-se a deter imigrantes nas suas comunidades e impedindo a pol\u00edcia local de trabalhar com as autoridades federais de imigra\u00e7\u00e3o, disse Sherman-Stokes ao Boston.com.<\/p>\n<p>\u201cGostar\u00edamos de ver a nossa aplica\u00e7\u00e3o da lei concentrando-se nas suas prioridades, na sua miss\u00e3o, que \u00e9 a aplica\u00e7\u00e3o da lei criminal e n\u00e3o se envolvendo nesta aplica\u00e7\u00e3o da lei civil em torno da imigra\u00e7\u00e3o\u201d, disse Sekhavat.<\/p>\n<p>Em muitos casos, em Boston, um <a href=\"https:\/\/www.boston.gov\/news\/signing-trust-act-amendments-law\">lei existente<\/a> impede a pol\u00edcia local de cooperar com a aplica\u00e7\u00e3o do ICE.<\/p>\n<p>\u201cA ideia de que certas ag\u00eancias locais de aplica\u00e7\u00e3o da lei ser\u00e3o obrigadas, ou ser\u00e3o esperadas, a participar em deporta\u00e7\u00f5es em massa de residentes que n\u00e3o participaram em actividades criminosas graves apenas para cumprir esta promessa de campanha, isto n\u00e3o \u00e9 algo que seja poss\u00edvel sob o leis em Boston\u201d, disse Wu no GBH&#8217;s \u201c<a href=\"https:\/\/www.youtube.com\/watch?v=MZ5cag4-Kok&#038;list=PLMQKK3_a14M1mmIeR9IB7jB6AEy_zZz42&#038;index=2\">R\u00e1dio P\u00fablica de Boston<\/a>&#8221; semana passada.<\/p>\n<p>Tom Homan, o \u201cczar da fronteira\u201d nomeado por Trump <a href=\"https:\/\/www.boston.com\/news\/politics\/2024\/11\/19\/either-she-helps-us-or-gets-the-hell-out-of-the-way-trumps-border-czar-attacks-wu-over-comments-on-mass-deportation-plans\/\">respondeu aos coment\u00e1rios de Wu no Newsmax na segunda-feira<\/a>dizendo: \u201cOu ela nos ajuda ou sai do caminho porque vamos fazer isso\u201d.<\/p>\n<p>\u201cA prefer\u00eancia dos democratas em favorecer a sua base mais extrema est\u00e1 a colocar os residentes em risco\u201d, disse a presidente do MassGOP, Amy Carnevale, numa declara\u00e7\u00e3o sobre os coment\u00e1rios recentes de Wu. \u201cEsta pol\u00edtica est\u00e1 fora de controle e completamente absurda.\u201d<\/p>\n<p>No entanto, a governadora Maura Healey repetiu <a href=\"https:\/\/www.boston.com\/news\/local-news\/2024\/11\/18\/wu-addresses-bostons-approach-to-trumps-deportation-plans\/\">Os planos de Wu<\/a> em uma entrevista recente na MSNBC, dizendo que garantir\u00e1 que a Pol\u00edcia Estadual de Massachusetts tamb\u00e9m n\u00e3o cooperar\u00e1 com os planos de deporta\u00e7\u00e3o de Trump, <a href=\"https:\/\/www.boston.com\/news\/politics\/2024\/11\/08\/massachusetts-governor-maura-healey-state-wont-cooperate-mass-deportations\/\">Boston.com relatou anteriormente<\/a>. Healey disse que apoia o uso da resist\u00eancia por meio da autoridade reguladora do estado, de seus poderes executivos e da legisla\u00e7\u00e3o estadual.<\/p>\n<p>No entanto, Sherman-Stokes diz que a resist\u00eancia declarada por Healey n\u00e3o \u00e9 suficiente. O <a href=\"https:\/\/www.boston.com\/news\/politics\/2024\/08\/11\/inhumane-conditions-at-plymouth-jail-used-by-ice-persist-advocates-say\/\">\u00faltimo contrato ICE restante<\/a> no estado para deter migrantes no Centro Correcional do Condado de Plymouth \u2013 acusado de \u201ccondi\u00e7\u00f5es desumanas\u201d \u2013 ainda n\u00e3o foi cancelado.<\/p>\n<p>\u201cOs defensores pediram repetidamente ao Estado que cancelasse esse contrato, mas ele permanece como uma arma carregada a ser expandida assim que Trump assumir o cargo\u201d, disse ela.<\/p>\n<p>Sherman-Stokes disse que deseja que o estado implemente mais prote\u00e7\u00f5es para n\u00e3o-cidad\u00e3os para neutralizar o impacto potencial na popula\u00e7\u00e3o imigrante de Massachusetts.<\/p>\n<p>\u201cGostaria de ver o estado de Massachusetts e as autoridades eleitas em Massachusetts garantindo que fornecemos moradia a todos os n\u00e3o-cidad\u00e3os, para que estejam seguros e n\u00e3o nas ruas como alvos f\u00e1ceis para a pris\u00e3o e aplica\u00e7\u00e3o do ICE\u201d, disse ela.<\/p>\n<p>Espinoza-Madrigal disse que quer mais a\u00e7\u00e3o por tr\u00e1s das palavras dos pol\u00edticos.<\/p>\n<p>\u201cAs declara\u00e7\u00f5es p\u00fablicas que vimos s\u00e3o \u00fateis, mas precisamos de muito mais\u201d, disse ele. \u201cO monitoramento e o treinamento s\u00e3o essenciais, e n\u00e3o temos visto isso o suficiente em n\u00edvel local ou estadual.\u201d<\/p>\n<div class=\"o-author-single has-avatar\">\n<header class=\"m-author-card\">\n<div class=\"a-image a-image--square m-author-card__image\">\n\t\t<img decoding=\"async\" class=\"\" src=\"https:\/\/www.boston.com\/wp-content\/uploads\/2024\/09\/cropped-1708366528224-66f6a3bb1db19-66f6a3c33f251.jpg\" alt=\"Imagem do perfil de Lindsay Shachnow\"\/>\t<\/div>\n<\/header>\n<section class=\"author-info\">\n<hr class=\"m-author__section--hr\"\/>\n<div class=\"m-author__section\">\n<p>Lindsay Shachnow cobre not\u00edcias de atribui\u00e7\u00f5es gerais para <a href=\"http:\/\/boston.com\/\">Boston.com<\/a>reportando as \u00faltimas not\u00edcias, crimes e pol\u00edtica em toda a Nova Inglaterra.<\/p>\n<\/div>\n<hr class=\"m-author__section--hr\"\/>\t<\/section>\n<\/div>\n<div class=\"m-block m-generic-cta\t m-generic-cta--post-content\t m-generic-cta--dark\t m-generic-cta--homepage\t m-generic-cta--email-signup\t\t m-generic-cta-block-style--default \tt-amp__generic-cta\"><\/p>\n<div class=\"m-generic-cta__wrap\">\n<div class=\"m-generic-cta__content\">\n<h3 class=\"m-generic-cta__title\">Boston.com hoje<\/h3>\n<p class=\"m-generic-cta__subtitle\">Inscreva-se para receber as \u00faltimas manchetes em sua caixa de entrada todas as manh\u00e3s.<\/p>\n<\/p><\/div>\n<\/p><\/div>\n<\/div><\/div>\n<p><script>\n\t\tvar consent=\"grant\";\n\t\t\/* The above code is parsing the JSON data from the local storage and storing it in a variable. *\/\n\t\t\t\t\tconst onetrustStorageConsent = JSON.parse(localStorage.getItem( 'consent_one_trust_bdc' ) );\n\t\t\tif ( ( onetrustStorageConsent !== null ) ) {\n\t\t\t\t\/* Checking to see if the user has consented to the use of cookies.\n\t\t\t\t* If they have not, it is deleting the cookie.\n\t\t\t\t* This will comment for now, until further notice.\n\t\t\t\t*\/\n\t\t\t\t\/\/if ( onetrustStorageConsent.C0002 === false ) {\n\t\t\t\t\/\/\tdocument.cookie=\"_fbp=;expires=Thu, 01 Jan 2010 00:00:00 UTC; path=\/; domain=.boston.com\";\n\t\t\t\t\/\/}\n\t\t\t\t\/* Checking if the user has given consent for the cookie C0002.\n\t\t\t\t* If the user has given consent, the variable consent will be set to 'grant'.\n\t\t\t\t* If the user has not given consent,the variable consent will be set to 'revoke'.\n\t\t\t\t* Documentation https:\/\/developers.facebook.com\/docs\/meta-pixel\/implementation\/gdpr\n\t\t\t\t*\/\n\t\t\t\tif ( onetrustStorageConsent.C0002 !== true ) {\n\t\t\t\t\tconsent=\"revoke\";\n\t\t\t\t}\n\t\t\t}\n\t\t\t\t!function(f,b,e,v,n,t,s)\n\t\t{if(f.fbq)return;n=f.fbq=function(){n.callMethod?\n\t\tn.callMethod.apply(n,arguments):n.queue.push(arguments)};\n\t\tif(!f._fbq)f._fbq=n;n.push=n;n.loaded=!0;n.version='2.0';\n\t\tn.queue=[];t=b.createElement(e);t.async=!0;\n\t\tt.src=v;s=b.getElementsByTagName(e)[0];\n\t\ts.parentNode.insertBefore(t,s)}(window, document,'script',\n\t\t'https:\/\/connect.facebook.net\/en_US\/fbevents.js');\n\t\tfbq('consent', consent);\n\t\tfbq('init', '989222871864976');\n\t\tfbq('track', 'PageView');\n\t<\/script><script type=\"module\">\n\t\tvar consent=\"grant\";\n\t\t\/* The above code is parsing the JSON data from the local storage and storing it in a variable. *\/\n\t\t\tconst onetrustStorageConsent = JSON.parse(localStorage.getItem( 'consent_one_trust_bdc' ) );\n\t\t\t\/* Checking to see if the user has consented to the use of cookies.\n\t\t\t* If they have not, it is deleting the cookie.\n\t\t\t* This will comment for now, until further notice.\n\t\t\t*\/\n\t\t\t\/\/if ( onetrustStorageConsent.C0002 === false ) {\n\t\t\t\/\/\tdocument.cookie=\"_fbp=;expires=Thu, 01 Jan 2010 00:00:00 UTC; path=\/; domain=.boston.com\";\n\t\t\t\/\/}\n\t\t\t\/* Checking if the user has given consent for the cookie C0002.\n\t\t\t* If the user has given consent, the variable consent will be set to 'grant'.\n\t\t\t* If the user has not given consent,the variable consent will be set to 'revoke'.\n\t\t\t* Documentation https:\/\/developers.facebook.com\/docs\/meta-pixel\/implementation\/gdpr\n\t\t\t*\/\n\t\t\tif ( ( onetrustStorageConsent !== null ) && (onetrustStorageConsent.C0002 !== true ) ) {\n\t\t\t\tconsent=\"revoke\";\n\t\t\t}\n\t\t\t\t!function(f,b,e,v,n,t,s){if(f.fbq)return;n=f.fbq=function()\n\t\t{n.callMethod? n.callMethod.apply(n,arguments):n.queue.push(arguments)}\n\t\t;if(!f._fbq)f._fbq=n;\n\t\tn.push=n;n.loaded=!0;n.version='2.0';n.queue=[];t=b.createElement(e);t.async=!0;\n\t\tt.src=v;s=b.getElementsByTagName(e)[0];s.parentNode.insertBefore(t,s)}(window,\n\t\tdocument,'script','https:\/\/connect.facebook.net\/en_US\/fbevents.js');\n\t\tfbq('consent', consent);\n\t\tfbq('init', '813236348753005');\n\t\tfbq('track', \"PageView\");\n\t<\/script><br \/>\n<br \/><br \/>\n<br \/><a href=\"https:\/\/www.boston.com\/news\/local-news\/2024\/11\/22\/this-is-how-local-immigrant-advocates-and-lawyers-are-preparing-for-trumps-mass-deportation-plans\/\">Source link <\/a><\/p>","protected":false},"excerpt":{"rendered":"<p>Not\u00edcias locais \u201cPrevemos que os esfor\u00e7os de fiscaliza\u00e7\u00e3o da imigra\u00e7\u00e3o poderiam concentrar-se em estados ou comunidades considerados favor\u00e1veis \u200b\u200baos imigrantes, tornando Massachusetts um alvo prov\u00e1vel\u201d. David L. Ryan\/The Boston Globe&hellip;<\/p>","protected":false},"author":1,"featured_media":64007,"comment_status":"closed","ping_status":"open","sticky":false,"template":"","format":"standard","meta":{"content-type":"","footnotes":""},"categories":[1],"tags":[],"class_list":["post-64006","post","type-post","status-publish","format-standard","has-post-thumbnail","hentry","category-uncategorized"],"_links":{"self":[{"href":"https:\/\/tvbrazilusa.com\/pt\/wp-json\/wp\/v2\/posts\/64006","targetHints":{"allow":["GET"]}}],"collection":[{"href":"https:\/\/tvbrazilusa.com\/pt\/wp-json\/wp\/v2\/posts"}],"about":[{"href":"https:\/\/tvbrazilusa.com\/pt\/wp-json\/wp\/v2\/types\/post"}],"author":[{"embeddable":true,"href":"https:\/\/tvbrazilusa.com\/pt\/wp-json\/wp\/v2\/users\/1"}],"replies":[{"embeddable":true,"href":"https:\/\/tvbrazilusa.com\/pt\/wp-json\/wp\/v2\/comments?post=64006"}],"version-history":[{"count":1,"href":"https:\/\/tvbrazilusa.com\/pt\/wp-json\/wp\/v2\/posts\/64006\/revisions"}],"predecessor-version":[{"id":64008,"href":"https:\/\/tvbrazilusa.com\/pt\/wp-json\/wp\/v2\/posts\/64006\/revisions\/64008"}],"wp:featuredmedia":[{"embeddable":true,"href":"https:\/\/tvbrazilusa.com\/pt\/wp-json\/wp\/v2\/media\/64007"}],"wp:attachment":[{"href":"https:\/\/tvbrazilusa.com\/pt\/wp-json\/wp\/v2\/media?parent=64006"}],"wp:term":[{"taxonomy":"category","embeddable":true,"href":"https:\/\/tvbrazilusa.com\/pt\/wp-json\/wp\/v2\/categories?post=64006"},{"taxonomy":"post_tag","embeddable":true,"href":"https:\/\/tvbrazilusa.com\/pt\/wp-json\/wp\/v2\/tags?post=64006"}],"curies":[{"name":"wp","href":"https:\/\/api.w.org\/{rel}","templated":true}]}}