{"id":6402,"date":"2024-07-23T17:18:43","date_gmt":"2024-07-23T17:18:43","guid":{"rendered":"https:\/\/tvbrazilusa.com\/2024\/07\/23\/cenas-de-filme-caminhao-arrasta-carro-em-confronto-entre-motoristas-veja-video\/"},"modified":"2024-07-23T17:19:05","modified_gmt":"2024-07-23T17:19:05","slug":"cenas-de-filme-caminhao-arrasta-carro-em-confronto-entre-motoristas-veja-video","status":"publish","type":"post","link":"https:\/\/tvbrazilusa.com\/pt\/2024\/07\/23\/cenas-de-filme-caminhao-arrasta-carro-em-confronto-entre-motoristas-veja-video\/","title":{"rendered":"CENAS DE FILME: Caminh\u00e3o arrasta carro em confronto entre motoristas; VEJA V\u00cdDEO"},"content":{"rendered":"<p> <script async src=\"https:\/\/pagead2.googlesyndication.com\/pagead\/js\/adsbygoogle.js?client=ca-pub-8864793242727901\"\r\n     crossorigin=\"anonymous\"><\/script><br \/>\n<\/p>\n<div>\n<p><em>foto: reprodu\u00e7\u00e3o <\/em><\/p>\n<p>Um v\u00eddeo que se tornou viral nas redes sociais capturou um momento de tens\u00e3o e perigo nas estradas brasileiras, mais especificamente na PR-423, localizada em Arauc\u00e1ria, na Regi\u00e3o Metropolitana de Curitiba. Este incidente tem sido amplamente discutido devido \u00e0s suas circunst\u00e2ncias extraordin\u00e1rias e ao comportamento agressivo dos envolvidos.<\/p>\n<blockquote class=\"twitter-tweet\" data-media-max-width=\"560\">\n<p lang=\"pt\" dir=\"ltr\">\ud83d\udcfd\ufe0f Reprodu\u00e7\u00e3o \/ Redes Sociais <a href=\"https:\/\/t.co\/VxciYaBnL3\">pic.twitter.com\/VxciYaBnL3<\/a><\/p>\n<p>\u2014 Itatiaia (@itatiaia) <a href=\"https:\/\/twitter.com\/itatiaia\/status\/1815778494200361241?ref_src=twsrc%5Etfw\">July 23, 2024<\/a><\/p><\/blockquote>\n<p>O epis\u00f3dio come\u00e7ou quando um autom\u00f3vel tentou ultrapassar uma carreta, mas, ao faz\u00ea-lo, provocou um fechamento abrupto, levando ambos os ve\u00edculos a um movimento err\u00e1tico de zigue-zague na estrada. A situa\u00e7\u00e3o escalou rapidamente para um confronto f\u00edsico entre os motoristas ap\u00f3s os ve\u00edculos pararem.<\/p>\n<h2 class=\"wp-block-heading\">O que ocorreu durante o conflito na PR-423?<\/h2>\n<p>Ap\u00f3s a tentativa de ultrapassagem, o motorista do carro, sem camisa, desceu do seu ve\u00edculo e foi surpreendentemente agressivo. Ele come\u00e7ou a atacar a cabine do caminh\u00e3o enquanto este manobrava para ultrapassar novamente o carro. Em um momento de extrema tens\u00e3o, o caminh\u00e3o chegou a dar r\u00e9, arrastando o carro por alguns metros, enquanto o motorista do carro tentava continuar a agredir o motorista da carreta.<\/p>\n<h2 class=\"wp-block-heading\">Causas poss\u00edveis para a agressividade na estrada<\/h2>\n<p>Testemunhas no local relataram que o motorista do carro estava dirigindo de maneira err\u00e1tica e provocativa por um tempo consider\u00e1vel antes do incidente. Outros motoristas na estrada reagiram ligando os pisca-alertas e reduzindo a velocidade, na tentativa de evitar um acidente maior. Uma espectadora come\u00e7ou a filmar a situa\u00e7\u00e3o, capturando toda a cena dram\u00e1tica.<\/p>\n<h2 class=\"wp-block-heading\">Rea\u00e7\u00e3o das autoridades<\/h2>\n<p>A Pol\u00edcia Rodovi\u00e1ria Estadual (PRE), ap\u00f3s ser informada sobre o incidente, declarou que nenhuma ocorr\u00eancia oficial havia sido registrada e que, portanto, n\u00e3o realizariam investiga\u00e7\u00f5es adicionais sobre o caso. Essa decis\u00e3o levantou discuss\u00f5es sobre a seguran\u00e7a nas estradas e o tratamento de confrontos violentos entre motoristas.<\/p>\n<p>O v\u00eddeo do incidente levanta importantes quest\u00f5es sobre a seguran\u00e7a no tr\u00e2nsito e o comportamento dos motoristas nas estradas. Especialistas em seguran\u00e7a rodovi\u00e1ria sugerem que incidentes como esse destacam a necessidade de maior conscientiza\u00e7\u00e3o e educa\u00e7\u00e3o no tr\u00e2nsito, bem como poss\u00edveis revis\u00f5es na forma como tais eventos s\u00e3o gerenciados pelas autoridades.<\/p>\n<p>Este caso \u00e9 um lembrete perturbador de que a raiva no tr\u00e2nsito pode escalar rapidamente para situa\u00e7\u00f5es de extremo perigo, n\u00e3o apenas para os envolidos diretamente, mas tamb\u00e9m para outros motoristas e passageiros nas proximidades. \u00c9 fundamental que todos ao volante mantenham a calma e respeitem n\u00e3o apenas as leis de tr\u00e2nsito, mas tamb\u00e9m uns aos outros, para garantir a seguran\u00e7a de todos nas estradas.<\/p>\n<\/p><\/div>\n<p><script async src=\"\/\/platform.twitter.com\/widgets.js\" charset=\"utf-8\"><\/script><br \/>\n<br \/><br \/>\n<br \/><a href=\"https:\/\/terrabrasilnoticias.com\/2024\/07\/cenas-de-filme-caminhao-arrasta-carro-em-confronto-entre-motoristas-veja-video\/\">Source link <\/a><\/p>","protected":false},"excerpt":{"rendered":"<p>foto: reprodu\u00e7\u00e3o Um v\u00eddeo que se tornou viral nas redes sociais capturou um momento de tens\u00e3o e perigo nas estradas brasileiras, mais especificamente na PR-423, localizada em Arauc\u00e1ria, na Regi\u00e3o&hellip;<\/p>","protected":false},"author":1,"featured_media":6403,"comment_status":"closed","ping_status":"open","sticky":false,"template":"","format":"standard","meta":{"content-type":"","footnotes":""},"categories":[16],"tags":[],"class_list":["post-6402","post","type-post","status-publish","format-standard","has-post-thumbnail","hentry","category-noticias"],"_links":{"self":[{"href":"https:\/\/tvbrazilusa.com\/pt\/wp-json\/wp\/v2\/posts\/6402","targetHints":{"allow":["GET"]}}],"collection":[{"href":"https:\/\/tvbrazilusa.com\/pt\/wp-json\/wp\/v2\/posts"}],"about":[{"href":"https:\/\/tvbrazilusa.com\/pt\/wp-json\/wp\/v2\/types\/post"}],"author":[{"embeddable":true,"href":"https:\/\/tvbrazilusa.com\/pt\/wp-json\/wp\/v2\/users\/1"}],"replies":[{"embeddable":true,"href":"https:\/\/tvbrazilusa.com\/pt\/wp-json\/wp\/v2\/comments?post=6402"}],"version-history":[{"count":1,"href":"https:\/\/tvbrazilusa.com\/pt\/wp-json\/wp\/v2\/posts\/6402\/revisions"}],"predecessor-version":[{"id":6404,"href":"https:\/\/tvbrazilusa.com\/pt\/wp-json\/wp\/v2\/posts\/6402\/revisions\/6404"}],"wp:featuredmedia":[{"embeddable":true,"href":"https:\/\/tvbrazilusa.com\/pt\/wp-json\/wp\/v2\/media\/6403"}],"wp:attachment":[{"href":"https:\/\/tvbrazilusa.com\/pt\/wp-json\/wp\/v2\/media?parent=6402"}],"wp:term":[{"taxonomy":"category","embeddable":true,"href":"https:\/\/tvbrazilusa.com\/pt\/wp-json\/wp\/v2\/categories?post=6402"},{"taxonomy":"post_tag","embeddable":true,"href":"https:\/\/tvbrazilusa.com\/pt\/wp-json\/wp\/v2\/tags?post=6402"}],"curies":[{"name":"wp","href":"https:\/\/api.w.org\/{rel}","templated":true}]}}